{"id":631220,"date":"2025-12-31T03:13:14","date_gmt":"2025-12-31T03:13:14","guid":{"rendered":"https:\/\/www.europesays.com\/fr\/631220\/"},"modified":"2025-12-31T03:13:14","modified_gmt":"2025-12-31T03:13:14","slug":"le-jour-ou-lactrice-a-eu-un-accident-davion-en-tournant-un-film-en-seine-et-marne","status":"publish","type":"post","link":"https:\/\/www.europesays.com\/fr\/631220\/","title":{"rendered":"le jour o\u00f9 l&rsquo;actrice a eu un accident d&rsquo;avion en tournant un film en Seine-et-Marne"},"content":{"rendered":"<p>                    Par<br \/>\n        <strong><br \/>\n            <a href=\"https:\/\/actu.fr\/auteur\/l-bourven\" title=\"Consulter tous les articles de Laura Bourven\" target=\"_blank\" rel=\"noopener\">Laura Bourven<\/a><br \/>\n                    <\/strong><\/p>\n<p>        Publi\u00e9 le<\/p>\n<p>            30 d\u00e9c. 2025 \u00e0 20h46        <\/p>\n<p><a href=\"https:\/\/actu.fr\/loisirs-culture\/brigitte-bardot-icone-du-cinema-francais-et-figure-de-defense-des-animaux-est-morte_35287571.html\" target=\"_blank\" rel=\"noopener\">Brigitte Bardot, dite B.B., s\u2019est \u00e9teinte, dimanche 28 d\u00e9cembre 2025, \u00e0 l\u2019\u00e2ge de 91 ans<\/a>. L\u2019actrice, v\u00e9ritable icone d\u00e8s les ann\u00e9es 50, laisse derri\u00e8re elle une filmographie importante o\u00f9 se c\u00f4toient des chefs d\u2019\u0153uvre du 7\u00e8me art et des com\u00e9dies plus l\u00e9g\u00e8res tout autant appr\u00e9ci\u00e9es du grand public. Parmi ces com\u00e9dies : <b>Babette s\u2019en va-t-en en guerre<\/b>. Mais saviez-vous que ce film, r\u00e9alis\u00e9 par Christian Jacque, avait \u00e9t\u00e9 en partie tourn\u00e9 en <a href=\"https:\/\/actu.fr\/ile-de-france\/seine-et-marne_77\" target=\"_blank\" rel=\"noopener\">Seine-et-Marne<\/a>, et plus particuli\u00e8rement sur<b> l\u2019a\u00e9rodrome de Meaux-Esbly<\/b> ?\u00a0<\/p>\n<p>L\u2019a\u00e9rodrome transform\u00e9 en terrain de guerre\u00a0<\/p>\n<p class=\" wall-content\">Ce long m\u00e9trage, sorti dans les salles obscures en 1959, plonge le spectacle en 1940, pendant la Seconde Guerre Mondiale. Babette, interpr\u00e9t\u00e9e par Brigitte Bardot, y incarne une jeune provinciale fran\u00e7aise venue \u00e0 Londres pour travailler comme femme de m\u00e9nage. Elle sera finalement <b>embauch\u00e9e comme espionne,<\/b> charg\u00e9e de r\u00e9colter des informations sur la Gestapo et enlever le responsable allemand du d\u00e9barquement en Angleterre, le g\u00e9n\u00e9ral von Arenberg.<\/p>\n<blockquote class=\"ac-article-quote wall-content\">\n<p>J\u2019ai voulu, pour la premi\u00e8re fois, montrer Brigitte Bardot aux moins de seize ans. Prouver, enfin, que son talent ne r\u00e9sidait pas seulement dans sa ravissante plastique, mais qu\u2019elle \u00e9tait aussi capable de jouer la com\u00e9die.<\/p>\n<p>Christian Jacque, r\u00e9alisateur, dans une interview pour T\u00e9l\u00e9 7 Jours, en f\u00e9vrier 1967<\/p><\/blockquote>\n<p class=\" wall-content\">Si l\u2019histoire se passe en Angleterre, faute de budget, le film a bien \u00e9t\u00e9 tourn\u00e9 en France. Et le metteur en sc\u00e8ne a eu un coup de c\u0153ur pour l\u2019a\u00e9rodrome situ\u00e9 \u00e0 Isles-l\u00e8s-Villenoy. Le tournage de quelques sc\u00e8nes \u00e0 Meaux-Esbly s\u2019est d\u00e9roul\u00e9 \u00e0 partir du lundi 16 mars 1959. \u00ab\u00a0Un petit coucou de couleur kaki atterrit sur le petit terrain d\u2019Isles-l\u00e8s-Villenoy : une jolie femme en sort rapidement et l\u2019avion repart comme il \u00e9tait venu. [\u2026] Toute la distribution \u00e9tait l\u00e0\u00a0\u00bb \u00e9crit notre journal La Marne du 19 mars 1959, qui consacrait un article au tournage en pr\u00e9sence de Brigitte Bardot, et de Jacques Charrier, qui partageait l\u2019affiche avec B.B.<\/p>\n<p class=\" wall-content\">\u00ab\u00a0Nous ne saurions anticiper sur le succ\u00e8s de ce film mais il semble que le th\u00e8me en soit int\u00e9ressant, et puis, et puis, il y a B.B\u2026 alors !\u00a0\u00bb s\u2019enflammait alors notre journaliste.<\/p>\n<p>Vid\u00e9os : en ce moment sur ActuBrigitte Bardot victime d\u2019un accident dans un avion<\/p>\n<p class=\" wall-content\">Mais le tournage n\u2019a pas \u00e9t\u00e9 de tout repos. En effet, les sc\u00e8nes de vol \u00ab\u00a0en temps de guerre\u00a0\u00bb comportent parfois des risques, et Brigitte Bardot et Jacques Charrier en ont fait les frais. <b>Deux accidents<\/b>, sans gravit\u00e9 heureusement, se sont produit sur l\u2019a\u00e9rodrome de Meaux-Esbly. Lors de l\u2019enregistrement d\u2019une sc\u00e8ne, l\u2019appareil dans lequel les deux t\u00eates d\u2019affiche \u00e9taient mont\u00e9 a <b>accroch\u00e9 une palissade en ciment <\/b>avec son aile.<\/p>\n<p>Votre r\u00e9gion, votre actu !<\/p>\n<p>Recevez chaque jour les infos qui comptent pour vous.<\/p>\n<p>\t<a href=\"https:\/\/actu.fr\/newsletter\" class=\"ac-btn ac-btn--corner ac-btn--medium ac-btn--blue800\" target=\"_blank\" rel=\"noopener\">S&rsquo;incrire<\/a><\/p>\n<p>    <img   decoding=\"async\" loading=\"lazy\" class=\"size-large\" src=\"https:\/\/www.europesays.com\/fr\/wp-content\/uploads\/2025\/12\/256a656504596296a65650459fc6a6v-960x640.jpeg\" alt=\"L'avion a \u00e9t\u00e9 fortement endommag\u00e9 apr\u00e8s l'accident.\" width=\"960\" height=\"640\"\/><br \/>\n    L\u2019avion a \u00e9t\u00e9 fortement endommag\u00e9 apr\u00e8s l\u2019accident. \u00a9Archives La Marne<\/p>\n<p class=\" wall-content\">Le pilote a frein\u00e9 et g\u00e9rer l\u2019atterrissage sans faire de bless\u00e9s, mais l\u2019avion a \u00e9t\u00e9 bien endommag\u00e9. \u00ab\u00a0Tr\u00e8s heureusement le pilote freina et l\u2019on constata les d\u00e9g\u00e2ts : une h\u00e9lice tordue, l\u2019aile en piteux \u00e9tat et Brigitte Bardot tr\u00e8s p\u00e2le, qui supporta pourtant l\u2019aventure avec beaucoup de cran\u00a0\u00bb, \u00e9tait-il relay\u00e9 dans la presse locale.\u00a0<\/p>\n<p>    <img   decoding=\"async\" loading=\"lazy\" class=\"size-large\" src=\"https:\/\/www.europesays.com\/fr\/wp-content\/uploads\/2025\/12\/8a3e7bb5045967e3e7bb50459324e7v-960x640.jpeg\" alt=\"Brigitte Bardot n'a pas \u00e9t\u00e9 bless\u00e9e lors de l'accident.\" width=\"960\" height=\"640\"\/><br \/>\n    Brigitte Bardot n\u2019a pas \u00e9t\u00e9 bless\u00e9e lors de l\u2019accident. \u00a9Archives La Marne<\/p>\n<p class=\" wall-content\">Le lendemain, un avion a <b>heurt\u00e9 un tas de bois<\/b>. Malgr\u00e9 ses accidents, le tournage du film a pu se poursuivre.<\/p>\n<p class=\" wall-content\">Personnalisez votre actualit\u00e9 en ajoutant vos villes et m\u00e9dias en favori avec <a href=\"https:\/\/moncompte.actu.fr\" title=\"D\u00e9couvez Mon Actu\" rel=\"nofollow noopener\" data-trk=\"{&quot;cta&quot;:{&quot;action&quot;:&quot;https:\\\/\\\/moncompte.actu.fr&quot;,&quot;category&quot;:&quot;mon compte&quot;,&quot;from&quot;:&quot;article footer&quot;,&quot;name&quot;:&quot;Mon actu&quot;,&quot;type&quot;:&quot;cta&quot;}}\" target=\"_blank\">Mon Actu<\/a>.<\/p>\n","protected":false},"excerpt":{"rendered":"Par Laura Bourven Publi\u00e9 le 30 d\u00e9c. 2025 \u00e0 20h46 Brigitte Bardot, dite B.B., s\u2019est \u00e9teinte, dimanche 28&hellip;\n","protected":false},"author":2,"featured_media":631221,"comment_status":"","ping_status":"","sticky":false,"template":"","format":"standard","meta":{"footnotes":""},"categories":[1586],"tags":[119,11,650,1777,674,1779,1011,27,1652,12,25,1778,364],"class_list":{"0":"post-631220","1":"post","2":"type-post","3":"status-publish","4":"format-standard","5":"has-post-thumbnail","7":"category-europe","8":"tag-accident","9":"tag-actualites","10":"tag-cinema","11":"tag-eu","12":"tag-europe","13":"tag-european-union","14":"tag-fr","15":"tag-france","16":"tag-loisirs-culture","17":"tag-news","18":"tag-republique-francaise","19":"tag-ue","20":"tag-union-europeenne"},"share_on_mastodon":{"url":"https:\/\/pubeurope.com\/@fr\/115812001730783817","error":""},"_links":{"self":[{"href":"https:\/\/www.europesays.com\/fr\/wp-json\/wp\/v2\/posts\/631220","targetHints":{"allow":["GET"]}}],"collection":[{"href":"https:\/\/www.europesays.com\/fr\/wp-json\/wp\/v2\/posts"}],"about":[{"href":"https:\/\/www.europesays.com\/fr\/wp-json\/wp\/v2\/types\/post"}],"author":[{"embeddable":true,"href":"https:\/\/www.europesays.com\/fr\/wp-json\/wp\/v2\/users\/2"}],"replies":[{"embeddable":true,"href":"https:\/\/www.europesays.com\/fr\/wp-json\/wp\/v2\/comments?post=631220"}],"version-history":[{"count":0,"href":"https:\/\/www.europesays.com\/fr\/wp-json\/wp\/v2\/posts\/631220\/revisions"}],"wp:featuredmedia":[{"embeddable":true,"href":"https:\/\/www.europesays.com\/fr\/wp-json\/wp\/v2\/media\/631221"}],"wp:attachment":[{"href":"https:\/\/www.europesays.com\/fr\/wp-json\/wp\/v2\/media?parent=631220"}],"wp:term":[{"taxonomy":"category","embeddable":true,"href":"https:\/\/www.europesays.com\/fr\/wp-json\/wp\/v2\/categories?post=631220"},{"taxonomy":"post_tag","embeddable":true,"href":"https:\/\/www.europesays.com\/fr\/wp-json\/wp\/v2\/tags?post=631220"}],"curies":[{"name":"wp","href":"https:\/\/api.w.org\/{rel}","templated":true}]}}