{"id":631232,"date":"2025-12-31T03:20:21","date_gmt":"2025-12-31T03:20:21","guid":{"rendered":"https:\/\/www.europesays.com\/fr\/631232\/"},"modified":"2025-12-31T03:20:21","modified_gmt":"2025-12-31T03:20:21","slug":"darderi-affiche-ses-ambitions","status":"publish","type":"post","link":"https:\/\/www.europesays.com\/fr\/631232\/","title":{"rendered":"Darderi affiche ses ambitions"},"content":{"rendered":"<p><strong>26e au classement ATP \u00e0 la fin de<br \/>\nl&rsquo;ann\u00e9e 2025, l&rsquo;Italien Luciano Darderi nourrit de belles ambitions<br \/>\n\u00e0 tout juste 23 ans.<\/strong><\/p>\n<p>Il sera sans doute l\u2019un des joueurs \u00e0 surveiller sur le circuit<br \/>\nATP lors de cette nouvelle saison. Luciano Darderi, 26e mondial,<br \/>\nest actuellement le quatri\u00e8me joueur italien derri\u00e8re Jannik Sinner<br \/>\n(2e), Lorenzo Musetti (8e) et Flavio Cobolli (22e). Avec 23 ans de<br \/>\nmoyenne d\u2019\u00e2ge \u00e0 eux quatre, ils repr\u00e9sentent tout naturellement<br \/>\nl\u2019avenir du tennis italien, qui explose ces derni\u00e8res ann\u00e9es. A<br \/>\nl\u2019image du titre remport\u00e9 cette saison en Coupe Davis, la nation a<br \/>\ntout l\u2019avenir devant elle.<\/p>\n<p>Sans pr\u00e9tention, Darderi estime que l\u2019Italie est une place forte<br \/>\ndu tennis mondial et peut d\u2019ici quelques ann\u00e9es s\u2019imposer comme un<br \/>\nincontournable. Dans les colonnes de Tuttosport, il \u00e9voque ce<br \/>\nd\u00e9veloppement. \u00ab L\u2019Italie est une nation qui peut aspirer \u00e0 dix ans<br \/>\nde domination absolue. Le tennis conna\u00eet un v\u00e9ritable essor en<br \/>\nItalie et dans le monde entier. Notre sport et ses figures<br \/>\nembl\u00e9matiques b\u00e9n\u00e9ficient d\u2019une visibilit\u00e9 exceptionnelle. \u00bb<\/p>\n<p>Darderi affiche ses ambitions<\/p>\n<p>Sur le plan personnel, Luciano Darderi sort d\u2019une belle saison,<br \/>\nla meilleure de sa carri\u00e8re. Avec une 25e place \u00e0 l\u2019ATP, l\u2019Italien<br \/>\nprouve que les efforts payent enfin. Vainqueur de trois tournois<br \/>\nATP 250 cette saison, tous sur terre battue \u2013 Umag (Croatie),<br \/>\nBastad (Su\u00e8de) Marrakech (Maroc) \u2013 Darderi veut continuer sur sa<br \/>\nlanc\u00e9e et pourquoi pas r\u00eaver d\u2019un top 10 \u00e0 l\u2019avenir. \u00ab Mon objectif<br \/>\nest de toujours progresser. J\u2019esp\u00e8re figurer parmi les dix<br \/>\nmeilleurs joueurs mondiaux. Faire partie du Top 10 repr\u00e9sente<br \/>\ntoujours une belle performance et un accomplissement majeur. Je<br \/>\ntravaille chaque jour pour y parvenir, tant \u00e0 l\u2019entra\u00eenement qu\u2019en<br \/>\nparticipant aux diff\u00e9rents tournois du circuit. \u00bb<\/p>\n<p>Des ambitions affich\u00e9es qui devront se concr\u00e9tiser sur le<br \/>\nterrain. Malgr\u00e9 ses belles performances, l\u2019Italien est \u00e0 la peine<br \/>\nen Grand Chelem \u2013 un abandon \u00e0 l\u2019Open d\u2019Australie et un troisi\u00e8me<br \/>\ntour comme meilleure performance la saison pass\u00e9e \u2013 et n\u2019arrive pas<br \/>\nencore \u00e0 trouver le rythme lors des Masters 1000. Encore pr\u00e9sent<br \/>\nsur le circuit Challenger pour retrouver la confiance, Darderi<br \/>\navait termin\u00e9 la saison 2025 par quatre d\u00e9faites au premier tour<br \/>\n(Almaty, Vienne, Paris, Ath\u00e8nes). Mais la motivation est pr\u00e9sente.<br \/>\nPas de quoi inqui\u00e9ter l\u2019italo-argentin, n\u00e9 sur les terres de Juan<br \/>\nMartin del Potro.<\/p>\n","protected":false},"excerpt":{"rendered":"26e au classement ATP \u00e0 la fin de l&rsquo;ann\u00e9e 2025, l&rsquo;Italien Luciano Darderi nourrit de belles ambitions \u00e0&hellip;\n","protected":false},"author":2,"featured_media":631233,"comment_status":"","ping_status":"","sticky":false,"template":"","format":"standard","meta":{"footnotes":""},"categories":[1415],"tags":[4169,1011,27,2295,57681,60,1467],"class_list":{"0":"post-631232","1":"post","2":"type-post","3":"status-publish","4":"format-standard","5":"has-post-thumbnail","7":"category-tennis","8":"tag-atp","9":"tag-fr","10":"tag-france","11":"tag-luciano-darderi","12":"tag-sport365-fr","13":"tag-sports","14":"tag-tennis"},"share_on_mastodon":{"url":"https:\/\/pubeurope.com\/@fr\/115812029057571299","error":""},"_links":{"self":[{"href":"https:\/\/www.europesays.com\/fr\/wp-json\/wp\/v2\/posts\/631232","targetHints":{"allow":["GET"]}}],"collection":[{"href":"https:\/\/www.europesays.com\/fr\/wp-json\/wp\/v2\/posts"}],"about":[{"href":"https:\/\/www.europesays.com\/fr\/wp-json\/wp\/v2\/types\/post"}],"author":[{"embeddable":true,"href":"https:\/\/www.europesays.com\/fr\/wp-json\/wp\/v2\/users\/2"}],"replies":[{"embeddable":true,"href":"https:\/\/www.europesays.com\/fr\/wp-json\/wp\/v2\/comments?post=631232"}],"version-history":[{"count":0,"href":"https:\/\/www.europesays.com\/fr\/wp-json\/wp\/v2\/posts\/631232\/revisions"}],"wp:featuredmedia":[{"embeddable":true,"href":"https:\/\/www.europesays.com\/fr\/wp-json\/wp\/v2\/media\/631233"}],"wp:attachment":[{"href":"https:\/\/www.europesays.com\/fr\/wp-json\/wp\/v2\/media?parent=631232"}],"wp:term":[{"taxonomy":"category","embeddable":true,"href":"https:\/\/www.europesays.com\/fr\/wp-json\/wp\/v2\/categories?post=631232"},{"taxonomy":"post_tag","embeddable":true,"href":"https:\/\/www.europesays.com\/fr\/wp-json\/wp\/v2\/tags?post=631232"}],"curies":[{"name":"wp","href":"https:\/\/api.w.org\/{rel}","templated":true}]}}