{"id":631234,"date":"2025-12-31T03:24:13","date_gmt":"2025-12-31T03:24:13","guid":{"rendered":"https:\/\/www.europesays.com\/fr\/631234\/"},"modified":"2025-12-31T03:24:13","modified_gmt":"2025-12-31T03:24:13","slug":"challenge-dv-les-espoirs-ont-fait-fort-actualite","status":"publish","type":"post","link":"https:\/\/www.europesays.com\/fr\/631234\/","title":{"rendered":"Challenge DV : Les Espoirs ont fait fort &#8211; Actualit\u00e9"},"content":{"rendered":"<p>Derri\u00e8re Louis Hardouin et Matthew Fox, Victor Loulergue compl\u00e8te le podium du Challenge DV Amateur. Mais la saison du soci\u00e9taire de la Conti F\u00e9d\u00e9rale Bourg-en-Bresse Ain Cyclisme ne s&rsquo;arr\u00eate pas l\u00e0. Il termine aussi meilleur Espoir du Challenge DirectVelo et deuxi\u00e8me du classement Espoir Continental.<\/p>\n<p>Le coureur de 21 ans \u00a0compte sept victoires individuelles cette saison dont un classement g\u00e9n\u00e9ral, le Tour de C\u00f4te d&rsquo;Or, et un succ\u00e8s international avec la premi\u00e8re \u00e9tape de la Course de la Paix. Ce jour-l\u00e0, il a transform\u00e9 le maillot bleu de l&rsquo;\u00e9quipe de France en maillot jaune de leader. Victor Loulergue a collect\u00e9 d&rsquo;autres points au niveau UCI \u00e0 la Ronde de l&rsquo;Isard (2e de la premi\u00e8re \u00e9tape) ou encore au Kreiz Breizh Elites (4e du g\u00e9n\u00e9ral et 2e de la premi\u00e8re \u00e9tape). Sous le maillot de l&rsquo;\u00e9quipe de France, il termine 7e du Championnat du Monde puis 6e du Championnat d&rsquo;Europe.<\/p>\n<p><strong>LA FINALE \u00c0 PARIS-TOURS<\/strong><\/p>\n<p>Le stagiaire de la Groupama-FDJ a marqu\u00e9 ses derniers points lors de Paris-Tours Espoirs. Cette course 1.2U devient m\u00eame la lutte finale pour la premi\u00e8re place du classement Espoir Continental entre lui et Maxime Decomble.\u00a0<\/p>\n<p>Le repr\u00e9sentant de la Groupama-FDJ Continental y cueille son seul bouquet en forme d&rsquo;apoth\u00e9ose de sa saison. D\u00e8s le mois de f\u00e9vrier, avec l&rsquo;\u00e9quipe pro de Groupama-FDJ, il termine 5e du contre-la-montre de l&rsquo;Etoile de Bess\u00e8ges sur les hauteurs d&rsquo;Al\u00e8s puis 3e de celui du Gran Camino. Il poursuit son chemin avec la 4e place de Li\u00e8ge-Bastogne-Li\u00e8ge Espoirs, la 2e de l&rsquo;Alpes Is\u00e8re Tour, le maillot jaune du Tour de l&rsquo;Avenir (5e), la m\u00e9daille de bronze du Championnat du Monde Espoirs contre-la-montre et celle d&rsquo;argent de la course en ligne du Championnat d&rsquo;Europe. Au final, Maxime Decomble s&rsquo;assure 68 points d&rsquo;avance sur Victor Loulergue et 395 sur Aubin Sparfel, vainqueur du Tour du Finist\u00e8re face aux pros.<\/p>\n<p><strong>LE VC PAYS DE LOUD\u00c9AC DOMINE CHEZ LES 19 ANS<\/strong><\/p>\n<p>Un club domine le classement des 19 ans du Challenge DV Amateur. Le VC Pays de Loud\u00e9ac ne se contente pas de le remporter gr\u00e2ce \u00e0 Maxime Vezie. Le club de N1 signe le doubl\u00e9 avec Kylian Breton et place un troisi\u00e8me coureur dans le Top 5 avec Antoine Basset (4e). Maxime Vezie a remport\u00e9 une belle classique bretonne, le Circuit des 2 Provinces au Pertre, une \u00e9tape d&rsquo;une course Elite Nationale, l&rsquo;Estivale Bretonne et s&rsquo;est aussi distingu\u00e9 en Coupe de France avec la 4e place de la Classique Puisaye-Forterre.<\/p>\n<p>Le dernier doubl\u00e9 d&rsquo;un club remonte \u00e0 2021 avec Bastien Tronchon et Jordan Labrosse d&rsquo;AG2R Citro\u00ebn U23 Team, le nouveau nom du Chamb\u00e9ry CF qui avait d\u00e9j\u00e0 sign\u00e9 le doubl\u00e9 en 2015 avec Aur\u00e9lien Paret-Peintre et R\u00e9my Rochas. En 2013, le Vend\u00e9e U avait \u00e9t\u00e9 le premier \u00e0 r\u00e9ussir cette performance avec Thomas Boudat et Fabien Grellier. Le VC Pays de Loud\u00e9ac rejoint ainsi deux grands clubs formateurs.<\/p>\n<p>Suivez les classements du Challenge DV Amateur <a href=\"https:\/\/www.directvelo.com\/challenge\/2025\/10\" target=\"_blank\" rel=\"noopener\"><strong>en cliquant ici<\/strong><\/a>.<\/p>\n<p><strong>Classement Espoir du Challenge DV<\/strong><\/p>\n<p><strong>Classement Espoir Continental du Challenge DV<\/strong><\/p>\n<p><strong>Classement des 19 ans du Challenge DV<br \/><\/strong><\/p>\n<p><strong>Palmar\u00e8s Espoir du Challenge DV Amateur<\/strong><br \/>2013 : Alexis Gougeard (USSA Pavilly Barentin) 1307 pts<br \/>2014 : Marc Sarreau (Arm\u00e9e de Terre) 1170 pts<br \/>2015 : Guillaume Martin (CC Etupes) 1028 pts<br \/>2016 : David Gaudu (C\u00f4tes d&rsquo;Armor-Marie Morin) 1493 pts<br \/>2017 : Cl\u00e9ment Russo (Team Probikeshop Saint-Etienne Loire) 1149 pts<br \/>2018 : Jaakko Hanninen (EC Saint-Eitenne Loire) 1108 pts<br \/>2019 : Cl\u00e9ment Champoussin (Chamb\u00e9ry CF) 1361 pts<br \/>2020 : Jason Tesson (Sojasun espoir-ACNC) 579 pts<br \/>2021 : Mathis Le Berre (C\u00f4tes d&rsquo;Armor-Marie Morin-U 22) 937 pts<br \/>2022 : Mathis Le Berre (C\u00f4tes d&rsquo;Armor-Marie Morin-U 22) 1342 pts<br \/>2023 : Pierre Thierry (Morbihan Fybolia GOA) 1598 pts<br \/>2024 : Cl\u00e9ment Izquierdo (AVC Aix-en-Provence) 991 pts<br \/>2025 : Victor Loulergue (Bourg-en-Bresse Ain Cyclisme) 1328 pts<\/p>\n","protected":false},"excerpt":{"rendered":"Derri\u00e8re Louis Hardouin et Matthew Fox, Victor Loulergue compl\u00e8te le podium du Challenge DV Amateur. Mais la saison&hellip;\n","protected":false},"author":2,"featured_media":631235,"comment_status":"","ping_status":"","sticky":false,"template":"","format":"standard","meta":{"footnotes":""},"categories":[1411],"tags":[834,828,836,829,837,827,83,826,824,823,1154,207,814,817,815,816,822,821,832,211,839,1011,27,820,818,819,835,831,830,833,838,60,212,208,825],"class_list":{"0":"post-631234","1":"post","2":"type-post","3":"status-publish","4":"format-standard","5":"has-post-thumbnail","7":"category-cyclisme","8":"tag-attaque","9":"tag-belgique","10":"tag-braquet","11":"tag-bretagne","12":"tag-chute","13":"tag-competition","14":"tag-coupe-de-france","15":"tag-coureur","16":"tag-course-cyclisme","17":"tag-course-cycliste","18":"tag-cycling","19":"tag-cyclisme","20":"tag-direct","21":"tag-direct-velo","22":"tag-directvelo","23":"tag-directvelo-com","24":"tag-epreuve","25":"tag-epreuve-cycliste","26":"tag-federation-francaise-de-cyclisme","27":"tag-ffc","28":"tag-flandres","29":"tag-fr","30":"tag-france","31":"tag-live","32":"tag-live-course","33":"tag-live-epreuve","34":"tag-peloton","35":"tag-radio-peloton","36":"tag-radio-tour","37":"tag-ravitaillement","38":"tag-relance","39":"tag-sports","40":"tag-uci","41":"tag-velo","42":"tag-velos"},"share_on_mastodon":{"url":"https:\/\/pubeurope.com\/@fr\/115812044855067462","error":""},"_links":{"self":[{"href":"https:\/\/www.europesays.com\/fr\/wp-json\/wp\/v2\/posts\/631234","targetHints":{"allow":["GET"]}}],"collection":[{"href":"https:\/\/www.europesays.com\/fr\/wp-json\/wp\/v2\/posts"}],"about":[{"href":"https:\/\/www.europesays.com\/fr\/wp-json\/wp\/v2\/types\/post"}],"author":[{"embeddable":true,"href":"https:\/\/www.europesays.com\/fr\/wp-json\/wp\/v2\/users\/2"}],"replies":[{"embeddable":true,"href":"https:\/\/www.europesays.com\/fr\/wp-json\/wp\/v2\/comments?post=631234"}],"version-history":[{"count":0,"href":"https:\/\/www.europesays.com\/fr\/wp-json\/wp\/v2\/posts\/631234\/revisions"}],"wp:featuredmedia":[{"embeddable":true,"href":"https:\/\/www.europesays.com\/fr\/wp-json\/wp\/v2\/media\/631235"}],"wp:attachment":[{"href":"https:\/\/www.europesays.com\/fr\/wp-json\/wp\/v2\/media?parent=631234"}],"wp:term":[{"taxonomy":"category","embeddable":true,"href":"https:\/\/www.europesays.com\/fr\/wp-json\/wp\/v2\/categories?post=631234"},{"taxonomy":"post_tag","embeddable":true,"href":"https:\/\/www.europesays.com\/fr\/wp-json\/wp\/v2\/tags?post=631234"}],"curies":[{"name":"wp","href":"https:\/\/api.w.org\/{rel}","templated":true}]}}