{"id":631238,"date":"2025-12-31T03:26:10","date_gmt":"2025-12-31T03:26:10","guid":{"rendered":"https:\/\/www.europesays.com\/fr\/631238\/"},"modified":"2025-12-31T03:26:10","modified_gmt":"2025-12-31T03:26:10","slug":"il-ma-bouffee-il-ma-detruite-son-ex-line-papin-regle-ses-comptes","status":"publish","type":"post","link":"https:\/\/www.europesays.com\/fr\/631238\/","title":{"rendered":"\u00ab\u00a0Il m&rsquo;a bouff\u00e9e, il m&rsquo;a d\u00e9truite\u2026\u00a0\u00bb, son ex Line Papin r\u00e8gle ses comptes"},"content":{"rendered":"<p>Par <a class=\"author_recette\" id=\"author_name\" href=\"https:\/\/www.nextplz.fr\/auteur\/noelle-binet\" target=\"_blank\" rel=\"noopener\">No\u00eblle<br \/>\nBinet<\/a> &#8211;<br \/>\nPubli\u00e9 le 30 D\u00e9c 2025 \u00e0<br \/>\n22:00<\/p>\n<p class=\"article-intro excerpt\">Avant de partager la vie d\u2019Adriana<br \/>\nKarembeu, Marc Lavoine a \u00e9t\u00e9 mari\u00e9 \u00e0 la romanci\u00e8re Line Papin. Dans<br \/>\nson poignant ouvrage \u00ab\u00a0Apr\u00e8s l\u2019amour\u00a0\u00bb, elle se livre sur<br \/>\nla douleur immense de leur s\u00e9paration\u2026<\/p>\n<p>Une nouvelle bougie de souffl\u00e9e pour la romanci\u00e8re Line Papin !<br \/>\nCe mercredi 30 d\u00e9cembre 2025, l\u00a0\u00bbint\u00e9ress\u00e9e f\u00eate son 30\u1d49<br \/>\nanniversaire. Un nouveau cap franchi pour l&rsquo;\u00e9crivaine<br \/>\nfranco-vietnamienne. Passionn\u00e9e de litt\u00e9rature depuis son plus<br \/>\njeune \u00e2ge, Line Papin a marqu\u00e9 les esprits il y a plus de dix ans<br \/>\navec son premier ouvrage intitul\u00e9 L\u2019\u00c9veil.<\/p>\n<p>Line Papin : retour sur son histoire d&rsquo;amour avec le chanteur Marc<br \/>\nLavoine<\/p>\n<p>Ayant rencontr\u00e9 un franc succ\u00e8s avec ses \u00e9crits, l&rsquo;int\u00e9ress\u00e9e en<br \/>\ns\u00e9duira plus d&rsquo;un avec d&rsquo;autres projets litt\u00e9raires \u00e0 l&rsquo;instar de<br \/>\nToni, Les Os des filles ou encore Une<br \/>\nvague. Mais ces derni\u00e8res ann\u00e9es, c&rsquo;est aussi sa vie priv\u00e9e<br \/>\nqui a eu le m\u00e9rite de captiver la presse hexagonale. Et pour cause,<br \/>\ncelle qui est tomb\u00e9e dans l&rsquo;anorexie \u00e0 l&rsquo;adolescence a partag\u00e9 la<br \/>\nvie <a href=\"https:\/\/www.nextplz.fr\/personnalite\/marc-lavoine\/\" target=\"_blank\" rel=\"noopener\">du<br \/>\nchanteur Marc Lavoine<\/a>, de 33 ans son a\u00een\u00e9. C&rsquo;est en 2016, dans<br \/>\nles locaux de France Inter, que l&rsquo;interpr\u00e8te de J&rsquo;ai tout<br \/>\noubli\u00e9 a crois\u00e9 sa route.<\/p>\n<p>Une rupture<br \/>\nsoudaine qui a surpris les m\u00e9dias<\/p>\n<p>\u00c0 l&rsquo;\u00e9poque, Marc Lavoine se remettait tout juste de <a href=\"https:\/\/www.nextplz.fr\/people\/434519-marc-lavoine-divorce-trois-fois-se-confient-sur-ses-exs-je-reste-tres-dependant-de-ca\" target=\"_blank\" rel=\"noopener\"><br \/>\nsa s\u00e9paration avec Sarah Poniatowski<\/a>, la m\u00e8re de ses trois plus<br \/>\njeunes enfants : Yasmine (1998), Roman (2007), et Milo (2010). De<br \/>\nson ancienne relation avec l&rsquo;ex-mannequin Denise Pascale, la star<br \/>\nde la chanson fran\u00e7aise a aussi en 1986 eu un autre fils pr\u00e9nomm\u00e9<br \/>\nSimon. Fous amoureux l&rsquo;un de l&rsquo;autre, Line Papin et Marc Lavoine<br \/>\ns&rsquo;uniront pour le meilleur et pour le pire en juillet 2020 \u00e0 la<br \/>\nmairie du V\u1d49 arrondissement de Paris. Mais contre toute attente,<br \/>\nles ex-tourtereaux se s\u00e9pareront deux ans plus tard. Pour rappel,<br \/>\nle tandem s\u2019est plusieurs fois exprim\u00e9 \u00e0 mi-mots sur leur divorce,<br \/>\ntant dans la presse ou via leur art.<\/p>\n<p>Secou\u00e9e par son divorce avec le chanteur, la romanci\u00e8re vide son<br \/>\nsac<\/p>\n<p>Dans la foul\u00e9e, Line Papin a d\u00e9voil\u00e9 un poignant recueil de<br \/>\npo\u00e8mes intitul\u00e9 Apr\u00e8s l&rsquo;amour dans lequel elle exprime sa<br \/>\ndouleur\u2026 Tout en prenant soin de ne pas citer le nom de son ex-mari<br \/>\nqui a depuis refait <a href=\"https:\/\/www.nextplz.fr\/personnalite\/adriana-karembeu\/\" target=\"_blank\" rel=\"noopener\">sa vie avec<br \/>\nAdriana Karembeu.<\/a> Comme l&rsquo;ont notifi\u00e9 nos confr\u00e8res Paris<br \/>\nMatch, l&rsquo;homme tant aim\u00e9 est uniquement surnomm\u00e9<br \/>\n\u00ab\u00a0lui\u00a0\u00bb, \u00ab\u00a0mon ancien mari\u00a0\u00bb ou encore \u00ab\u00a0mon<br \/>\namour\u00a0\u00bb. \u00ab\u00a0Ce livre n\u2019est pas un journal intime, je ne<br \/>\nraconte pas ma rupture, mais le cheminement du deuil explor\u00e9 sur<br \/>\nune ann\u00e9e. L\u2019\u00e9criture m\u2019a permis de sculpter mon chagrin\u00a0\u00bb,<br \/>\navait pr\u00e9cis\u00e9 la trentenaire \u00e0 l&rsquo;hebdomadaire. Faisant part de ses<br \/>\nsentiments, Line Papin s&rsquo;est litt\u00e9ralement mise \u00e0 nu.<\/p>\n<p>\u00ab\u00a0Il a fait de moi l&rsquo;objet<br \/>\nde son d\u00e9sir&#8230;\u00a0\u00bb<\/p>\n<p>\u00ab\u00a0Autrefois, j&rsquo;ai aim\u00e9 un homme mais il m&rsquo;a bouff\u00e9e, il m&rsquo;a<br \/>\nd\u00e9truite, il a fait de moi l&rsquo;objet de son d\u00e9sir. L&rsquo;objet de son<br \/>\nd\u00e9sir, oui, je n&rsquo;\u00e9tais plus un \u00eatre, simplement un objet\u00a0\u00bb, a<br \/>\nsoulign\u00e9 l&rsquo;artiste, particuli\u00e8rement marqu\u00e9e par cet \u00e9pisode.<br \/>\nD&rsquo;apr\u00e8s <a href=\"https:\/\/www.purepeople.com\/article\/-trois-mots-desesperes-line-papin-ignoree-pendant-six-mois-d-enfer-ses-messages-jamais-lus-par-marc-lavoine_a508432\/1\" target=\"_blank\" rel=\"noreferrer noopener nofollow\">nos confr\u00e8res de<br \/>\nPurepeople<\/a>, qui ont rep\u00e9r\u00e9 un autre passage marquant,<br \/>\nLine Papin \u2014 en pleine tourmente \u2014 aurait tent\u00e9 de joindre son<br \/>\nex-amant qui n&rsquo;aurait pas d\u00e9daign\u00e9 lui r\u00e9pondre : \u00ab\u00a0Mes messages<br \/>\nsont d\u00e9livr\u00e9s, jamais lus ou alors ils sont lus, mais tu n&rsquo;as<br \/>\njamais r\u00e9pondu\u00a0\u00bb. Au plus mal, c&rsquo;est visiblement via l&rsquo;\u00e9criture<br \/>\nque Line Papin a pu exorciser son chagrin et ses tourments<br \/>\npass\u00e9s.<\/p>\n<p>La fin de leur<br \/>\npassion \u00e9voqu\u00e9e sans filtre<\/p>\n<p>\u00ab\u00a0J&rsquo;ai eu trop mal autrefois. Mon corps est marqu\u00e9 par les<br \/>\ncicatrices, ma chair dit la douleur. Rien ne s&rsquo;efface, ni les<br \/>\nstigmates sur ma peau ni les griffures dans ma m\u00e9moire. J&rsquo;ai eu<br \/>\nmal, et ce mal ne s&rsquo;oublie pas&#8230;Puis il m&rsquo;a jet\u00e9e, frapp\u00e9 l&rsquo;\u00e2me,<br \/>\nau point que j&rsquo;ai eu mille cicatrices sur le corps\u00a0\u00bb, a affirm\u00e9<br \/>\nla p\u00e9tillante brune qui avait r\u00e9v\u00e9l\u00e9 avoir subi une fausse couche<br \/>\net un avortement durant leur mariage. \u00ab\u00a0Plus jamais je ne<br \/>\nlaisserai un homme m&rsquo;ab\u00eemer de la sorte. Cependant il m&rsquo;a aim\u00e9e<br \/>\ncomme personne ne sait aimer. L&rsquo;amour n&rsquo;est pas une excuse, L&rsquo;amour<br \/>\nest au-del\u00e0, une chose dont on doit \u00eatre digne\u00a0\u00bb. De<br \/>\nd\u00e9chirantes confidences qui ont certainement \u00e9mu grand nombre de<br \/>\nses lecteurs\u2026<\/p>\n","protected":false},"excerpt":{"rendered":"Par No\u00eblle Binet &#8211; Publi\u00e9 le 30 D\u00e9c 2025 \u00e0 22:00 Avant de partager la vie d\u2019Adriana Karembeu,&hellip;\n","protected":false},"author":2,"featured_media":631239,"comment_status":"","ping_status":"","sticky":false,"template":"","format":"standard","meta":{"footnotes":""},"categories":[1359],"tags":[21303,58,59,1011,27,973,65861],"class_list":{"0":"post-631238","1":"post","2":"type-post","3":"status-publish","4":"format-standard","5":"has-post-thumbnail","7":"category-people","8":"tag-buzz_nonli","9":"tag-divertissement","10":"tag-entertainment","11":"tag-fr","12":"tag-france","13":"tag-people","14":"tag-trend"},"share_on_mastodon":{"url":"https:\/\/pubeurope.com\/@fr\/115812052876410633","error":""},"_links":{"self":[{"href":"https:\/\/www.europesays.com\/fr\/wp-json\/wp\/v2\/posts\/631238","targetHints":{"allow":["GET"]}}],"collection":[{"href":"https:\/\/www.europesays.com\/fr\/wp-json\/wp\/v2\/posts"}],"about":[{"href":"https:\/\/www.europesays.com\/fr\/wp-json\/wp\/v2\/types\/post"}],"author":[{"embeddable":true,"href":"https:\/\/www.europesays.com\/fr\/wp-json\/wp\/v2\/users\/2"}],"replies":[{"embeddable":true,"href":"https:\/\/www.europesays.com\/fr\/wp-json\/wp\/v2\/comments?post=631238"}],"version-history":[{"count":0,"href":"https:\/\/www.europesays.com\/fr\/wp-json\/wp\/v2\/posts\/631238\/revisions"}],"wp:featuredmedia":[{"embeddable":true,"href":"https:\/\/www.europesays.com\/fr\/wp-json\/wp\/v2\/media\/631239"}],"wp:attachment":[{"href":"https:\/\/www.europesays.com\/fr\/wp-json\/wp\/v2\/media?parent=631238"}],"wp:term":[{"taxonomy":"category","embeddable":true,"href":"https:\/\/www.europesays.com\/fr\/wp-json\/wp\/v2\/categories?post=631238"},{"taxonomy":"post_tag","embeddable":true,"href":"https:\/\/www.europesays.com\/fr\/wp-json\/wp\/v2\/tags?post=631238"}],"curies":[{"name":"wp","href":"https:\/\/api.w.org\/{rel}","templated":true}]}}