{"id":631240,"date":"2025-12-31T03:27:12","date_gmt":"2025-12-31T03:27:12","guid":{"rendered":"https:\/\/www.europesays.com\/fr\/631240\/"},"modified":"2025-12-31T03:27:12","modified_gmt":"2025-12-31T03:27:12","slug":"le-peintre-jean-le-gac-representant-de-la-nouvelle-figuration-est-mort-a-lage-de-89-ans","status":"publish","type":"post","link":"https:\/\/www.europesays.com\/fr\/631240\/","title":{"rendered":"Le peintre Jean Le\u00a0Gac, repr\u00e9sentant de la Nouvelle figuration, est mort \u00e0 l\u2019\u00e2ge de 89\u00a0ans"},"content":{"rendered":"<p>\n    <strong>DISPARITION &#8211; <\/strong>Peindre et cr\u00e9er hors des sentiers battus\u00a0: tel \u00e9tait le leitmotiv de ce dessinateur dans l\u2019\u00e2me, passionn\u00e9 de litt\u00e9rature comme de feuilletons et de magazines, qui laisse une \u0153uvre \u00e0 part, discr\u00e8te et ent\u00eatante.<\/p>\n<p class=\"fig-paragraph\">On peut dire du peintre conceptuel Jean Le\u00a0Gac, mort le 27\u00a0d\u00e9cembre \u00e0 89\u00a0ans, que c\u2019est un \u00ab\u00a0artiste d\u2019artistes\u00a0\u00bb. Ces artistes qu\u2019il faut savoir regarder avec le temps, avec seulement l\u2019\u0153il pour guide, sans se soucier des modes, de ses oublis, de ses prix qui sanctifient un nouveau venu en une nuit. Jean Le\u00a0Gac, par ses r\u00e9cits fragmentaires dessin\u00e9s, est de ceux-l\u00e0. Du grand relieur\u00a0<a href=\"https:\/\/www.lefigaro.fr\/mon-figaro\/2013\/04\/16\/10001-20130416ARTFIG00560-jean-de-gonet-relieur-universel.php\" data-fig-type=\"Article\" data-gtm-custom-categorie=\"navigation\" data-gtm-custom-action=\"crossclick\" data-gtm-custom-label=\"Contextuel\" data-gtm-event=\"customEventSPE\" data-fig-domain=\"LEFIGARO\" target=\"_blank\" rel=\"noopener\">Jean de Gonet\u00a0<\/a>aux galeristes parisiens,\u00a0<a href=\"https:\/\/www.lefigaro.fr\/arts-expositions\/2018\/05\/16\/03015-20180516ARTFIG00307-daniel-templon-galeriste-imperial.php\" data-fig-type=\"Article\" data-gtm-custom-categorie=\"navigation\" data-gtm-custom-action=\"crossclick\" data-gtm-custom-label=\"Contextuel\" data-gtm-event=\"customEventSPE\" data-fig-domain=\"LEFIGARO\" target=\"_blank\" rel=\"noopener\">Daniel Templon<\/a>\u00a0qui l\u2019exposa des ann\u00e9es 1980 \u00e0 2004, et Fran\u00e7oise Livinec qui l\u2019exposera \u00e0 Art Paris 2026, de\u00a0<a href=\"https:\/\/www.lefigaro.fr\/lifestyle\/chantal-colleu-dumond-en-ses-jardins-20190923\" data-fig-type=\"Article\" data-gtm-custom-categorie=\"navigation\" data-gtm-custom-action=\"crossclick\" data-gtm-custom-label=\"Contextuel\" data-gtm-event=\"customEventSPE\" data-fig-domain=\"LEFIGARO\" target=\"_blank\" rel=\"noopener\">Chantal Colleu-Dumond<\/a>, directrice du domaine de Chaumont-sur-Loire qui l\u2019invita \u00e0 ses Conversations sous l\u2019arbre en 2022, \u00e0 ses pairs, les peintres\u00a0<a href=\"http:\/\/www.lefigaro.fr\/culture\/une-exposition-parfaitement-instagrammable-herve-di-rosa-au-coeur-des-collections-du-mucem-20250810\" data-fig-type=\"Article\" data-gtm-custom-categorie=\"navigation\" data-gtm-custom-action=\"crossclick\" data-gtm-custom-label=\"Contextuel\" data-gtm-event=\"customEventSPE\" data-fig-domain=\"LEFIGARO\" target=\"_blank\" rel=\"noopener\">Herv\u00e9 Di\u00a0Rosa<\/a>\u00a0ou Fran\u00e7ois Boisrond, nombreux sont ceux qui l\u2019appr\u00e9cient depuis toujours, sans qu\u2019il ne d\u00e9fraie jamais vraiment la chronique. Ce repr\u00e9sentant de la Nouvelle figuration, n\u00e9 le 6\u00a0mai\u00a01936 \u00e0 Al\u00e8s, Gard, a laiss\u00e9 dans ses \u0153uvres la fra\u00eecheur et la libert\u00e9 du promeneur, qui regarde la nature, la vie\u2026<\/p>\n<p class=\"fig-premium-paywall__infos\">\n        Cet article est r\u00e9serv\u00e9 aux abonn\u00e9s.        Il vous reste 90% \u00e0 d\u00e9couvrir.\n    <\/p>\n<p>                <img  data- alt=\"Le Figaro\" class=\"fig-img--complete fig-img\"\/><\/p>\n<p class=\"fig-premium-paywall__title\">Vous avez envie de lire la suite ?<\/p>\n<p class=\"fig-premium-paywall__subtitle\">D\u00e9bloquez tous les articles imm\u00e9diatement.<\/p>\n<p class=\"fig-premium-paywall__connect\">\n                D\u00e9j\u00e0 abonn\u00e9\u00a0?                <a class=\"fig-premium-paywall__connect-link\" href=\"https:\/\/connect.lefigaro.fr\/login?client=horizon_web&amp;type=main&amp;redirect_uri=https%3A%2F%2Fwww.lefigaro.fr%2Farts-expositions%2Fle-peintre-jean-le-gac-representant-de-la-nouvelle-figuration-est-mort-a-l-age-de-89-ans-20251230\" data-js-gtm=\"{&quot;customCategorie&quot;: &quot;conversion&quot;, &quot;customAction&quot;: &quot;before_Landing_Connexion_paywall_auto&quot;, &quot;customLabel&quot;: &quot;bGVmaWdhcm8uZnJfXzFmMGU1NWMxLTJmZDItNmIwZS04ZTZlLTUxYjVhYjhlODAyZF9fQXJ0aWNsZQ==_Le peintre Jean Le\u00a0Gac, repr\u00e9sentant de la Nouvelle figuration, est mort \u00e0 l\u2019\u00e2ge de 89\u00a0ans_1000&quot;, &quot;customIDSPE&quot;: &quot;bGVmaWdhcm8uZnJfXzFmMGU1NWMxLTJmZDItNmIwZS04ZTZlLTUxYjVhYjhlODAyZF9fQXJ0aWNsZQ==&quot;, &quot;event&quot;: &quot;customEventSPE&quot;}\" target=\"_blank\" rel=\"noopener\"><br \/>\n                    Connectez-vous<br \/>\n                <\/a>\n            <\/p>\n","protected":false},"excerpt":{"rendered":"DISPARITION &#8211; Peindre et cr\u00e9er hors des sentiers battus\u00a0: tel \u00e9tait le leitmotiv de ce dessinateur dans l\u2019\u00e2me,&hellip;\n","protected":false},"author":2,"featured_media":631241,"comment_status":"","ping_status":"","sticky":false,"template":"","format":"standard","meta":{"footnotes":""},"categories":[1358],"tags":[55165,1396,28507,1348,1384,1385,829,1386,58,59,1011,27,1585],"class_list":{"0":"post-631240","1":"post","2":"type-post","3":"status-publish","4":"format-standard","5":"has-post-thumbnail","7":"category-arts-et-design","8":"tag-andre-breton","9":"tag-art-contemporain","10":"tag-art-paris","11":"tag-arts","12":"tag-arts-and-design","13":"tag-arts-et-design","14":"tag-bretagne","15":"tag-design","16":"tag-divertissement","17":"tag-entertainment","18":"tag-fr","19":"tag-france","20":"tag-peinture"},"share_on_mastodon":{"url":"https:\/\/pubeurope.com\/@fr\/115812056588611091","error":""},"_links":{"self":[{"href":"https:\/\/www.europesays.com\/fr\/wp-json\/wp\/v2\/posts\/631240","targetHints":{"allow":["GET"]}}],"collection":[{"href":"https:\/\/www.europesays.com\/fr\/wp-json\/wp\/v2\/posts"}],"about":[{"href":"https:\/\/www.europesays.com\/fr\/wp-json\/wp\/v2\/types\/post"}],"author":[{"embeddable":true,"href":"https:\/\/www.europesays.com\/fr\/wp-json\/wp\/v2\/users\/2"}],"replies":[{"embeddable":true,"href":"https:\/\/www.europesays.com\/fr\/wp-json\/wp\/v2\/comments?post=631240"}],"version-history":[{"count":0,"href":"https:\/\/www.europesays.com\/fr\/wp-json\/wp\/v2\/posts\/631240\/revisions"}],"wp:featuredmedia":[{"embeddable":true,"href":"https:\/\/www.europesays.com\/fr\/wp-json\/wp\/v2\/media\/631241"}],"wp:attachment":[{"href":"https:\/\/www.europesays.com\/fr\/wp-json\/wp\/v2\/media?parent=631240"}],"wp:term":[{"taxonomy":"category","embeddable":true,"href":"https:\/\/www.europesays.com\/fr\/wp-json\/wp\/v2\/categories?post=631240"},{"taxonomy":"post_tag","embeddable":true,"href":"https:\/\/www.europesays.com\/fr\/wp-json\/wp\/v2\/tags?post=631240"}],"curies":[{"name":"wp","href":"https:\/\/api.w.org\/{rel}","templated":true}]}}