{"id":631242,"date":"2025-12-31T03:29:11","date_gmt":"2025-12-31T03:29:11","guid":{"rendered":"https:\/\/www.europesays.com\/fr\/631242\/"},"modified":"2025-12-31T03:29:11","modified_gmt":"2025-12-31T03:29:11","slug":"edition-du-mardi-30-decembre-2025-en-replay-journal-20h00-france-tv","status":"publish","type":"post","link":"https:\/\/www.europesays.com\/fr\/631242\/","title":{"rendered":"\u00c9dition du mardi 30 d\u00e9cembre 2025 en replay &#8211; Journal 20h00 &#8211; France TV"},"content":{"rendered":"<ol>\n<li><a href=\"https:\/\/news.google.com\/rss\/articles\/CBMilgFBVV95cUxPUUE3aS1Pekk1TlFxZWpNQ0NfbGxvYTBXR0tQeTlIdEs5Ymc5b3BPNkY3ZTZTTndQYVlVTWRuVGdLX2R0dnJLT1BxamhHNm8tQ2s1QzBNX0lXQTk3SVZDYlA0SW9Gc0VpS01sTVh4N3BFbGZ3Rnk1bzI0UDhlRFNzN2dGLVQ5RWE0aFRuWXN2djJPWURFeGc?oc=5\" target=\"_blank\" rel=\"noopener\">\u00c9dition du mardi 30 d\u00e9cembre 2025 en replay &#8211; Journal 20h00<\/a>&nbsp;&nbsp;France TV<\/li>\n<li><a href=\"https:\/\/news.google.com\/rss\/articles\/CBMitAFBVV95cUxPVWZoU1N2dVlYVjBWNDNReVVVYXFRcVRrY0dwMXZBMDk4cVRsSjZGd3FiUklSY0JSNVpRX29MMlhPV3hqVmxGdkRtTXhLTGo1V0hGVWRLTnVXazVLeThBdGliNm9wYTBFdlFFa1gzRXJqWU03YlVPSkRLaDFoYjVqM2xzMUxJaW91cTZmLXJfYkJPR0MydWZqbHVWakUwdG5pV19TWTRrdFdoZy1sc0lFNDIxT2E?oc=5\" target=\"_blank\" rel=\"noopener\">\u00c9mission du mardi 30 d\u00e9cembre 2025 en replay &#8211; Tout le monde veut prendre sa place<\/a>&nbsp;&nbsp;France TV<\/li>\n<li><a href=\"https:\/\/news.google.com\/rss\/articles\/CBMiYEFVX3lxTFBNQ29DMVc1UFo3d3RHdlhQUV9XcC1GZkF4WHFHaFl1cUdDallySjFWQjdYTFh4M3hHbGFPTS00d1ZtZzdTUVJxcnpILTRUOXdrRUs3MkVDc0pQRDAzQmFtYw?oc=5\" target=\"_blank\" rel=\"noopener\">Les articles du mardi 30 d\u00e9cembre 2025<\/a>&nbsp;&nbsp;Le Parisien<\/li>\n<li><a href=\"https:\/\/news.google.com\/rss\/articles\/CBMigAFBVV95cUxPTVV3aTVqME5JWDllbVdnZ2NEQk9ON3RudDZaeXJOLWdydEtMbld5Q2EtSnFqMGpreHJIeUQzODVCVmpFNkFmUE9EVUc3RkN6WE5TNU9rOXRlQjdhdUs5blhHM2JwNEJxZV9LRERMd1Rnc043dFVPNThHYjZlR3dVRg?oc=5\" target=\"_blank\" rel=\"noopener\">L\u2019info du jour | 30 d\u00e9cembre 2025 &#8211; Matin<\/a>&nbsp;&nbsp;Yahoo Actualit\u00e9s<\/li>\n<li><a href=\"https:\/\/news.google.com\/rss\/articles\/CBMibkFVX3lxTFBkVmwwNXRXOG5fbmxLUGtNdjNsczV5R2pUc2xXejZMbHp5RUdNT1hXaVJoSjU4dVNnUHliWE5yd2JieW13U1dLTHN3TzRqLVJUa1R5bjd6Xy1lYUw1My1xNlN1MWRHeVZxa0F1dEpB?oc=5\" target=\"_blank\" rel=\"noopener\">A Vous L&rsquo;antenne 30\/12\/2025 GMT<\/a>&nbsp;&nbsp;BBC<\/li>\n<\/ol>\n","protected":false},"excerpt":{"rendered":"\u00c9dition du mardi 30 d\u00e9cembre 2025 en replay &#8211; Journal 20h00&nbsp;&nbsp;France TV \u00c9mission du mardi 30 d\u00e9cembre 2025&hellip;\n","protected":false},"author":2,"featured_media":631243,"comment_status":"","ping_status":"","sticky":false,"template":"","format":"standard","meta":{"footnotes":""},"categories":[1356],"tags":[58,59,1011,27,252,1364],"class_list":{"0":"post-631242","1":"post","2":"type-post","3":"status-publish","4":"format-standard","5":"has-post-thumbnail","7":"category-television","8":"tag-divertissement","9":"tag-entertainment","10":"tag-fr","11":"tag-france","12":"tag-television","13":"tag-tv"},"share_on_mastodon":{"url":"https:\/\/pubeurope.com\/@fr\/115812064521062200","error":""},"_links":{"self":[{"href":"https:\/\/www.europesays.com\/fr\/wp-json\/wp\/v2\/posts\/631242","targetHints":{"allow":["GET"]}}],"collection":[{"href":"https:\/\/www.europesays.com\/fr\/wp-json\/wp\/v2\/posts"}],"about":[{"href":"https:\/\/www.europesays.com\/fr\/wp-json\/wp\/v2\/types\/post"}],"author":[{"embeddable":true,"href":"https:\/\/www.europesays.com\/fr\/wp-json\/wp\/v2\/users\/2"}],"replies":[{"embeddable":true,"href":"https:\/\/www.europesays.com\/fr\/wp-json\/wp\/v2\/comments?post=631242"}],"version-history":[{"count":0,"href":"https:\/\/www.europesays.com\/fr\/wp-json\/wp\/v2\/posts\/631242\/revisions"}],"wp:featuredmedia":[{"embeddable":true,"href":"https:\/\/www.europesays.com\/fr\/wp-json\/wp\/v2\/media\/631243"}],"wp:attachment":[{"href":"https:\/\/www.europesays.com\/fr\/wp-json\/wp\/v2\/media?parent=631242"}],"wp:term":[{"taxonomy":"category","embeddable":true,"href":"https:\/\/www.europesays.com\/fr\/wp-json\/wp\/v2\/categories?post=631242"},{"taxonomy":"post_tag","embeddable":true,"href":"https:\/\/www.europesays.com\/fr\/wp-json\/wp\/v2\/tags?post=631242"}],"curies":[{"name":"wp","href":"https:\/\/api.w.org\/{rel}","templated":true}]}}