{"id":631244,"date":"2025-12-31T03:30:09","date_gmt":"2025-12-31T03:30:09","guid":{"rendered":"https:\/\/www.europesays.com\/fr\/631244\/"},"modified":"2025-12-31T03:30:09","modified_gmt":"2025-12-31T03:30:09","slug":"des-photos-de-jimin-quittant-hybe-a-velo-tard-inquietent-les-fans-et-provoquent-des-reactions-en-ligne","status":"publish","type":"post","link":"https:\/\/www.europesays.com\/fr\/631244\/","title":{"rendered":"Des photos de Jimin quittant HYBE \u00e0 v\u00e9lo tard inqui\u00e8tent les fans et provoquent des r\u00e9actions en ligne"},"content":{"rendered":"<p>Des photos et une courte vid\u00e9o de Jimin de BTS ont circul\u00e9 sur X. Elles <strong>montraient l\u2019idole quittant le b\u00e2timent HYBE \u00e0 v\u00e9lo vers 1 h du matin<\/strong>.<\/p>\n<p>Selon certains commentaires, <strong>les images auraient \u00e9t\u00e9 prises par des personnes crois\u00e9es sur la route<\/strong>, mais beaucoup de fans pensent <strong>qu\u2019elles proviennent de stalkers, les fans sasaeng<\/strong>. Rapidement, <strong>les internautes ont demand\u00e9 de ne pas partager ces contenus sans autorisation<\/strong> afin de prot\u00e9ger Jimin.<\/p>\n<p><img loading=\"lazy\" decoding=\"async\" width=\"1438\" height=\"1789\" src=\"https:\/\/www.europesays.com\/fr\/wp-content\/uploads\/2025\/12\/Des-photos-et-une-courte-video-de-Jimin-de-BTS-ont-circule-sur-X.jpg\" alt=\"Des photos de Jimin quittant HYBE \u00e0 v\u00e9lo tard inqui\u00e8tent les fans et provoquent des r\u00e9actions en ligne\" class=\"wp-image-286032 lazyload\" title=\"Des photos de Jimin quittant HYBE \u00e0 v\u00e9lo tard inqui\u00e8tent les fans et provoquent des r\u00e9actions en ligne\"  \/>Les fans rappellent l\u2019importance de sa vie priv\u00e9e<\/p>\n<p>Ils soulignent <strong>que Jimin aime faire du v\u00e9lo et qu\u2019il devrait pouvoir le pratiquer tranquillement<\/strong>. Les fans insistent sur le fait <strong>qu\u2019il m\u00e9rite de vivre comme une personne normale<\/strong>, m\u00eame en dehors de son emploi du temps public.<\/p>\n<p>Un commentaire pr\u00e9cis disait : \u00ab Certains d\u2019entre vous sont tr\u00e8s rapides \u00e0 diffuser de fausses informations. Pour clarifier, la personne qui a publi\u00e9 l\u2019original disait que ce n\u2019\u00e9tait pas lui, et m\u00eame si c\u2019\u00e9tait le cas, vous n\u2019avez aucune raison de partager ce contenu. Respectez sa vie priv\u00e9e et arr\u00eatez de partager tout ce que vous voyez. \u00bb<\/p>\n<p>D\u2019autres fans <strong>critiquent ceux qui continuent \u00e0 diffuser les images malgr\u00e9 ces avertissements<\/strong> : \u00ab On voit tout de suite quand un compte ne cherche que des mentions. Ils disent aimer Jimin, mais ce sont les premiers \u00e0 partager des vid\u00e9os qui violent sa vie priv\u00e9e, probablement prises par des sasaengs. Avec des fans comme \u00e7a, qui a besoin d\u2019ennemis ? \u00bb<\/p>\n<p><img loading=\"lazy\" decoding=\"async\" width=\"640\" height=\"854\" src=\"https:\/\/www.europesays.com\/fr\/wp-content\/uploads\/2025\/12\/Jimin-fait-fondre-les-fans-avec-son-retour-surprise-sur-Instagram-pour-Noel-43.jpeg\" alt=\"Des photos de Jimin quittant HYBE \u00e0 v\u00e9lo tard inqui\u00e8tent les fans et provoquent des r\u00e9actions en ligne\" class=\"wp-image-285420 lazyload\" title=\"Des photos de Jimin quittant HYBE \u00e0 v\u00e9lo tard inqui\u00e8tent les fans et provoquent des r\u00e9actions en ligne\"\/>La menace des stalkers inqui\u00e8te les fans<\/p>\n<p>Cette situation montre <strong>que de nombreux fans craignent les stalkers<\/strong>. \u00ab Il est tellement mignon \u00e0 v\u00e9lo, mais c\u2019est un comportement un peu inqui\u00e9tant de le filmer. J\u2019esp\u00e8re juste que cette vid\u00e9o n\u2019a pas \u00e9t\u00e9 prise par un sasaeng. \u00bb D\u2019autres ajoutent : \u00ab Et si vous arr\u00eatiez d\u2019envahir sa vie priv\u00e9e ? \u00bb Certains pr\u00e9cisent l\u2019origine des images : \u00ab Un stalker \u00e9tait assis devant le b\u00e2timent HYBE au milieu de la nuit. \u00bb<\/p>\n<p>Pour clarifier encore, un fan \u00e9crit : \u00ab Pour corriger \u00e7a pour tout le monde : \u2018Jimin a \u00e9t\u00e9 rep\u00e9r\u00e9 par un stalker et film\u00e9 sans son consentement en quittant le b\u00e2timent HYBE.\u2019 Pourquoi laissons-nous les sasaengs gagner ? \u00bb<\/p>\n<p>Enfin, un commentaire <strong>insiste sur la protection de l\u2019idole<\/strong> : \u00ab Respectez votre idole. S\u2019il vous pla\u00eet, ne partagez aucune vid\u00e9o ; laissez-le vivre normalement. Jimin nous a dit plusieurs fois qu\u2019il aime courir et faire du v\u00e9lo. Laissez-le profiter de son temps libre en toute tranquillit\u00e9.\u2019 \u00bb<\/p>\n<p>Et vous, qu\u2019en pensez-vous\u00a0?<\/p>\n<p>  Si vous appr\u00e9ciez notre travail, vous pouvez nous soutenir en nous suivant sur Google :  <a href=\"https:\/\/profile.google.com\/cp\/EjwKHGFsdHNlbGVjdGlvbi5vdWVzdC1mcmFuY2UuZnISHGFsdHNlbGVjdGlvbi5vdWVzdC1mcmFuY2UuZnI\" target=\"_blank\" rel=\"noopener nofollow external\" style=\"&#010; display:inline-block !important;&#010; padding:12px 20px !important;&#010; background:#ff2d89 !important;&#010; color:#fff !important;&#010; border-radius:999px !important;&#010; font-weight:700 !important;&#010; text-decoration:none !important;&#010; line-height:1 !important;&#010; border:0 !important;&#010; box-shadow:0 6px 18px rgba(255,45,137,.25) !important;&#010; transition:transform .06s ease, box-shadow .2s ease !important;\"> Suivre sur Google News <\/a><\/p>\n","protected":false},"excerpt":{"rendered":"Des photos et une courte vid\u00e9o de Jimin de BTS ont circul\u00e9 sur X. Elles montraient l\u2019idole quittant&hellip;\n","protected":false},"author":2,"featured_media":631245,"comment_status":"","ping_status":"","sticky":false,"template":"","format":"standard","meta":{"footnotes":""},"categories":[1355],"tags":[58,59,1011,27,1361,873],"class_list":{"0":"post-631244","1":"post","2":"type-post","3":"status-publish","4":"format-standard","5":"has-post-thumbnail","7":"category-musique","8":"tag-divertissement","9":"tag-entertainment","10":"tag-fr","11":"tag-france","12":"tag-music","13":"tag-musique"},"share_on_mastodon":{"url":"https:\/\/pubeurope.com\/@fr\/115812068547658231","error":""},"_links":{"self":[{"href":"https:\/\/www.europesays.com\/fr\/wp-json\/wp\/v2\/posts\/631244","targetHints":{"allow":["GET"]}}],"collection":[{"href":"https:\/\/www.europesays.com\/fr\/wp-json\/wp\/v2\/posts"}],"about":[{"href":"https:\/\/www.europesays.com\/fr\/wp-json\/wp\/v2\/types\/post"}],"author":[{"embeddable":true,"href":"https:\/\/www.europesays.com\/fr\/wp-json\/wp\/v2\/users\/2"}],"replies":[{"embeddable":true,"href":"https:\/\/www.europesays.com\/fr\/wp-json\/wp\/v2\/comments?post=631244"}],"version-history":[{"count":0,"href":"https:\/\/www.europesays.com\/fr\/wp-json\/wp\/v2\/posts\/631244\/revisions"}],"wp:featuredmedia":[{"embeddable":true,"href":"https:\/\/www.europesays.com\/fr\/wp-json\/wp\/v2\/media\/631245"}],"wp:attachment":[{"href":"https:\/\/www.europesays.com\/fr\/wp-json\/wp\/v2\/media?parent=631244"}],"wp:term":[{"taxonomy":"category","embeddable":true,"href":"https:\/\/www.europesays.com\/fr\/wp-json\/wp\/v2\/categories?post=631244"},{"taxonomy":"post_tag","embeddable":true,"href":"https:\/\/www.europesays.com\/fr\/wp-json\/wp\/v2\/tags?post=631244"}],"curies":[{"name":"wp","href":"https:\/\/api.w.org\/{rel}","templated":true}]}}