{"id":631248,"date":"2025-12-31T03:32:10","date_gmt":"2025-12-31T03:32:10","guid":{"rendered":"https:\/\/www.europesays.com\/fr\/631248\/"},"modified":"2025-12-31T03:32:10","modified_gmt":"2025-12-31T03:32:10","slug":"les-tarifs-des-medecins-specialistes-a-la-hausse-a-partir-du-1er-janvier","status":"publish","type":"post","link":"https:\/\/www.europesays.com\/fr\/631248\/","title":{"rendered":"Les tarifs des m\u00e9decins sp\u00e9cialistes \u00e0 la hausse \u00e0 partir du 1er janvier"},"content":{"rendered":"<p class=\"svelte-qfpp5o first-paragraph\">Les consultations chez les m\u00e9decins sp\u00e9cialistes seront plus ch\u00e8res, \u00e0 partir du 1er janvier. Entre 2 et 6 euros selon les lib\u00e9raux ou la zone. Parmi les disciplines dont les consultations augmentent le plus, il y a la dermatologie. <\/p>\n<p class=\"svelte-qfpp5o\">Au chapitre des changements pour le 1er janvier, il y a donc la hausse des tarifs m\u00e9dicaux mais seulement pour certains praticiens lib\u00e9raux. Elle concernera surtout les sp\u00e9cialistes. Elle intervient dans le cadre de l&rsquo;accord conventionnel sign\u00e9 en 2024 avec l&rsquo;assurance maladie. <\/p>\n<p>60 euros pour une consultation chez le dermatologue<\/p>\n<p class=\"svelte-qfpp5o\">Ainsi, consulter un p\u00e9diatre pour les moins de 2 ans co\u00fbtera 1 euro de plus, soit 40 euros d\u00e9sormais, et 5 euros suppl\u00e9mentaires pour les examens obligatoires d\u00e9j\u00e0 au d\u00e9part plus \u00e9lev\u00e9s. Le tarif pour les gyn\u00e9cologues passera de 37 \u00e0 40 euros et celui des g\u00e9riatres augmente de 5 euros pour atteindre les 42 euros. Il faudra compter 2 euros de plus pour les neurologues avec une visite \u00e0 52 euros, plus 4 pour les dermatologues d\u00e9sormais \u00e0 60 euros, bien \u00e9videmment en fonction des pathologies. <\/p>\n<p class=\"svelte-qfpp5o\">La consultation chez un psychiatre passera de 12 \u00e0 18 euros pour les moins de 25 ans et il ne s&rsquo;agit l\u00e0, dans certains cas, que de tarification de base. Selon la r\u00e9gion, les d\u00e9passements d&rsquo;honoraires pourraient grimper consid\u00e9rablement, jusqu&rsquo;\u00e0 90 euros parfois pour certains sp\u00e9cialistes. <\/p>\n<p class=\"svelte-qfpp5o\">Enfin, \u00e0 noter aussi la revalorisation de certains actes techniques et hospitaliers.<\/p>\n","protected":false},"excerpt":{"rendered":"Les consultations chez les m\u00e9decins sp\u00e9cialistes seront plus ch\u00e8res, \u00e0 partir du 1er janvier. Entre 2 et 6&hellip;\n","protected":false},"author":2,"featured_media":631249,"comment_status":"","ping_status":"","sticky":false,"template":"","format":"standard","meta":{"footnotes":""},"categories":[10],"tags":[1011,27,72,71],"class_list":{"0":"post-631248","1":"post","2":"type-post","3":"status-publish","4":"format-standard","5":"has-post-thumbnail","7":"category-sante","8":"tag-fr","9":"tag-france","10":"tag-health","11":"tag-sante"},"share_on_mastodon":{"url":"https:\/\/pubeurope.com\/@fr\/115812076278706038","error":""},"_links":{"self":[{"href":"https:\/\/www.europesays.com\/fr\/wp-json\/wp\/v2\/posts\/631248","targetHints":{"allow":["GET"]}}],"collection":[{"href":"https:\/\/www.europesays.com\/fr\/wp-json\/wp\/v2\/posts"}],"about":[{"href":"https:\/\/www.europesays.com\/fr\/wp-json\/wp\/v2\/types\/post"}],"author":[{"embeddable":true,"href":"https:\/\/www.europesays.com\/fr\/wp-json\/wp\/v2\/users\/2"}],"replies":[{"embeddable":true,"href":"https:\/\/www.europesays.com\/fr\/wp-json\/wp\/v2\/comments?post=631248"}],"version-history":[{"count":0,"href":"https:\/\/www.europesays.com\/fr\/wp-json\/wp\/v2\/posts\/631248\/revisions"}],"wp:featuredmedia":[{"embeddable":true,"href":"https:\/\/www.europesays.com\/fr\/wp-json\/wp\/v2\/media\/631249"}],"wp:attachment":[{"href":"https:\/\/www.europesays.com\/fr\/wp-json\/wp\/v2\/media?parent=631248"}],"wp:term":[{"taxonomy":"category","embeddable":true,"href":"https:\/\/www.europesays.com\/fr\/wp-json\/wp\/v2\/categories?post=631248"},{"taxonomy":"post_tag","embeddable":true,"href":"https:\/\/www.europesays.com\/fr\/wp-json\/wp\/v2\/tags?post=631248"}],"curies":[{"name":"wp","href":"https:\/\/api.w.org\/{rel}","templated":true}]}}