{"id":631252,"date":"2025-12-31T03:34:22","date_gmt":"2025-12-31T03:34:22","guid":{"rendered":"https:\/\/www.europesays.com\/fr\/631252\/"},"modified":"2025-12-31T03:34:22","modified_gmt":"2025-12-31T03:34:22","slug":"thierry-ardisson-emilie-dequenne-val-kilmer-ils-nous-ont-quittes-en-2025","status":"publish","type":"post","link":"https:\/\/www.europesays.com\/fr\/631252\/","title":{"rendered":"Thierry Ardisson, \u00c9milie Dequenne, Val Kilmer\u2026 ils nous ont quitt\u00e9s en 2025"},"content":{"rendered":"<p>En 2025, les \u00e9crans se sont r\u00e9guli\u00e8rement couverts de noir pour<br \/>\nannoncer une disparition. T\u00e9l\u00e9, cin\u00e9ma, musique, sport : l\u2019ann\u00e9e a<br \/>\nvu partir des visages familiers qui accompagnaient le quotidien des<br \/>\nFran\u00e7ais. Derri\u00e8re chaque nom, une \u0153uvre, une voix, un style qui<br \/>\nracontaient une \u00e9poque.<\/p>\n<p>Du sourire de <strong>Catherine Laborde<\/strong> aux interviews<br \/>\nimpertinentes de <strong>Thierry Ardisson<\/strong>, en passant par<br \/>\nle jeu intense d\u2019\u00c9milie Dequenne ou la carri\u00e8re de Val Kilmer, ils<br \/>\nnous ont tous rejoints parmi les c\u00e9l\u00e9brit\u00e9s mortes en 2025. Voici<br \/>\ncomment <strong>ils nous ont quitt\u00e9s cette ann\u00e9e<\/strong>, au fil<br \/>\ndes mois, laissant un vide particulier.<\/p>\n<p>Catherine Laborde, un hiver en deuil<\/p>\n<p>Tout a commenc\u00e9 en janvier avec la mort de Catherine Laborde,<br \/>\nancienne pr\u00e9sentatrice m\u00e9t\u00e9o de TF1, emport\u00e9e le 28 janvier 2025 \u00e0<br \/>\n73 ans par la maladie \u00e0 corps de Lewy. Pendant pr\u00e8s de trente ans,<br \/>\nson ton doux et sa pr\u00e9sence souriante ont rythm\u00e9 les soir\u00e9es m\u00e9t\u00e9o<br \/>\nde millions de t\u00e9l\u00e9spectateurs.<\/p>\n<p>Quelques jours plus tard, le cin\u00e9ma perdait David Lynch,<br \/>\nr\u00e9alisateur d\u2019Elephant Man ou Mulholland Drive,<br \/>\nfigure majeure du cin\u00e9ma de l\u2019\u00e9trange. Le 26 f\u00e9vrier, la mort de<br \/>\nMichelle Trachtenberg \u00e0 39 ans, des suites d\u2019un diab\u00e8te, puis celle<br \/>\nde Gene Hackman retrouv\u00e9 sans vie avec son \u00e9pouse au<br \/>\nNouveau-Mexique ont rappel\u00e9 la fragilit\u00e9 des ic\u00f4nes.<\/p>\n<p>Printemps 2025 : \u00c9milie Dequenne et Val Kilmer<\/p>\n<p>En mars, la disparition de <strong>\u00c9milie Dequenne<\/strong> a<br \/>\nprofond\u00e9ment touch\u00e9 la Belgique et la France. R\u00e9v\u00e9l\u00e9e dans<br \/>\nRosetta, l\u2019actrice est morte le 16 mars 2025 \u00e0 43 ans, des<br \/>\nsuites d\u2019un cancer contre lequel elle se battait depuis plusieurs<br \/>\nann\u00e9es. Son intensit\u00e9 de jeu et sa discr\u00e9tion en dehors des<br \/>\nplateaux la rendaient particuli\u00e8rement ch\u00e8re au public.<\/p>\n<p>Le m\u00eame semestre, le public apprenait la mort de <strong>Val<br \/>\nKilmer<\/strong>, h\u00e9ros de Top Gun et The Doors,<br \/>\napr\u00e8s de longues ann\u00e9es de maladie, mais aussi celle de Richard<br \/>\nChamberlain, idole des s\u00e9ries des ann\u00e9es 70 et 80. Le pape Fran\u00e7ois<br \/>\ndisparaissait lui aussi, tandis que la chanson fran\u00e7aise perdait<br \/>\nHerbert L\u00e9onard et Nicole Croisille.<\/p>\n<p>Thierry Ardisson et l&rsquo;\u00e9t\u00e9 noir<br \/>\n2025<\/p>\n<p>Le 14 juillet 2025, la t\u00e9l\u00e9vision fran\u00e7aise s\u2019est fig\u00e9e en<br \/>\napprenant la mort de Thierry Ardisson \u00e0 76 ans, des suites d\u2019un<br \/>\ncancer du foie gard\u00e9 secret. Animateur et producteur au style<br \/>\nunique, celui que l\u2019on surnommait \u00ab\u00a0l\u2019homme en noir\u00a0\u00bb avait marqu\u00e9<br \/>\nles soir\u00e9es avec Tout le monde en parle ou Salut les<br \/>\nTerriens !. Nikos Aliagas, Marc-Olivier Fogiel ou Daphn\u00e9<br \/>\nRoulier ont salu\u00e9 un \u00ab\u00a0g\u00e9ant de la t\u00e9l\u00e9vision\u00a0\u00bb et \u00ab\u00a0un esprit libre<br \/>\njusqu\u2019au bout\u00a0\u00bb, rapportait Ohmymag.<\/p>\n<p>L&rsquo;\u00e9t\u00e9 2025 a aussi \u00e9t\u00e9 assombri par la mort du footballeur<br \/>\nportugais Diogo Jota dans un accident en Espagne, par la chute<br \/>\nmortelle de l&rsquo;humoriste Bun Hay Mean, alias \u00ab\u00a0Chinois Marrant\u00a0\u00bb, et<br \/>\npar la disparition du rappeur Werenoi. Dans le m\u00eame temps, Julian<br \/>\nMcMahon, Claudia Cardinale, Robert Redford, Jimmy Cliff ou Brigitte<br \/>\nBardot ont, eux aussi, quitt\u00e9 la sc\u00e8ne. \u00ab\u00a0Ce ne sont pas seulement<br \/>\ndes artistes que nous perdons, mais des fragments de notre<br \/>\nhistoire\u00a0\u00bb, r\u00e9sumait un chroniqueur culturel au lendemain du d\u00e9c\u00e8s<br \/>\nde Thierry Ardisson.<\/p>\n","protected":false},"excerpt":{"rendered":"En 2025, les \u00e9crans se sont r\u00e9guli\u00e8rement couverts de noir pour annoncer une disparition. T\u00e9l\u00e9, cin\u00e9ma, musique, sport&hellip;\n","protected":false},"author":2,"featured_media":631253,"comment_status":"","ping_status":"","sticky":false,"template":"","format":"standard","meta":{"footnotes":""},"categories":[8],"tags":[3983,58,59,1011,27,4879,70541,70434,65861],"class_list":{"0":"post-631252","1":"post","2":"type-post","3":"status-publish","4":"format-standard","5":"has-post-thumbnail","7":"category-divertissement","8":"tag-deces","9":"tag-divertissement","10":"tag-entertainment","11":"tag-fr","12":"tag-france","13":"tag-hommage","14":"tag-marfeel_froid","15":"tag-people-france","16":"tag-trend"},"share_on_mastodon":{"url":"https:\/\/pubeurope.com\/@fr\/115812084895302475","error":""},"_links":{"self":[{"href":"https:\/\/www.europesays.com\/fr\/wp-json\/wp\/v2\/posts\/631252","targetHints":{"allow":["GET"]}}],"collection":[{"href":"https:\/\/www.europesays.com\/fr\/wp-json\/wp\/v2\/posts"}],"about":[{"href":"https:\/\/www.europesays.com\/fr\/wp-json\/wp\/v2\/types\/post"}],"author":[{"embeddable":true,"href":"https:\/\/www.europesays.com\/fr\/wp-json\/wp\/v2\/users\/2"}],"replies":[{"embeddable":true,"href":"https:\/\/www.europesays.com\/fr\/wp-json\/wp\/v2\/comments?post=631252"}],"version-history":[{"count":0,"href":"https:\/\/www.europesays.com\/fr\/wp-json\/wp\/v2\/posts\/631252\/revisions"}],"wp:featuredmedia":[{"embeddable":true,"href":"https:\/\/www.europesays.com\/fr\/wp-json\/wp\/v2\/media\/631253"}],"wp:attachment":[{"href":"https:\/\/www.europesays.com\/fr\/wp-json\/wp\/v2\/media?parent=631252"}],"wp:term":[{"taxonomy":"category","embeddable":true,"href":"https:\/\/www.europesays.com\/fr\/wp-json\/wp\/v2\/categories?post=631252"},{"taxonomy":"post_tag","embeddable":true,"href":"https:\/\/www.europesays.com\/fr\/wp-json\/wp\/v2\/tags?post=631252"}],"curies":[{"name":"wp","href":"https:\/\/api.w.org\/{rel}","templated":true}]}}