{"id":631254,"date":"2025-12-31T03:35:13","date_gmt":"2025-12-31T03:35:13","guid":{"rendered":"https:\/\/www.europesays.com\/fr\/631254\/"},"modified":"2025-12-31T03:35:13","modified_gmt":"2025-12-31T03:35:13","slug":"les-astronomes-auraient-enfin-decouvert-une-atmosphere-autour-dune-exoplanete-rocheuse","status":"publish","type":"post","link":"https:\/\/www.europesays.com\/fr\/631254\/","title":{"rendered":"Les astronomes auraient enfin d\u00e9couvert une atmosph\u00e8re autour d&rsquo;une exoplan\u00e8te rocheuse !"},"content":{"rendered":"<p>L&rsquo;ann\u00e9e 2025 se termine. Il y a un si\u00e8cle, <a href=\"https:\/\/www.futura-sciences.com\/sciences\/actualites\/mecanique-quantique-helgoland-pas-heisenberg-quete-sens-mecanique-quantique-77007\/\" title=\"Helgoland : dans les pas d&#039;Heisenberg, en qu\u00eate du sens de la m\u00e9canique quantique\" target=\"_blank\" rel=\"noopener\">Werner Heisenberg<\/a> puis <a href=\"https:\/\/www.futura-sciences.com\/sciences\/personnalites\/physique-max-born-922\/\" target=\"_blank\" rel=\"noopener\">Max Born<\/a> et Pascual Jordan d\u00e9couvraient et d\u00e9veloppaient la version matricielle de la m\u00e9canique quantique. <a href=\"https:\/\/www.futura-sciences.com\/sciences\/personnalites\/matiere-erwin-schrodinger-255\/\" target=\"_blank\" rel=\"noopener\">Erwin Schr\u00f6dinger<\/a>, de son c\u00f4t\u00e9, d\u00e9couvrait sa fameuse \u00e9quation, r\u00e9volutionnant d&rsquo;abord la th\u00e9orie des ondes mat\u00e9rielles de <a href=\"https:\/\/www.futura-sciences.com\/sciences\/personnalites\/physique-louis-broglie-258\/\" target=\"_blank\" rel=\"noopener\">Louis de Broglie<\/a>, puis la m\u00e9canique quantique elle-m\u00eame, dont il allait publier une premi\u00e8re version dans un article en janvier 1926.<\/p>\n<p>Mais 2025 n&rsquo;a pas \u00e9t\u00e9\u00a0que l&rsquo;<a href=\"https:\/\/www.futura-sciences.com\/sciences\/actualites\/physique-2024-ete-prelude-annee-internationale-science-technologie-quantiques-118567\/\" title=\"2024 a \u00e9t\u00e9 un pr\u00e9lude \u00e0 l&#039;Ann\u00e9e Internationale de la Science et de la Technologie quantiques\" target=\"_blank\" rel=\"noopener\">Ann\u00e9e Internationale de la Science et de la Technologie quantiques<\/a>,\u00a0ce fut aussi l&rsquo;anniversaire des 30 ans de la d\u00e9couverte par <a href=\"https:\/\/www.futura-sciences.com\/sciences\/actualites\/exoplanete-6-octobre-1995-decouverte-historique-premiere-exoplanete-sauf-cette-premiere-cachait-autre-125236\/\" title=\"6 octobre 1995 : d\u00e9couverte historique de la \u00ab\u00a0premi\u00e8re\u00a0\u00bb exoplan\u00e8te sauf que cette \u00ab premi\u00e8re \u00bb en cachait une autre !\" target=\"_blank\" rel=\"noopener\">Michel Mayor et Didier Queloz de la premi\u00e8re exoplan\u00e8te<\/a>\u00a0autour d&rsquo;une \u00e9toile de la fameuse s\u00e9quence principale, s\u00e9quence sur\u00a0laquelle se trouve notre Soleil et qu&rsquo;il quittera quand il changera d&rsquo;\u00e9tat pour devenir une <a href=\"https:\/\/www.futura-sciences.com\/sciences\/definitions\/univers-geante-rouge-3731\/\" target=\"_blank\" rel=\"noopener\">g\u00e9ante rouge<\/a> puis une <a href=\"https:\/\/www.futura-sciences.com\/sciences\/definitions\/univers-naine-blanche-28\/\" target=\"_blank\" rel=\"noopener\">naine blanche<\/a>.<\/p>\n<p>La surprise \u00e9tait grande car il s&rsquo;agissait de ce que nous appelons maintenant un <a href=\"https:\/\/www.futura-sciences.com\/sciences\/definitions\/exoplanete-jupiter-chaud-4726\/\" target=\"_blank\" rel=\"noopener\">Jupiter chaud<\/a>, c&rsquo;est-\u00e0-dire une <a href=\"https:\/\/www.futura-sciences.com\/sciences\/definitions\/planetes-geante-gazeuse-4727\/\" target=\"_blank\" rel=\"noopener\">g\u00e9ante gazeuse<\/a> form\u00e9e initialement loin de son \u00e9toile &#8211; souvent une <a href=\"https:\/\/www.futura-sciences.com\/sciences\/definitions\/astronomie-naine-rouge-31\/\" target=\"_blank\" rel=\"noopener\">naine rouge<\/a>, car elle\u00a0est majoritaire\u00a0dans la <a href=\"https:\/\/www.futura-sciences.com\/sciences\/definitions\/univers-voie-lactee-3729\/\" target=\"_blank\" rel=\"noopener\">Voie lact\u00e9e<\/a> &#8211;\u00a0mais ayant ensuite migr\u00e9 au point d&rsquo;\u00eatre tr\u00e8s proche\u00a0de son soleil et donc d&rsquo;\u00eatre surchauff\u00e9e\u00a0\u00e0 des temp\u00e9ratures pouvant d\u00e9passer le millier de degr\u00e9s.<\/p>\n<p>On n&rsquo;allait pas tarder \u00e0 avoir les premi\u00e8res indications sur la composition des <a href=\"https:\/\/www.futura-sciences.com\/planete\/definitions\/climatologie-atmosphere-850\/\" target=\"_blank\" rel=\"noopener\">atmosph\u00e8res<\/a> de ces g\u00e9antes gazeuses, par exemple avec <a href=\"https:\/\/www.futura-sciences.com\/sciences\/actualites\/astronomie-nouveau-matiere-organique-detectee-exoplanete-21018\/\" title=\"A nouveau, de la mati\u00e8re organique d\u00e9tect\u00e9e dans une exoplan\u00e8te\" target=\"_blank\" rel=\"noopener\">Osiris<\/a>. Est venue ensuite aussi la d\u00e9couverte des premi\u00e8res <a href=\"https:\/\/www.futura-sciences.com\/sciences\/definitions\/univers-planete-tellurique-4545\/\" target=\"_blank\" rel=\"noopener\">plan\u00e8tes rocheuses<\/a>, souvent des <a href=\"https:\/\/www.futura-sciences.com\/sciences\/definitions\/super-terre-superterre-8634\/\" target=\"_blank\" rel=\"noopener\">superterres<\/a>, mais finalement aussi des plan\u00e8tes de la taille de la Terre\u00a0ou\u00a0peu s&rsquo;en faut,\u00a0situ\u00e9es dans la mythique &#8211; mais parfois survendue &#8211; <a href=\"https:\/\/www.futura-sciences.com\/sciences\/definitions\/astronomie-zone-habitabilite-9108\/\" target=\"_blank\" rel=\"noopener\">zone d&rsquo;habitabilit\u00e9<\/a>.<\/p>\n<p>Aujourd&rsquo;hui, fin d\u00e9cembre 2025, plus de 7 910 <a href=\"https:\/\/www.futura-sciences.com\/sciences\/definitions\/astronomie-exoplanete-2576\/\" target=\"_blank\" rel=\"noopener\">exoplan\u00e8tes<\/a> sont connues de la noosph\u00e8re dans la Voie lact\u00e9e, comme on peut s&rsquo;en convaincre en consultant\u00a0le\u00a0c\u00e9l\u00e8bre site de l&rsquo;<a href=\"http:\/\/exoplanet.eu\/\" title=\"L&#039;Encyclop\u00e9die des plan\u00e8tes extrasolaires\" target=\"_blank\" rel=\"noopener\">Encyclop\u00e9die des plan\u00e8tes extrasolaires<\/a>\u00a0fond\u00e9 en 1995\u00a0par l&rsquo;<a href=\"https:\/\/www.futura-sciences.com\/sciences\/actualites\/astronomie-jean-schneider-ce-collectionneur-planetes-extrasolaires-49822\/\" title=\"Jean Schneider, ce collectionneur de plan\u00e8tes extrasolaires\" target=\"_blank\" rel=\"noopener\">astronome Jean Schneider<\/a> de l&rsquo;observatoire de Paris. Pour faire connaissance avec ces plan\u00e8tes et la fa\u00e7on dont on peut les \u00e9tudier, on pourra consulter gr\u00e2ce au <a href=\"https:\/\/www.youtube.com\/watch?v=alLSKWjhvRc&amp;list=PLLKquSi64nRbGpAJaBjlnuHVmYDE-vbYe\" title=\"[Comment \u00e7a marche ?] Webs\u00e9rie exoplan\u00e8tes\" target=\"_blank\" rel=\"noopener\">CEA plusieurs vid\u00e9os formant une webs\u00e9rie<\/a>.<\/p>\n<p class=\"fs-media\">Les m\u00e9thodes de d\u00e9tection des exoplan\u00e8tes se sont largement diversifi\u00e9es depuis les ann\u00e9es 1990. Elles peuvent se classer en deux grandes cat\u00e9gories, les m\u00e9thodes directes et les m\u00e9thodes indirectes. Les trois m\u00e9thodes principales sont la m\u00e9thode directe d\u2019imagerie, la m\u00e9thode indirecte du transit et la m\u00e9thode indirecte de la vitesse radiale. \u00a9 CEA Recherche<\/p>\n<p>Des plan\u00e8tes avec des oc\u00e9ans de magma<\/p>\n<p>Toutefois, le grand d\u00e9fi de la recherche de l&rsquo;existence d&rsquo;une biosignature avec une exoplan\u00e8te nous pousse \u00e0 chercher des exoplan\u00e8tes rocheuses avec une atmosph\u00e8re. On peut alors tenter de l&rsquo;analyser \u00e0 l&rsquo;occasion de <a href=\"https:\/\/www.futura-sciences.com\/sciences\/definitions\/univers-transit-419\/\" target=\"_blank\" rel=\"noopener\">transits plan\u00e9taires<\/a>, mais pour cela, il faut d\u00e9couvrir des candidates pas trop loin du <a href=\"https:\/\/www.futura-sciences.com\/sciences\/definitions\/univers-systeme-solaire-3728\/\" target=\"_blank\" rel=\"noopener\">Syst\u00e8me solaire<\/a> et avec transit. La mission <a href=\"https:\/\/www.futura-sciences.com\/sciences\/actualites\/astronomie-festival-videos-5-ans-tess-chasseur-planetes-comme-terre-104830\/\" title=\"Festival de vid\u00e9os pour les 5 ans de Tess, le chasseur de plan\u00e8tes comme la Terre\" target=\"_blank\" rel=\"noopener\">Transiting Exoplanet Survey Satellite<\/a> (<a href=\"https:\/\/www.futura-sciences.com\/sciences\/definitions\/transits-planetaires-tess-17119\/\" target=\"_blank\" rel=\"noopener\">Tess<\/a>) de la <a href=\"https:\/\/www.futura-sciences.com\/sciences\/definitions\/univers-nasa-2468\/\" target=\"_blank\" rel=\"noopener\">Nasa<\/a>, qui a succ\u00e9d\u00e9 \u00e0 <a href=\"https:\/\/www.futura-sciences.com\/sciences\/actualites\/astronomie-kepler-retour-plus-belles-decouvertes-ce-grand-chasseur-exoplanetes-73413\/\" title=\"Kepler : retour sur les plus belles d\u00e9couvertes de ce grand chasseur d&#039;exoplan\u00e8tes\" target=\"_blank\" rel=\"noopener\">Kepler<\/a> pour la chasse aux exoplan\u00e8tes, a \u00e9t\u00e9 con\u00e7ue pr\u00e9cis\u00e9ment dans ce but.<\/p>\n<p>Elle a fourni plusieurs TOI (une abr\u00e9viation pour Tess Objects of Interest en anglais, ce qui peut se traduire par \u00ab Objet int\u00e9ressant de Tess \u00bb)\u00a0que les <a href=\"https:\/\/www.futura-sciences.com\/formation\/metiers\/metiers-astrophysicien-8\/\" target=\"_blank\" rel=\"noopener\">astrophysiciens<\/a> pouvaient regarder de plus pr\u00e8s gr\u00e2ce,\u00a0notamment, aux\u00a0observations dans l&rsquo;<a href=\"https:\/\/www.futura-sciences.com\/sciences\/definitions\/physique-infrarouge-1011\/\" target=\"_blank\" rel=\"noopener\">infrarouge<\/a> du <a href=\"https:\/\/www.futura-sciences.com\/sciences\/definitions\/telescope-spatial-james-webb-telescope-spatial-james-webb-2583\/\" target=\"_blank\" rel=\"noopener\">t\u00e9lescope spatial James-Webb<\/a> (JWST), plus pr\u00e9cis\u00e9ment ses observations spectroscopiques dans l&rsquo;infrarouge avec ses instruments comme son <a href=\"https:\/\/www.futura-sciences.com\/sciences\/definitions\/physique-spectrographe-16110\/\" target=\"_blank\" rel=\"noopener\">spectrographe<\/a> <a href=\"https:\/\/www.futura-sciences.com\/sciences\/definitions\/telescope-spatial-james-webb-nirspec-20188\/\" target=\"_blank\" rel=\"noopener\">NIRSpec<\/a> (Near-Infrared Spectrograph).<\/p>\n<p>Aujourd&rsquo;hui, plusieurs communiqu\u00e9s, dont celui de l&rsquo;Institut Trottier de recherche sur les exoplan\u00e8tes (IREx) bas\u00e9 \u00e0 l&rsquo;Universit\u00e9 de Montr\u00e9al (UdeM), mettent sur le devant de la sc\u00e8ne le cas de l&rsquo;exoplan\u00e8te <a href=\"https:\/\/science.nasa.gov\/exoplanet-catalog\/toi-561-b\/\" target=\"_blank\" rel=\"noopener\">TOI-561 b<\/a>.<\/p>\n<p>Un article, publi\u00e9 dans The Astrophysical Journal Letters mais dont une version libre existe aussi sur\u00a0<a href=\"https:\/\/arxiv.org\/abs\/2509.17231\" target=\"_blank\" rel=\"noopener\">arXiv<\/a>, explique en effet qu&rsquo;avec des observations du JWST, les astrophysiciens disposeraient maintenant de la preuve la plus <a href=\"https:\/\/www.futura-sciences.com\/sciences\/definitions\/chimie-solide-15332\/\" target=\"_blank\" rel=\"noopener\">solide<\/a> \u00e0 ce jour de l&rsquo;existence d&rsquo;une atmosph\u00e8re sur une plan\u00e8te rocheuse en dehors de notre Syst\u00e8me solaire.<\/p>\n<p>Plus exactement, les donn\u00e9es fournies par le James-Webb laissent penser que TOI-561 b abrite un oc\u00e9an de <a href=\"https:\/\/www.futura-sciences.com\/planete\/definitions\/structure-terre-magma-461\/\" target=\"_blank\" rel=\"noopener\">magma<\/a> global, semblable \u00e0 celui qui a probablement recouvert la Terre primitive durant\u00a0l&rsquo;<a href=\"https:\/\/www.futura-sciences.com\/planete\/definitions\/paleontologie-hadeen-3576\/\" target=\"_blank\" rel=\"noopener\">Had\u00e9en<\/a> et qui a certainement exist\u00e9 \u00e0 la m\u00eame \u00e9poque sur la <a href=\"https:\/\/www.futura-sciences.com\/sciences\/definitions\/univers-lune-2550\/\" target=\"_blank\" rel=\"noopener\">Lune<\/a>, oc\u00e9an qui serait recouvert dans le cas de l&rsquo;exoplan\u00e8te par une atmosph\u00e8re \u00e9paisse.<\/p>\n<p>Mais comment en est-on arriv\u00e9 \u00e0 cette derni\u00e8re conclusion\u00a0?<\/p>\n<p>Tout d&rsquo;abord, il faut savoir que, m\u00eame si TOI-561 b est en <a href=\"https:\/\/www.futura-sciences.com\/sciences\/definitions\/univers-orbite-873\/\" target=\"_blank\" rel=\"noopener\">orbite<\/a> autour d&rsquo;une \u00e9toile de type G, donc comme notre Soleil, et que son rayon est environ 1,4 fois sup\u00e9rieur \u00e0 celui de la Terre, elle se trouve en fait \u00e0 seulement 1,6 million\u00a0de kilom\u00e8tres ; ce qui repr\u00e9sente\u00a0un quaranti\u00e8me de la distance entre <a href=\"https:\/\/www.futura-sciences.com\/sciences\/definitions\/astronomie-mercure-3722\/\" target=\"_blank\" rel=\"noopener\">Mercure<\/a> et le Soleil.<\/p>\n<p class=\"fs-media\">\n<p><img decoding=\"async\" data-imgid=\"full\" src=\"https:\/\/www.europesays.com\/fr\/wp-content\/uploads\/2025\/12\/TOI-561b  magma_nasa.jpg\" width=\"1080\" height=\"606\" alt=\"\" loading=\"lazy\"\/><br \/>\nRepr\u00e9sentation artistique du monde de lave TOI-561 b et de son \u00e9toile h\u00f4te. \u00a9 Nasa, ESA, CSA, Ralf Crawford, STScI<\/p>\n<p>Une exoplan\u00e8te rocheuse\u00a0\u00e0 la composition exotique ?<\/p>\n<p>Dans de\u00a0telles conditions, les <a href=\"https:\/\/www.futura-sciences.com\/sciences\/definitions\/physique-force-maree-4194\/\" target=\"_blank\" rel=\"noopener\">forces de mar\u00e9e<\/a> gravitationnelle ont forc\u00e9ment conduit l&rsquo;exoplan\u00e8te \u00e0 \u00eatre en rotation <a href=\"https:\/\/www.futura-sciences.com\/tech\/definitions\/tech-synchrone-1326\/\" target=\"_blank\" rel=\"noopener\">synchrone<\/a> autour de l&rsquo;\u00e9toile TOI-561. Elle lui pr\u00e9sente donc tout le temps la m\u00eame face, tout comme la Lune le fait pour la Terre et pour les m\u00eames raisons. On arrive alors aussi \u00e0 la conclusion que la temp\u00e9rature de la face <a href=\"https:\/\/www.futura-sciences.com\/planete\/definitions\/zoologie-diurne-6743\/\" target=\"_blank\" rel=\"noopener\">diurne<\/a> permanente de TOI-561 b doit d\u00e9passer largement la temp\u00e9rature de <a href=\"https:\/\/www.futura-sciences.com\/sciences\/definitions\/physique-fusion-15305\/\" target=\"_blank\" rel=\"noopener\">fusion<\/a> d&rsquo;une roche typique, ce qui conduit \u00e0 envisager un oc\u00e9an de magma global.<\/p>\n<p>Jusque l\u00e0, rien de vraiment nouveau par rapport au cas d&rsquo;autres exoplan\u00e8tes connues dans une situation similaire. Les chercheurs ont toutefois d\u00e9couvert que la densit\u00e9 de l&rsquo;exoplan\u00e8te est plus faible que ce \u00e0 quoi on pouvait s&rsquo;attendre et cela pose donc des contraintes sur sa structure interne.<\/p>\n<p>Les plan\u00e9tologues en ont d\u00e9duit que la structure la plus probable faisait intervenir un noyau en <a href=\"https:\/\/www.futura-sciences.com\/sciences\/definitions\/chimie-fer-721\/\" target=\"_blank\" rel=\"noopener\">fer<\/a> relativement petit, envelopp\u00e9 d&rsquo;un <a href=\"https:\/\/www.futura-sciences.com\/planete\/definitions\/structure-terre-manteau-terrestre-2495\/\" target=\"_blank\" rel=\"noopener\">manteau<\/a> compos\u00e9 de roche moins dense que celle de la Terre.<\/p>\n<p>Selon le communiqu\u00e9 de l&rsquo;IREx, ce ne serait pas tr\u00e8s \u00e9tonnant. L&rsquo;\u00e9toile TOI-561 est deux fois plus vieille que le Soleil, ce qui veut dire que c&rsquo;est \u00e9galement le cas de l&rsquo;exoplan\u00e8te TOI-561 b et qu&rsquo;elles se sont donc form\u00e9es dans un <a href=\"https:\/\/www.futura-sciences.com\/planete\/definitions\/climatologie-nuage-14525\/\" target=\"_blank\" rel=\"noopener\">nuage<\/a> mol\u00e9culaire et poussi\u00e9reux dans une Voie lact\u00e9e moins riche\u00a0en noyaux lourds comme le fer, le <a href=\"https:\/\/www.futura-sciences.com\/sciences\/definitions\/chimie-magnesium-775\/\" target=\"_blank\" rel=\"noopener\">magn\u00e9sium<\/a> et l&rsquo;<a href=\"https:\/\/www.futura-sciences.com\/sciences\/definitions\/chimie-aluminium-14515\/\" target=\"_blank\" rel=\"noopener\">aluminium<\/a> que lorsque le Syst\u00e8me solaire s&rsquo;est lui aussi form\u00e9 par <a href=\"https:\/\/www.futura-sciences.com\/planete\/definitions\/geologie-eboulement-6515\/\" target=\"_blank\" rel=\"noopener\">effondrement<\/a> gravitationnel d&rsquo;un nuage similaire.<\/p>\n<p>En effet, plus le temps passe, plus les \u00e9toiles massives qui finissent par exploser en <a href=\"https:\/\/www.futura-sciences.com\/sciences\/definitions\/univers-supernova-60\/\" target=\"_blank\" rel=\"noopener\">supernovae<\/a> ont contribu\u00e9 \u00e0 faire de la <a href=\"https:\/\/www.futura-sciences.com\/sciences\/definitions\/physique-nucleosynthese-1008\/\" target=\"_blank\" rel=\"noopener\">nucl\u00e9osynth\u00e8se<\/a> de ces \u00e9l\u00e9ments qu&rsquo;elles injectent ensuite dans le milieu interstellaire en explosant, ce qui fait \u00e9voluer chimiquement la Voie lact\u00e9e. TOI-561 b contiendrait donc moins de ces \u00e9l\u00e9ments lourds que dans le cas des plan\u00e8tes rocheuses du Syst\u00e8me solaire, tout simplement parce que le nuage primitif de TOI-561\u00a0\u00e9tait plus pauvre en ces \u00e9l\u00e9ments, tout comme la Voie lact\u00e9e il y a environ 10 milliards d&rsquo;ann\u00e9es.<\/p>\n<p>Toutefois, cela ne suffit pas \u00e0 expliquer la relativement faible densit\u00e9 de TOI-561 b, sauf \u00e0 faire intervenir une atmosph\u00e8re \u00e9paisse justement\u00a0! Une telle atmosph\u00e8re donnerait \u00e0 la plan\u00e8te un rayon apparent bien sup\u00e9rieur \u00e0 sa taille r\u00e9elle.<\/p>\n<p>Mais comment tester cette hypoth\u00e8se\u00a0?<\/p>\n<p>Une atmosph\u00e8re trahie par des transits plan\u00e9taires secondaires ?<\/p>\n<p>Les astrophysiciens sont malins, ils ont attendu\u00a0que l&rsquo;exoplan\u00e8te fasse des transits secondaires, c&rsquo;est-\u00e0-dire qu&rsquo;elle passe derri\u00e8re son soleil, pour en d\u00e9duire par soustraction et en fonction de la <a href=\"https:\/\/www.futura-sciences.com\/tech\/definitions\/tech-luminosite-1976\/\" target=\"_blank\" rel=\"noopener\">luminosit\u00e9<\/a> de la face diurne de l&rsquo;exoplan\u00e8te sa temp\u00e9rature.<\/p>\n<p>Si l&rsquo;exoplan\u00e8te poss\u00e8de bien une atmosph\u00e8re, alors des courants doivent r\u00e9partir la <a href=\"https:\/\/www.futura-sciences.com\/sciences\/definitions\/physique-chaleur-15898\/\" target=\"_blank\" rel=\"noopener\">chaleur<\/a> acquise \u00e0 partir du rayonnement stellaire entre les faces diurnes et <a href=\"https:\/\/www.futura-sciences.com\/planete\/definitions\/zoologie-nocturne-6741\/\" target=\"_blank\" rel=\"noopener\">nocturnes<\/a> de la plan\u00e8te, de sorte que la temp\u00e9rature de la face diurne doit \u00eatre plus basse que pr\u00e9vu dans l&rsquo;hypoth\u00e8se o\u00f9 il n&rsquo;y aurait pas d&rsquo;atmosph\u00e8re.<\/p>\n<p>De fait, les plan\u00e9tologues attendaient dans ce dernier cas une temp\u00e9rature de \u00a02 700 <a href=\"https:\/\/www.futura-sciences.com\/sciences\/definitions\/physique-degre-celsius-333\/\" target=\"_blank\" rel=\"noopener\">degr\u00e9s Celsius<\/a>, mais ils en ont mesur\u00e9 une de 1 800 degr\u00e9s Celsius.<\/p>\n<p>Dans le communiqu\u00e9, <a href=\"https:\/\/anjalipiette.github.io\/\" target=\"_blank\" rel=\"noopener\">Anjali Piette<\/a>, coauteure de l&rsquo;\u00e9tude publi\u00e9e et en poste \u00e0 l&rsquo;Universit\u00e9 de Birmingham (Royaume-Uni) commente ce r\u00e9sultat en ces termes : \u00ab Nous avons vraiment besoin d&rsquo;une atmosph\u00e8re \u00e9paisse et riche en \u00e9l\u00e9ments volatils pour expliquer toutes les observations. Des <a href=\"https:\/\/www.futura-sciences.com\/planete\/definitions\/climatologie-vent-14560\/\" target=\"_blank\" rel=\"noopener\">vents<\/a> forts refroidiraient la face diurne en transportant la chaleur vers la face nocturne. Des <a href=\"https:\/\/www.futura-sciences.com\/sciences\/definitions\/physique-gaz-15336\/\" target=\"_blank\" rel=\"noopener\">gaz<\/a> tels que la vapeur d&rsquo;eau absorberaient certaines <a href=\"https:\/\/www.futura-sciences.com\/sciences\/definitions\/physique-longueur-onde-4575\/\" target=\"_blank\" rel=\"noopener\">longueurs d&rsquo;onde<\/a> de la <a href=\"https:\/\/www.futura-sciences.com\/sciences\/definitions\/physique-lumiere-326\/\" target=\"_blank\" rel=\"noopener\">lumi\u00e8re<\/a> infrarouge proche \u00e9mise par la surface avant qu&rsquo;elles ne traversent compl\u00e8tement l&rsquo;atmosph\u00e8re. (La plan\u00e8te semblerait plus froide car le t\u00e9lescope d\u00e9tecterait moins de lumi\u00e8re.) Il est \u00e9galement possible qu&rsquo;il existe des nuages de <a href=\"https:\/\/www.futura-sciences.com\/planete\/definitions\/geologie-silicate-1613\/\" target=\"_blank\" rel=\"noopener\">silicate<\/a> brillants qui refroidissent l&rsquo;atmosph\u00e8re en r\u00e9fl\u00e9chissant la lumi\u00e8re des \u00e9toiles \u00bb.<\/p>\n<p>Le communiqu\u00e9 se poursuit en signalant une \u00e9nigme. Le chauffage de l&rsquo;exoplan\u00e8te aurait d\u00fb conduire son atmosph\u00e8re \u00e0 s&rsquo;\u00e9vaporer depuis longtemps, pourquoi ce n&rsquo;est-il\u00a0pas ce qui s&rsquo;est pass\u00e9\u00a0?<\/p>\n<p>Selon\u00a0<a href=\"https:\/\/www.formingworlds.space\/team\/tim-lichtenberg\" target=\"_blank\" rel=\"noopener\">Tim Lichtenberg<\/a>, autre coauteur de l&rsquo;\u00e9tude, de l&rsquo;Universit\u00e9 de Groningue aux Pays-Bas :\u00a0\u00ab Nous pensons qu&rsquo;il existe un \u00e9quilibre entre l&rsquo;oc\u00e9an de magma et l&rsquo;atmosph\u00e8re. Au moment m\u00eame o\u00f9 les gaz s&rsquo;\u00e9chappent de la plan\u00e8te pour alimenter l&rsquo;atmosph\u00e8re, l&rsquo;oc\u00e9an de magma les aspire \u00e0 nouveau vers l&rsquo;int\u00e9rieur. Cette plan\u00e8te doit \u00eatre beaucoup plus riche en \u00e9l\u00e9ments volatils que la Terre pour expliquer les observations. Elle ressemble vraiment \u00e0 une boule de <a href=\"https:\/\/www.futura-sciences.com\/planete\/definitions\/volcanologie-lave-459\/\" target=\"_blank\" rel=\"noopener\">lave<\/a> humide \u00bb.<\/p>\n<p class=\"fs-media\">\n<p><img decoding=\"async\" data-imgid=\"full\" src=\"https:\/\/www.europesays.com\/fr\/wp-content\/uploads\/2025\/12\/TOI-561b_nasa.jpg\" width=\"1080\" height=\"690\" alt=\"\" loading=\"lazy\"\/><br \/>\nFigure repr\u00e9sentant le spectre d\u2019\u00e9mission de l\u2019exoplan\u00e8te TOI-561 b de l\u2019instrument NIRSpec. Les points blancs indiquent les donn\u00e9es d\u2019observation r\u00e9elles. Les lignes color\u00e9es repr\u00e9sentent les spectres de diff\u00e9rents sc\u00e9narios atmosph\u00e9riques : blanc pour une atmosph\u00e8re inexistante, violet pour une atmosph\u00e8re mince compos\u00e9e de vapeur rocheuse et orange pour une atmosph\u00e8re \u00e9paisse riche en compos\u00e9s volatils. Ce dernier sc\u00e9nario correspond le mieux aux donn\u00e9es d\u2019observation. \u00a9\u00a0Nasa\/ESA\/CSA\/STScI<\/p>\n<p>        Le saviez-vous<\/p>\n<p>On voit ci-dessus un spectre d&rsquo;\u00e9mission captur\u00e9 par NIRSpec (spectrom\u00e8tre proche infrarouge) du t\u00e9lescope spatial James Webb (Nasa\/ESA\/ASC) en mai 2024 qui r\u00e9v\u00e8le la luminosit\u00e9 de diff\u00e9rentes longueurs d&rsquo;onde (de 3 \u00e0 5 microns) \u00e9mises par l&rsquo;exoplan\u00e8te super-Terre ultra-chaude TOI-561 b. La comparaison de ces donn\u00e9es avec des mod\u00e8les th\u00e9oriques sugg\u00e8re que la plan\u00e8te n&rsquo;est pas un simple rocher, mais qu&rsquo;elle est entour\u00e9e d&rsquo;une atmosph\u00e8re riche en compos\u00e9s volatils.<\/p>\n<p>Les donn\u00e9es (cercles blancs) sont bas\u00e9es sur la mesure de la variation de luminosit\u00e9 du syst\u00e8me \u00e9toile-plan\u00e8te avant, pendant et apr\u00e8s l&rsquo;\u00e9clipse secondaire, lorsque la plan\u00e8te passe derri\u00e8re l&rsquo;\u00e9toile. Bien que TOI-561 b soit trop proche de son \u00e9toile pour \u00eatre observ\u00e9e individuellement, la quantit\u00e9 de lumi\u00e8re \u00e9mise par la plan\u00e8te peut \u00eatre calcul\u00e9e en soustrayant la luminosit\u00e9 de l&rsquo;\u00e9toile (mesur\u00e9e lorsque la plan\u00e8te est derri\u00e8re l&rsquo;\u00e9toile) de la luminosit\u00e9 combin\u00e9e de la plan\u00e8te et de l&rsquo;\u00e9toile (mesur\u00e9e lorsque la plan\u00e8te est \u00e0 c\u00f4t\u00e9 de l&rsquo;\u00e9toile). On pense que TOI-561 b est en rotation synchrone, ce qui signifie que la majeure partie de la lumi\u00e8re plan\u00e9taire mesur\u00e9e lors de cette observation provient de sa face \u00e9clair\u00e9e.<\/p>\n<p>Trois spectres mod\u00e8les sont pr\u00e9sent\u00e9s \u00e0 titre de comparaison. Si TOI-561 b poss\u00e8de une surface rocheuse nue et sombre, sans atmosph\u00e8re (ligne grise continue), ou une fine atmosph\u00e8re de vapeur d&rsquo;eau (ligne violette en zigzag), la face \u00e9clair\u00e9e de la plan\u00e8te devrait appara\u00eetre beaucoup plus brillante qu&rsquo;elle ne l&rsquo;est r\u00e9ellement. Or, les donn\u00e9es sont bien plus coh\u00e9rentes avec une atmosph\u00e8re riche en compos\u00e9s volatils comme l&rsquo;eau, l&rsquo;oxyg\u00e8ne et le dioxyde de carbone (le mod\u00e8le pr\u00e9sent\u00e9 ici suppose une atmosph\u00e8re compos\u00e9e \u00e0 100 % de vapeur d&rsquo;eau).<\/p>\n<p>Une atmosph\u00e8re \u00e9paisse et riche en compos\u00e9s volatils absorbe une partie du rayonnement infrarouge proche \u00e9mis par la surface, ce qui r\u00e9duit la quantit\u00e9 atteignant le t\u00e9lescope. La plan\u00e8te appara\u00eet donc plus sombre que si elle \u00e9tait d\u00e9pourvue d&rsquo;atmosph\u00e8re ou qu&rsquo;elle poss\u00e9dait une tr\u00e8s fine couche de roche vaporis\u00e9e. Une atmosph\u00e8re \u00e9paisse contribue \u00e9galement \u00e0 la r\u00e9partition de la chaleur autour de la plan\u00e8te par le biais des vents, refroidissant la face \u00e9clair\u00e9e et r\u00e9chauffant la face nocturne.<\/p>\n<p>Webb a observ\u00e9 le syst\u00e8me TOI-561 en continu pendant plus de 37 heures, capturant pr\u00e8s de quatre orbites compl\u00e8tes, dont quatre \u00e9clipses secondaires cons\u00e9cutives.<\/p>\n<p>\u00a9\u00a0Nasa, ESA, CSA, Ralf Crawford (STScI), Science :\u00a0J. Teske (Carnegie Science Earth and Planets Laboratory), A. Piette (University of Birmingham), T. Lichtenberg (Groningen), N. Wallack (Carnegie Science Earth and Planets Laboratory)<\/p>\n","protected":false},"excerpt":{"rendered":"L&rsquo;ann\u00e9e 2025 se termine. Il y a un si\u00e8cle, Werner Heisenberg puis Max Born et Pascual Jordan d\u00e9couvraient&hellip;\n","protected":false},"author":2,"featured_media":631255,"comment_status":"","ping_status":"","sticky":false,"template":"","format":"standard","meta":{"footnotes":""},"categories":[7],"tags":[73998,26766,1011,27,26768,74000,43,40,41,39,73999,42,44,26769,74002,74003,73997,74001,74004],"class_list":{"0":"post-631254","1":"post","2":"type-post","3":"status-publish","4":"format-standard","5":"has-post-thumbnail","7":"category-sciences-et-technologies","8":"tag-atmosphere-d039une-superterre","9":"tag-exoplanete","10":"tag-fr","11":"tag-france","12":"tag-james-webb-space-telescope","13":"tag-methode-du-transit-planetaire","14":"tag-science","15":"tag-science-and-technology","16":"tag-sciences","17":"tag-sciences-et-technologies","18":"tag-superterre","19":"tag-technologies","20":"tag-technology","21":"tag-telescope-spatial-james-webb","22":"tag-tess","23":"tag-tess-objects-of-interest-toi","24":"tag-toi-561-b","25":"tag-transit-planetaire","26":"tag-transiting-exoplanet-survey-satellite-tess"},"share_on_mastodon":{"url":"https:\/\/pubeurope.com\/@fr\/115812088213828622","error":""},"_links":{"self":[{"href":"https:\/\/www.europesays.com\/fr\/wp-json\/wp\/v2\/posts\/631254","targetHints":{"allow":["GET"]}}],"collection":[{"href":"https:\/\/www.europesays.com\/fr\/wp-json\/wp\/v2\/posts"}],"about":[{"href":"https:\/\/www.europesays.com\/fr\/wp-json\/wp\/v2\/types\/post"}],"author":[{"embeddable":true,"href":"https:\/\/www.europesays.com\/fr\/wp-json\/wp\/v2\/users\/2"}],"replies":[{"embeddable":true,"href":"https:\/\/www.europesays.com\/fr\/wp-json\/wp\/v2\/comments?post=631254"}],"version-history":[{"count":0,"href":"https:\/\/www.europesays.com\/fr\/wp-json\/wp\/v2\/posts\/631254\/revisions"}],"wp:featuredmedia":[{"embeddable":true,"href":"https:\/\/www.europesays.com\/fr\/wp-json\/wp\/v2\/media\/631255"}],"wp:attachment":[{"href":"https:\/\/www.europesays.com\/fr\/wp-json\/wp\/v2\/media?parent=631254"}],"wp:term":[{"taxonomy":"category","embeddable":true,"href":"https:\/\/www.europesays.com\/fr\/wp-json\/wp\/v2\/categories?post=631254"},{"taxonomy":"post_tag","embeddable":true,"href":"https:\/\/www.europesays.com\/fr\/wp-json\/wp\/v2\/tags?post=631254"}],"curies":[{"name":"wp","href":"https:\/\/api.w.org\/{rel}","templated":true}]}}