{"id":631263,"date":"2025-12-31T03:40:10","date_gmt":"2025-12-31T03:40:10","guid":{"rendered":"https:\/\/www.europesays.com\/fr\/631263\/"},"modified":"2025-12-31T03:40:10","modified_gmt":"2025-12-31T03:40:10","slug":"bulles-dhiver-une-experience-gourmande-et-givree","status":"publish","type":"post","link":"https:\/\/www.europesays.com\/fr\/631263\/","title":{"rendered":"Bulles d&rsquo;hiver : une exp\u00e9rience gourmande et givr\u00e9e"},"content":{"rendered":"<p>Quand la montagne s\u2019invite en terrasse, cela donne des exp\u00e9riences insolites\u2026 et chaleureuses ! Dans la Loire, plusieurs \u00e9tablissements misent sur l\u2019hiver pour faire fondre leurs clients.<\/p>\n<p>Au <strong>Novotel Saint-\u00c9tienne<\/strong>, cela fait d\u00e9j\u00e0 trois saisons que les bulles font sensation. Raclette, fondue, vin chaud \u00e0 l\u2019arriv\u00e9e, g\u00e9n\u00e9pi au d\u00e9part : tout est pens\u00e9 pour recr\u00e9er l\u2019ambiance d\u2019un d\u00eener d\u2019altitude\u2026 sans les remont\u00e9es m\u00e9caniques. \u00ab\u00a0\u00c0 partir du 5 d\u00e9cembre, les bulles accueillent les particuliers par groupe de 6 \u00e0 8, ou se transformeront en buffets th\u00e9matiques pour les \u00e9v\u00e9nements d\u2019entreprises jusqu\u2019\u00e0 100 personnes\u00a0\u00bb, explique le directeur, S\u00e9bastien Courbon.<\/p>\n<p><strong>Le village des bulles : immersion totale fa\u00e7on montagne\u00a0<\/strong><\/p>\n<p>De son c\u00f4t\u00e9, le<strong> restaurant le VIP<\/strong> pousse le concept encore plus loin avec son tout<br \/>nouveau Village des Bulles. \u00ab\u00a0Le d\u00e9cor est enti\u00e8rement repens\u00e9 : sol en bois et \u00e9corces sign\u00e9 Cellier Paysage, couronnes florales du Dahlia Noir, mobilier sur mesure, t\u00e9l\u00e9cabines achet\u00e9es aux ench\u00e8res \u00e0 Courchevel, et m\u00eame des mini-skis pour servir les shooters de g\u00e9n\u00e9pi !\u00a0\u00bb pr\u00e9cise S\u00e9bastien Veniant, le dirigeant du VIP. Chaque bulle (jusqu\u2019\u00e0 10 personnes) dispose de son petit salon privatif ext\u00e9rieur, et les produits servis mettent \u00e0 l\u2019honneur des fournisseurs locaux, fromagerie de Saint-Martin-la-Plaine, jus de fruits Font, frites fra\u00eeches artisanales de Tupin-et-Semons\u2026 Un concept ludique, privatisable, qui s\u2019adresse autant aux particuliers qu\u2019aux groupes pros \u00e0 la recherche d\u2019un moment d\u00e9cal\u00e9.<br \/>Et pour prolonger l\u2019ambiance, Le VIP propose m\u00eame une karaok\u00e9 box.\u00a0<\/p>\n<p>Source : <a href=\"https:\/\/maestria-mag.fr\/\" target=\"_blank\" rel=\"noopener\">Maestria n\u00b037<\/a><\/p>\n","protected":false},"excerpt":{"rendered":"Quand la montagne s\u2019invite en terrasse, cela donne des exp\u00e9riences insolites\u2026 et chaleureuses ! Dans la Loire, plusieurs&hellip;\n","protected":false},"author":2,"featured_media":631264,"comment_status":"","ping_status":"","sticky":false,"template":"","format":"standard","meta":{"footnotes":""},"categories":[9653],"tags":[1111,11,2430,1777,674,1011,27,12,25,4001],"class_list":{"0":"post-631263","1":"post","2":"type-post","3":"status-publish","4":"format-standard","5":"has-post-thumbnail","7":"category-saint-etienne","8":"tag-actu","9":"tag-actualites","10":"tag-auvergne-rhone-alpes","11":"tag-eu","12":"tag-europe","13":"tag-fr","14":"tag-france","15":"tag-news","16":"tag-republique-francaise","17":"tag-saint-etienne"},"share_on_mastodon":{"url":"https:\/\/pubeurope.com\/@fr\/115812107770026459","error":""},"_links":{"self":[{"href":"https:\/\/www.europesays.com\/fr\/wp-json\/wp\/v2\/posts\/631263","targetHints":{"allow":["GET"]}}],"collection":[{"href":"https:\/\/www.europesays.com\/fr\/wp-json\/wp\/v2\/posts"}],"about":[{"href":"https:\/\/www.europesays.com\/fr\/wp-json\/wp\/v2\/types\/post"}],"author":[{"embeddable":true,"href":"https:\/\/www.europesays.com\/fr\/wp-json\/wp\/v2\/users\/2"}],"replies":[{"embeddable":true,"href":"https:\/\/www.europesays.com\/fr\/wp-json\/wp\/v2\/comments?post=631263"}],"version-history":[{"count":0,"href":"https:\/\/www.europesays.com\/fr\/wp-json\/wp\/v2\/posts\/631263\/revisions"}],"wp:featuredmedia":[{"embeddable":true,"href":"https:\/\/www.europesays.com\/fr\/wp-json\/wp\/v2\/media\/631264"}],"wp:attachment":[{"href":"https:\/\/www.europesays.com\/fr\/wp-json\/wp\/v2\/media?parent=631263"}],"wp:term":[{"taxonomy":"category","embeddable":true,"href":"https:\/\/www.europesays.com\/fr\/wp-json\/wp\/v2\/categories?post=631263"},{"taxonomy":"post_tag","embeddable":true,"href":"https:\/\/www.europesays.com\/fr\/wp-json\/wp\/v2\/tags?post=631263"}],"curies":[{"name":"wp","href":"https:\/\/api.w.org\/{rel}","templated":true}]}}