{"id":631265,"date":"2025-12-31T03:41:13","date_gmt":"2025-12-31T03:41:13","guid":{"rendered":"https:\/\/www.europesays.com\/fr\/631265\/"},"modified":"2025-12-31T03:41:13","modified_gmt":"2025-12-31T03:41:13","slug":"trois-buteurs-se-dessinent-pour-remplacer-stassin","status":"publish","type":"post","link":"https:\/\/www.europesays.com\/fr\/631265\/","title":{"rendered":"Trois buteurs se dessinent pour remplacer Stassin"},"content":{"rendered":"<p>L\u2019ASSE traverse une p\u00e9riode d\u00e9licate concernant son secteur offensif depuis sa rel\u00e9gation en Ligue 2. Lucas Stassin, recrut\u00e9 comme joueur prometteur, exprime clairement son d\u00e9sir de progresser vers un niveau sup\u00e9rieur. Bien que la direction st\u00e9phanoise ait maintenu sa position lors du dernier mercato, la situation pourrait \u00e9voluer consid\u00e9rablement \u00e0 court ou moyen terme, obligeant le club \u00e0 pr\u00e9parer d\u00e8s maintenant ses solutions offensives futures.<\/p>\n<p>L\u2019international belge reste un dossier complexe pour Saint-\u00c9tienne. Initialement recrut\u00e9 pour un projet ambitieux, il aspire l\u00e9gitimement \u00e0 relever des d\u00e9fis dans les comp\u00e9titions majeures. Les dirigeants verts ont pr\u00e9f\u00e9r\u00e9 le conserver cet \u00e9t\u00e9, jugeant son d\u00e9part inadapt\u00e9 sur le plan sportif et financier. Toutefois, l\u2019avenir s\u2019annonce incertain, particuli\u00e8rement si le club ne remonte pas en Ligue 1 la saison prochaine.<\/p>\n<p>Le mercato estival 2026 constituera un moment d\u00e9terminant pour cette situation. <strong>Une promotion en Ligue 1 renforcerait l\u2019attrait du projet<\/strong> et pourrait retenir Stassin, tandis qu\u2019un maintien en deuxi\u00e8me division raviverait in\u00e9vitablement ses envies de d\u00e9part. C\u2019est pourquoi l\u2019ASSE doit anticiper en explorant les march\u00e9s \u00e9mergents hors des cinq grands championnats europ\u00e9ens.<\/p>\n<p>Ces march\u00e9s offrent des avantages majeurs : des joueurs de qualit\u00e9 \u00e0 des tarifs raisonnables, expos\u00e9s \u00e0 une bonne comp\u00e9tition et poss\u00e9dant une marge de progression consid\u00e9rable. <strong>L\u2019Observatoire CIES identifie les attaquants U20 les plus prometteurs<\/strong> \u00e9voluant en dehors de l\u2019Espagne, l\u2019Angleterre, la France, l\u2019Italie et l\u2019Allemagne. Trois profils retiennent particuli\u00e8rement l\u2019attention pour renforcer le projet st\u00e9phanois.<\/p>\n<p>Leon Grgi\u0107 au Sturm Graz incarne un profil int\u00e9ressant. <strong>\u00c0 dix-huit ans, ce croate mesure 1,89 m<\/strong> et d\u00e9montre une puissance physique remarquable. Son efficacit\u00e9 dans la surface et son exp\u00e9rience en coupes europ\u00e9ennes constituent des atouts majeurs pour sa progression rapide \u00e0 haut niveau.<\/p>\n<p>Andrej Kosti\u0107, jeune international mont\u00e9n\u00e9grin du Partizan Belgrade, pr\u00e9sente des caract\u00e9ristiques distinctes. <strong>Mobile et explosif devant le but, il accumule les statistiques<\/strong> malgr\u00e9 un temps de jeu perfectible. Son \u00e9volution au sein d\u2019une institution reconnue pour former les talents renforce son potentiel et attire l\u2019int\u00e9r\u00eat europ\u00e9en croissant.<\/p>\n<p>Amin Chiakha au Vejle BK s\u2019impose comme une alternative moderne et compl\u00e8te. <strong>International alg\u00e9rien mesurant 1,91 m, il combine puissance et mobilit\u00e9<\/strong> offensive. Capable de jouer dos au but ou en profondeur, il pr\u00e9sente un profil polyvalent d\u00e9j\u00e0 suivi par plusieurs observateurs st\u00e9phanois.<\/p>\n<p>Saint-\u00c9tienne sous direction Kilmer Sports Ventures poursuit sa strat\u00e9gie d\u2019investissement sur les jeunes talents. <strong>L\u2019objectif reste constant : recruter les meilleures perspectives<\/strong> pour accompagner simultan\u00e9ment le d\u00e9veloppement sportif et \u00e9conomique du club. Igor Miladinovic, Strahinja Stoijkovic, Lassana Traor\u00e9 et Lucas Stassin illustrent cette politique avec des r\u00e9sultats mitig\u00e9s actuellement, mais la direction maintient son cap ambitieux d\u2019investissement sur les prospects futurs.<\/p>\n","protected":false},"excerpt":{"rendered":"L\u2019ASSE traverse une p\u00e9riode d\u00e9licate concernant son secteur offensif depuis sa rel\u00e9gation en Ligue 2. Lucas Stassin, recrut\u00e9&hellip;\n","protected":false},"author":2,"featured_media":631266,"comment_status":"","ping_status":"","sticky":false,"template":"","format":"standard","meta":{"footnotes":""},"categories":[9653],"tags":[1111,11,2430,1777,674,1011,27,12,25,4001],"class_list":{"0":"post-631265","1":"post","2":"type-post","3":"status-publish","4":"format-standard","5":"has-post-thumbnail","7":"category-saint-etienne","8":"tag-actu","9":"tag-actualites","10":"tag-auvergne-rhone-alpes","11":"tag-eu","12":"tag-europe","13":"tag-fr","14":"tag-france","15":"tag-news","16":"tag-republique-francaise","17":"tag-saint-etienne"},"share_on_mastodon":{"url":"https:\/\/pubeurope.com\/@fr\/115812111628726230","error":""},"_links":{"self":[{"href":"https:\/\/www.europesays.com\/fr\/wp-json\/wp\/v2\/posts\/631265","targetHints":{"allow":["GET"]}}],"collection":[{"href":"https:\/\/www.europesays.com\/fr\/wp-json\/wp\/v2\/posts"}],"about":[{"href":"https:\/\/www.europesays.com\/fr\/wp-json\/wp\/v2\/types\/post"}],"author":[{"embeddable":true,"href":"https:\/\/www.europesays.com\/fr\/wp-json\/wp\/v2\/users\/2"}],"replies":[{"embeddable":true,"href":"https:\/\/www.europesays.com\/fr\/wp-json\/wp\/v2\/comments?post=631265"}],"version-history":[{"count":0,"href":"https:\/\/www.europesays.com\/fr\/wp-json\/wp\/v2\/posts\/631265\/revisions"}],"wp:featuredmedia":[{"embeddable":true,"href":"https:\/\/www.europesays.com\/fr\/wp-json\/wp\/v2\/media\/631266"}],"wp:attachment":[{"href":"https:\/\/www.europesays.com\/fr\/wp-json\/wp\/v2\/media?parent=631265"}],"wp:term":[{"taxonomy":"category","embeddable":true,"href":"https:\/\/www.europesays.com\/fr\/wp-json\/wp\/v2\/categories?post=631265"},{"taxonomy":"post_tag","embeddable":true,"href":"https:\/\/www.europesays.com\/fr\/wp-json\/wp\/v2\/tags?post=631265"}],"curies":[{"name":"wp","href":"https:\/\/api.w.org\/{rel}","templated":true}]}}