{"id":631269,"date":"2025-12-31T03:46:39","date_gmt":"2025-12-31T03:46:39","guid":{"rendered":"https:\/\/www.europesays.com\/fr\/631269\/"},"modified":"2025-12-31T03:46:39","modified_gmt":"2025-12-31T03:46:39","slug":"top-14-retour-charge-demotions-pour-mateo-le-corvec-lusap-repart-frustree-de-toulon","status":"publish","type":"post","link":"https:\/\/www.europesays.com\/fr\/631269\/","title":{"rendered":"Top 14 \u2013 Retour charg\u00e9 d\u2019\u00e9motions pour Mat\u00e9o Le Corvec, l\u2019USAP repart frustr\u00e9e de Toulon"},"content":{"rendered":"<p>\n                                                                De retour sur la pelouse de son ancien club, Mat\u00e9o Le Corvec a v\u00e9cu une soir\u00e9e intense \u00e0 Mayol. Solide mais inefficace offensivement, l\u2019USAP s\u2019est inclin\u00e9e (31-16) malgr\u00e9 un engagement total, laissant au troisi\u00e8me ligne un go\u00fbt d\u2019inachev\u00e9.\n                            <\/p>\n<p>Il y avait tout, sauf la victoire. Dimanche soir \u00e0 Mayol, Mat\u00e9o Le Corvec retrouvait Toulon, son ancien club, sous les couleurs de l\u2019USAP. Une rencontre particuli\u00e8re, charg\u00e9e d\u2019\u00e9motions, mais aussi marqu\u00e9e par une frustration immense. \u00ab\u00a0Il y a beaucoup de frustration, \u00e7a fait chier\u00a0\u00bb, l\u00e2chait le troisi\u00e8me ligne apr\u00e8s la rencontre, r\u00e9sumant le sentiment g\u00e9n\u00e9ral c\u00f4t\u00e9 catalan. Dans le combat, les Perpignanais ont r\u00e9pondu pr\u00e9sents, sans jamais c\u00e9der. Ils ont mis \u00ab\u00a0un c\u0153ur \u00e9norme\u00a0\u00bb, insistait le troisi\u00e8me ligne azur, soulignant l\u2019investissement d\u00e9fensif de son \u00e9quipe. Face \u00e0 une formation varoise solide, l\u2019USAP a longtemps r\u00e9sist\u00e9, multipliant les plaquages et refusant de rompre. Cependant, le manque d\u2019adresse ballon en main a fini par peser lourd. \u00ab\u00a0Si tu n\u2019as pas l\u2019adresse sur le ballon, tu ne peux rien faire\u00a0\u00bb, reconnaissait-il lucidement.<\/p>\n<p class=\"std-elt__inline\">\n        <strong>\u00c0 lire aussi :<\/strong><br \/>\n        <a href=\"https:\/\/www.lindependant.fr\/2025\/12\/28\/top-14-un-boxing-day-bouillant-a-mayol-pour-des-catalans-liberes-suivez-toulon-usap-en-direct-des-18h-13133253.php\" target=\"_blank\" rel=\"noopener\">Top 14 : Perpignan longtemps h\u00e9ro\u00efque finit par craquer contre Toulon (31-16)\u2026 Revivez la rencontre Toulon-USAP<\/a>\n    <\/p>\n<p>\u00c0 la pause, tous les espoirs restaient permis. Les Catalans savaient que les quinze premi\u00e8res minutes du second acte seraient d\u00e9cisives. Il \u00e9tait n\u00e9cessaire de revenir avec un gros \u00e9tat d\u2019esprit et beaucoup d\u2019envie. La fatigue, un l\u00e9ger rel\u00e2chement et surtout plusieurs essais encaiss\u00e9s ont cependant invers\u00e9 la dynamique. Les changements toulonnais ont fait la diff\u00e9rence, tandis qu\u2019un carton jaune c\u00f4t\u00e9 perpignanais compliquait encore la t\u00e2che. \u00ab\u00a0Tout \u00e7a nous a fait perdre ce match\u00a0\u00bb, constatait Le Corvec.<\/p>\n<p>Au classement, l\u2019addition est s\u00e9v\u00e8re. Aucun point ramen\u00e9, malgr\u00e9 une prestation encourageante sur le plan de l\u2019engagement. \u00ab\u00a0Il y a cette vaillance\u00a0\u00bb, soulignait le troisi\u00e8me ligne, convaincu que le groupe est en train de se construire. L\u2019USAP commence \u00e0 se forger un collectif solide, notamment en d\u00e9fense. Reste un chantier majeur\u00a0: l\u2019animation offensive. \u00ab\u00a0Le rugby, c\u2019est marquer des points. Si tu ne touches pas le ballon, tu ne peux rien faire\u00a0\u00bb, rappelait-il.<\/p>\n<p class=\"std-elt__inline\">\n        <strong>\u00c0 lire aussi :<\/strong><br \/>\n        <a href=\"https:\/\/www.lindependant.fr\/2025\/12\/27\/top-14-lucas-velarte-capitaine-le-grand-retour-dantoine-aucagne-des-joueurs-relances-douze-changements-dans-le-xv-de-lusap-a-toulon-13132157.php\" target=\"_blank\" rel=\"noopener\">Top 14 \u2013 Lucas Velarte capitaine, le grand retour d\u2019Antoine Aucagne, des joueurs relanc\u00e9s\u2026 Douze changements dans le XV de l\u2019USAP \u00e0 Toulon<\/a>\n    <\/p>\n<p>Sur le plan personnel, ce retour \u00e0 Toulon a \u00e9t\u00e9 lourd de sens. D\u00e8s l\u2019arriv\u00e9e au stade, les souvenirs ont afflu\u00e9\u00a0: les odeurs, les lumi\u00e8res, les supporters. \u00ab\u00a0\u00c7a fait quelque chose\u00a0\u00bb, confiait-il. Accueilli chaleureusement par le public varois, Le Corvec aurait pr\u00e9f\u00e9r\u00e9 repartir siffl\u00e9\u2026 avec une victoire. Les applaudissements de fin de match, ressentis presque malgr\u00e9 lui, ont toutefois apport\u00e9 un peu de baume au c\u0153ur. Malgr\u00e9 la d\u00e9faite, l\u2019USAP continue de progresser. Depuis plusieurs rencontres, les Catalans montrent un visage plus solide. Face \u00e0 Toulouse, le prochain d\u00e9fi, Le Corvec l\u2019assure\u00a0: l\u2019\u00e9quipe perpignanaise a \u00ab\u00a0plus d\u2019armes qu\u2019il y a quelques mois.\u00a0\u00bb \u00c0 condition de transformer l\u2019engagement en points.<\/p>\n","protected":false},"excerpt":{"rendered":"De retour sur la pelouse de son ancien club, Mat\u00e9o Le Corvec a v\u00e9cu une soir\u00e9e intense \u00e0&hellip;\n","protected":false},"author":2,"featured_media":631270,"comment_status":"","ping_status":"","sticky":false,"template":"","format":"standard","meta":{"footnotes":""},"categories":[9619],"tags":[1111,11,1777,674,1011,27,12,3464,882,11548,25,68796,517,2310],"class_list":{"0":"post-631269","1":"post","2":"type-post","3":"status-publish","4":"format-standard","5":"has-post-thumbnail","7":"category-toulon","8":"tag-actu","9":"tag-actualites","10":"tag-eu","11":"tag-europe","12":"tag-fr","13":"tag-france","14":"tag-news","15":"tag-perpignan","16":"tag-provence-alpes-cote-dazur","17":"tag-pyrenees-orientales","18":"tag-republique-francaise","19":"tag-rugby-u00e0-xv","20":"tag-sport","21":"tag-toulon"},"share_on_mastodon":{"url":"https:\/\/pubeurope.com\/@fr\/115812131333161387","error":""},"_links":{"self":[{"href":"https:\/\/www.europesays.com\/fr\/wp-json\/wp\/v2\/posts\/631269","targetHints":{"allow":["GET"]}}],"collection":[{"href":"https:\/\/www.europesays.com\/fr\/wp-json\/wp\/v2\/posts"}],"about":[{"href":"https:\/\/www.europesays.com\/fr\/wp-json\/wp\/v2\/types\/post"}],"author":[{"embeddable":true,"href":"https:\/\/www.europesays.com\/fr\/wp-json\/wp\/v2\/users\/2"}],"replies":[{"embeddable":true,"href":"https:\/\/www.europesays.com\/fr\/wp-json\/wp\/v2\/comments?post=631269"}],"version-history":[{"count":0,"href":"https:\/\/www.europesays.com\/fr\/wp-json\/wp\/v2\/posts\/631269\/revisions"}],"wp:featuredmedia":[{"embeddable":true,"href":"https:\/\/www.europesays.com\/fr\/wp-json\/wp\/v2\/media\/631270"}],"wp:attachment":[{"href":"https:\/\/www.europesays.com\/fr\/wp-json\/wp\/v2\/media?parent=631269"}],"wp:term":[{"taxonomy":"category","embeddable":true,"href":"https:\/\/www.europesays.com\/fr\/wp-json\/wp\/v2\/categories?post=631269"},{"taxonomy":"post_tag","embeddable":true,"href":"https:\/\/www.europesays.com\/fr\/wp-json\/wp\/v2\/tags?post=631269"}],"curies":[{"name":"wp","href":"https:\/\/api.w.org\/{rel}","templated":true}]}}