{"id":631275,"date":"2025-12-31T03:54:29","date_gmt":"2025-12-31T03:54:29","guid":{"rendered":"https:\/\/www.europesays.com\/fr\/631275\/"},"modified":"2025-12-31T03:54:29","modified_gmt":"2025-12-31T03:54:29","slug":"a-grenoble-les-velos-voi-partages-et-equipes-de-porte-skis-et-de-sieges-bebe-pour-faciliter-tous-les-trajets-2","status":"publish","type":"post","link":"https:\/\/www.europesays.com\/fr\/631275\/","title":{"rendered":"\u00c0 Grenoble, les v\u00e9los Voi partag\u00e9s et \u00e9quip\u00e9s de porte-skis et de si\u00e8ges b\u00e9b\u00e9 pour faciliter tous les trajets"},"content":{"rendered":"<p itemprop=\"description\"><strong>Voi lance de nouvelles options sur ses v\u00e9los en libre-service, pour faciliter l\u2019acc\u00e8s aux stations de ski aux Grenoblois.<\/strong><\/p>\n<p>Grenoble devient un terrain d\u2019exp\u00e9rimentation unique pour la mobilit\u00e9 urbaine. Une partie des v\u00e9los en libre-service Voi a \u00e9t\u00e9 \u00e9quip\u00e9e de porte-skis, une premi\u00e8re annonc\u00e9e par l\u2019op\u00e9rateur.<\/p>\n<p>Cette \u00e9volution vise \u00e0 simplifier les d\u00e9placements vers les lignes de bus reliant la m\u00e9tropole aux stations de montagne, tout en limitant le recours \u00e0 la voiture individuelle. Environ une centaine de deux-roues seront concern\u00e9s dans un premier temps, identifiables sur l\u2019application gr\u00e2ce \u00e0 un marquage sp\u00e9cifique.<\/p>\n<p>Voi propose aussi des v\u00e9los avec si\u00e8ges b\u00e9b\u00e9, r\u00e9servables jusqu\u2019\u00e0 dix minutes avant le d\u00e9part, pour les trajets courts du quotidien en famille.<\/p>\n<p>Depuis l\u2019\u00e9t\u00e9 et la reprise du service, le cap du million de trajets cumul\u00e9s a \u00e9t\u00e9 franchi.<\/p>\n<p>En janvier, Voi ouvrira une \u201cVoi House\u201d \u00e0 Grenoble, offrant conseils, \u00e9quipements et petites r\u00e9parations, pour accompagner le d\u00e9veloppement de cette initiative.<\/p>\n","protected":false},"excerpt":{"rendered":"Voi lance de nouvelles options sur ses v\u00e9los en libre-service, pour faciliter l\u2019acc\u00e8s aux stations de ski aux&hellip;\n","protected":false},"author":2,"featured_media":629934,"comment_status":"","ping_status":"","sticky":false,"template":"","format":"standard","meta":{"footnotes":""},"categories":[9566],"tags":[1111,11,2813,2430,1109,251,1112,2811,1777,674,118,1011,27,21780,2731,14004,1922,1110,1114,108,12,316,25,2812,517,800],"class_list":{"0":"post-631275","1":"post","2":"type-post","3":"status-publish","4":"format-standard","5":"has-post-thumbnail","7":"category-grenoble","8":"tag-actu","9":"tag-actualites","10":"tag-article","11":"tag-auvergne-rhone-alpes","12":"tag-breves","13":"tag-culture","14":"tag-depeches","15":"tag-economique","16":"tag-eu","17":"tag-europe","18":"tag-faits-divers","19":"tag-fr","20":"tag-france","21":"tag-gf38","22":"tag-grenoble","23":"tag-grenoblemag","24":"tag-info","25":"tag-informations","26":"tag-infos","27":"tag-isere","28":"tag-news","29":"tag-politique","30":"tag-republique-francaise","31":"tag-sociale","32":"tag-sport","33":"tag-transports"},"share_on_mastodon":{"url":"https:\/\/pubeurope.com\/@fr\/115812162767553645","error":""},"_links":{"self":[{"href":"https:\/\/www.europesays.com\/fr\/wp-json\/wp\/v2\/posts\/631275","targetHints":{"allow":["GET"]}}],"collection":[{"href":"https:\/\/www.europesays.com\/fr\/wp-json\/wp\/v2\/posts"}],"about":[{"href":"https:\/\/www.europesays.com\/fr\/wp-json\/wp\/v2\/types\/post"}],"author":[{"embeddable":true,"href":"https:\/\/www.europesays.com\/fr\/wp-json\/wp\/v2\/users\/2"}],"replies":[{"embeddable":true,"href":"https:\/\/www.europesays.com\/fr\/wp-json\/wp\/v2\/comments?post=631275"}],"version-history":[{"count":0,"href":"https:\/\/www.europesays.com\/fr\/wp-json\/wp\/v2\/posts\/631275\/revisions"}],"wp:featuredmedia":[{"embeddable":true,"href":"https:\/\/www.europesays.com\/fr\/wp-json\/wp\/v2\/media\/629934"}],"wp:attachment":[{"href":"https:\/\/www.europesays.com\/fr\/wp-json\/wp\/v2\/media?parent=631275"}],"wp:term":[{"taxonomy":"category","embeddable":true,"href":"https:\/\/www.europesays.com\/fr\/wp-json\/wp\/v2\/categories?post=631275"},{"taxonomy":"post_tag","embeddable":true,"href":"https:\/\/www.europesays.com\/fr\/wp-json\/wp\/v2\/tags?post=631275"}],"curies":[{"name":"wp","href":"https:\/\/api.w.org\/{rel}","templated":true}]}}