{"id":631278,"date":"2025-12-31T03:59:15","date_gmt":"2025-12-31T03:59:15","guid":{"rendered":"https:\/\/www.europesays.com\/fr\/631278\/"},"modified":"2025-12-31T03:59:15","modified_gmt":"2025-12-31T03:59:15","slug":"strasbourg-les-forains-reclament-un-marche-de-noel-prolonge-jusquau-27-decembre-pour-2026","status":"publish","type":"post","link":"https:\/\/www.europesays.com\/fr\/631278\/","title":{"rendered":"Strasbourg. Les forains r\u00e9clament un march\u00e9 de No\u00ebl prolong\u00e9 jusqu\u2019au 27\u00a0d\u00e9cembre pour 2026"},"content":{"rendered":"<p>\u00ab\u00a0C\u2019est quand m\u00eame paradoxal\u00a0! On parle de rendre le march\u00e9 de No\u00ebl aux Strasbourgeois et on ferme le 26\u00a0d\u00e9cembre, alors que ce jour est f\u00e9ri\u00e9 en Alsace-Moselle et que les habitants auraient enfin le temps d\u2019en profiter\u2026\u00a0\u00bb A l\u2019image de la vingtaine de ses coll\u00e8gues forains rassembl\u00e9s ce vendredi apr\u00e8s-midi au march\u00e9 de No\u00ebl de Strasbourg en plein rangement, place Kl\u00e9ber, Norman Guyomard est f\u00e2ch\u00e9 de ne pas pouvoir ouvrir ce vendredi. <a href=\"https:\/\/www.dna.fr\/culture-loisirs\/2025\/12\/24\/les-forains-vont-fermer-avec-amertume\" target=\"_blank\" rel=\"noopener\">Et comme eux, il est bien d\u00e9cid\u00e9 \u00e0 faire bouger les lignes\u2026<\/a><\/p>\n<p>Pour les forains, le fait d\u2019avoir d\u00fb baisser le rideau le 24\u00a0d\u00e9cembre ne passe pas. \u00ab\u00a0\u00c7a ne peut plus durer\u00a0! On a besoin que le march\u00e9 commence plus t\u00f4t, pour que mes coll\u00e8gues qui vendent des couronnes de l\u2019avent et des d\u00e9cos puissent travailler, et de continuer au moins jusqu\u2019au 27\u00a0d\u00e9cembre. C\u2019est l\u2019une des meilleures p\u00e9riodes\u00a0! Les rues sont pleines de touristes qui ne comprennent pas pourquoi c\u2019est fini, alors que tous les autres march\u00e9s de No\u00ebl sont encore ouverts\u00a0\u00bb, s\u2019agace Eric Bodein, vice-pr\u00e9sident d\u00e9partemental du Snif, le Syndicat national des industriels forains, \u00e0 l\u2019origine du rassemblement du jour.<\/p>\n<p>  Commencer plus t\u00f4t, terminer plus tard\u2026<\/p>\n<p>\u00ab\u00a0Sur 300 chalets, on est 70 \u00e0 80 familles de forains. Strasbourg, c\u2019est la locomotive\u00a0! Ce march\u00e9, on en a besoin\u00a0\u00bb, insiste celui qui y r\u00e9alise \u00ab\u00a0environ 50\u00a0% de son chiffre d\u2019affaires annuel\u00a0\u00bb et estime avoir perdu cette ann\u00e9e \u00ab\u00a020 \u00e0 25\u00a0%\u00a0\u00bb du fait de la fermeture anticip\u00e9e \u2013 l\u2019an dernier, le march\u00e9 \u00e9tait rest\u00e9 ouvert jusqu\u2019au 27\u00a0d\u00e9cembre.<\/p>\n<p>Pour 2026, les forains r\u00e9clament \u00ab\u00a0un march\u00e9 de No\u00ebl ouvert du vendredi 20\u00a0novembre au dimanche 27\u00a0d\u00e9cembre\u00a0\u00bb et cal\u00e9 sur les illuminations. Ils esp\u00e8rent \u00eatre re\u00e7us avec les diff\u00e9rents partenaires \u2013 Ville, Vitrines de Strasbourg, Union des m\u00e9tiers et des industries de l\u2019h\u00f4tellerie\u2026 \u2013 par le pr\u00e9fet d\u00e9but 2026 pour en parler\u2026 Et comptent bien obtenir gain de cause. Car, si ce vendredi la protestation s\u2019est traduite par une sympathique distribution de vin chaud et de beignets prise d\u2019assaut par des passants aussi ravis que surpris, les forains sont pr\u00eats \u00e0 faire monter la pression si n\u00e9cessaire, pr\u00e9vient Eric Bodein.<\/p>\n","protected":false},"excerpt":{"rendered":"\u00ab\u00a0C\u2019est quand m\u00eame paradoxal\u00a0! On parle de rendre le march\u00e9 de No\u00ebl aux Strasbourgeois et on ferme le&hellip;\n","protected":false},"author":2,"featured_media":631279,"comment_status":"","ping_status":"","sticky":false,"template":"","format":"standard","meta":{"footnotes":""},"categories":[2820],"tags":[1111,11,2389,2649,4406,130,33,1777,674,107,1011,27,775,12,25,640,216],"class_list":{"0":"post-631278","1":"post","2":"type-post","3":"status-publish","4":"format-standard","5":"has-post-thumbnail","7":"category-strasbourg","8":"tag-actu","9":"tag-actualites","10":"tag-alsace","11":"tag-bas-rhin","12":"tag-commerce-et-services","13":"tag-consommation","14":"tag-economie","15":"tag-eu","16":"tag-europe","17":"tag-fil-info","18":"tag-fr","19":"tag-france","20":"tag-grand-est","21":"tag-news","22":"tag-republique-francaise","23":"tag-strasbourg","24":"tag-vie-des-entreprises"},"share_on_mastodon":{"url":"https:\/\/pubeurope.com\/@fr\/115812182478251025","error":""},"_links":{"self":[{"href":"https:\/\/www.europesays.com\/fr\/wp-json\/wp\/v2\/posts\/631278","targetHints":{"allow":["GET"]}}],"collection":[{"href":"https:\/\/www.europesays.com\/fr\/wp-json\/wp\/v2\/posts"}],"about":[{"href":"https:\/\/www.europesays.com\/fr\/wp-json\/wp\/v2\/types\/post"}],"author":[{"embeddable":true,"href":"https:\/\/www.europesays.com\/fr\/wp-json\/wp\/v2\/users\/2"}],"replies":[{"embeddable":true,"href":"https:\/\/www.europesays.com\/fr\/wp-json\/wp\/v2\/comments?post=631278"}],"version-history":[{"count":0,"href":"https:\/\/www.europesays.com\/fr\/wp-json\/wp\/v2\/posts\/631278\/revisions"}],"wp:featuredmedia":[{"embeddable":true,"href":"https:\/\/www.europesays.com\/fr\/wp-json\/wp\/v2\/media\/631279"}],"wp:attachment":[{"href":"https:\/\/www.europesays.com\/fr\/wp-json\/wp\/v2\/media?parent=631278"}],"wp:term":[{"taxonomy":"category","embeddable":true,"href":"https:\/\/www.europesays.com\/fr\/wp-json\/wp\/v2\/categories?post=631278"},{"taxonomy":"post_tag","embeddable":true,"href":"https:\/\/www.europesays.com\/fr\/wp-json\/wp\/v2\/tags?post=631278"}],"curies":[{"name":"wp","href":"https:\/\/api.w.org\/{rel}","templated":true}]}}