{"id":631280,"date":"2025-12-31T04:00:23","date_gmt":"2025-12-31T04:00:23","guid":{"rendered":"https:\/\/www.europesays.com\/fr\/631280\/"},"modified":"2025-12-31T04:00:23","modified_gmt":"2025-12-31T04:00:23","slug":"strasbourg-sur-james-mcatee-quid-de-kendry-paez-alsasports","status":"publish","type":"post","link":"https:\/\/www.europesays.com\/fr\/631280\/","title":{"rendered":"Strasbourg sur James McAtee, quid de Kendry Paez ? \u2014 Alsa&rsquo;Sports"},"content":{"rendered":"<p><strong>Selon plusieurs sources \u00e9trang\u00e8res dont la BBC, le Racing serait int\u00e9ress\u00e9 pour se faire pr\u00eater le milieu de Nottingham James McAtee, en manque de temps de jeu. Mais sans passer par Chelsea, qui lui a d\u00e9j\u00e0 pr\u00eat\u00e9 trois joueurs\u2026<\/strong><\/p>\n<p>James McAtee a \u00e9t\u00e9 achet\u00e9 plus de 25 millions d\u2019euros cet \u00e9t\u00e9 par Nottingham Forest \u00e0 Manchester City. Mais le club o\u00f9 \u00e9volue \u00e9galement Dilane Bakwa (situation par ailleurs elle aussi d\u00e9licate) est 17\u00e8me de Premier League et a connu une grande instabilit\u00e9 sur le banc (trois entra\u00eeneurs depuis le d\u00e9but de saison : Nuno Esperito Santo, Ange Postecoglou et Sean Dyche). McAtee manque de temps de jeu (10 matches toutes comp\u00e9titions confondues dont 6 en championnat) et le Racing Club de Strasbourg \u00e9tait manifestement int\u00e9ress\u00e9 par le pr\u00eat du joueur cet hiver selon la BBC. <\/p>\n<p>Alors que cette m\u00eame source \u00e9voquait dans un premier temps un interm\u00e9diaire par Chelsea qui le souhaite dans son giron et qui poss\u00e8de le m\u00eame propri\u00e9taire que le RCSA, il semblerait que le club alsacien discute directement avec Nottingham. Et pour cause : le Racing poss\u00e8de d\u00e9j\u00e0 dans ses rangs trois joueurs pr\u00eat\u00e9s par Chelsea (Mike Penders, Mamadou Sarr, Kendry Paez), limite qu\u2019il est impossible de d\u00e9passer pour un m\u00eame club. Une op\u00e9ration directe qui permettrait alors \u00e0 Kendry Paez de rester au Racing, le joueur pr\u00eat\u00e9 par Chelsea mis en avant dans ce dossier et le plus critiqu\u00e9 des trois en Alsace, de par ses performances sur le terrain et une hygi\u00e8ne de vie pas irr\u00e9prochable que l\u2019on ne d\u00e9veloppera pas ici. Strasbourg accueillerait donc un talent du football anglais \u00e9galement convoit\u00e9 par Leeds, Leipzig, le Bayer Leverkusen et Porto. <\/p>\n","protected":false},"excerpt":{"rendered":"Selon plusieurs sources \u00e9trang\u00e8res dont la BBC, le Racing serait int\u00e9ress\u00e9 pour se faire pr\u00eater le milieu de&hellip;\n","protected":false},"author":2,"featured_media":631281,"comment_status":"","ping_status":"","sticky":false,"template":"","format":"standard","meta":{"footnotes":""},"categories":[2820],"tags":[1111,11,1777,674,63,1011,27,775,12,4448,25,640],"class_list":{"0":"post-631280","1":"post","2":"type-post","3":"status-publish","4":"format-standard","5":"has-post-thumbnail","7":"category-strasbourg","8":"tag-actu","9":"tag-actualites","10":"tag-eu","11":"tag-europe","12":"tag-football","13":"tag-fr","14":"tag-france","15":"tag-grand-est","16":"tag-news","17":"tag-rc-strasbourg","18":"tag-republique-francaise","19":"tag-strasbourg"},"share_on_mastodon":{"url":"https:\/\/pubeurope.com\/@fr\/115812186410004426","error":""},"_links":{"self":[{"href":"https:\/\/www.europesays.com\/fr\/wp-json\/wp\/v2\/posts\/631280","targetHints":{"allow":["GET"]}}],"collection":[{"href":"https:\/\/www.europesays.com\/fr\/wp-json\/wp\/v2\/posts"}],"about":[{"href":"https:\/\/www.europesays.com\/fr\/wp-json\/wp\/v2\/types\/post"}],"author":[{"embeddable":true,"href":"https:\/\/www.europesays.com\/fr\/wp-json\/wp\/v2\/users\/2"}],"replies":[{"embeddable":true,"href":"https:\/\/www.europesays.com\/fr\/wp-json\/wp\/v2\/comments?post=631280"}],"version-history":[{"count":0,"href":"https:\/\/www.europesays.com\/fr\/wp-json\/wp\/v2\/posts\/631280\/revisions"}],"wp:featuredmedia":[{"embeddable":true,"href":"https:\/\/www.europesays.com\/fr\/wp-json\/wp\/v2\/media\/631281"}],"wp:attachment":[{"href":"https:\/\/www.europesays.com\/fr\/wp-json\/wp\/v2\/media?parent=631280"}],"wp:term":[{"taxonomy":"category","embeddable":true,"href":"https:\/\/www.europesays.com\/fr\/wp-json\/wp\/v2\/categories?post=631280"},{"taxonomy":"post_tag","embeddable":true,"href":"https:\/\/www.europesays.com\/fr\/wp-json\/wp\/v2\/tags?post=631280"}],"curies":[{"name":"wp","href":"https:\/\/api.w.org\/{rel}","templated":true}]}}