{"id":631282,"date":"2025-12-31T04:02:18","date_gmt":"2025-12-31T04:02:18","guid":{"rendered":"https:\/\/www.europesays.com\/fr\/631282\/"},"modified":"2025-12-31T04:02:18","modified_gmt":"2025-12-31T04:02:18","slug":"mercato-ogc-nice-convaincu-par-claude-puel-elye-wahi-va-renforcer-lattaque-des-aiglons-sport","status":"publish","type":"post","link":"https:\/\/www.europesays.com\/fr\/631282\/","title":{"rendered":"Mercato OGC Nice. Convaincu par Claude Puel, Elye Wahi va renforcer l\u2019attaque des Aiglons . Sport"},"content":{"rendered":"<p>C\u2019est le premier gros mouvement du mercato hivernal. Elye Wahi, ancien attaquant de Montpellier, Lens et Marseille, va \u00eatre pr\u00eat\u00e9 sans option d\u2019achat \u00e0 l\u2019OGC Nice, selon les informations de <a href=\"https:\/\/www.lequipe.fr\/Football\/Actualites\/Mercato-l-attaquant-francais-elye-wahi-prete-par-l-eintracht-francfort-a-l-ogc-nice\/1630216\" target=\"_blank\" rel=\"noopener\">L\u2019Equipe<\/a>. <a href=\"https:\/\/rennes.maville.com\/sport\/detail_--les-critiques-sur-lui-sont-quelque-part-fondees-invisible-elye-wahi-vers-un-depart-de-francfort-cet-hiver-_54135-7056373_actu.Htm\" target=\"_blank\" rel=\"noopener\">En difficult\u00e9 \u00e0 Francfort<\/a>, qu\u2019il a rejoint \u00e0 l\u2019hiver 2024 apr\u00e8s un passage rat\u00e9 \u00e0 Marseille, Wahi cherche d\u00e9sesp\u00e9r\u00e9ment \u00e0 relancer sa carri\u00e8re.<\/p>\n<p>Convaincu par Claude Puel<\/p>\n<p>R\u00e9v\u00e9l\u00e9 \u00e0 Montpellier et \u00e9tincelant \u00e0 Lens, Wahi peine \u00e0 retrouver toutes ses capacit\u00e9s qui ont fait de lui un des meilleurs attaquants de Ligue 1\u00a0jusqu\u2019en 2024. Elye Wahi aurait donn\u00e9 son accord \u00e0 Nice pour rejoindre les Aiglons en pr\u00eat, sans option d\u2019achat.<\/p>\n<p>Le Fran\u00e7ais aurait \u00e9t\u00e9 convaincu par <a href=\"https:\/\/nice.maville.com\/sport\/detail_-claude-puel-officiellement-nomme-entraineur-de-l-ogc-nice-pour-succeder-a-franck-haise-_53018-7127234_actu.Htm\" target=\"_blank\" rel=\"noopener\">le discours du nouvel entra\u00eeneur du Gym\u00a0: Claude Puel<\/a>. Ancien international espoirs, Elye Wahi n\u2019a marqu\u00e9 qu\u2019un seul but sur l\u2019ann\u00e9e civile 2025.<\/p>\n<p>\u00a0<\/p>\n","protected":false},"excerpt":{"rendered":"C\u2019est le premier gros mouvement du mercato hivernal. Elye Wahi, ancien attaquant de Montpellier, Lens et Marseille, va&hellip;\n","protected":false},"author":2,"featured_media":631283,"comment_status":"","ping_status":"","sticky":false,"template":"","format":"standard","meta":{"footnotes":""},"categories":[2819],"tags":[1111,11,3809,1465,5492,1777,674,63,1011,27,1792,1922,12,2401,882,25,479,517,1470],"class_list":{"0":"post-631282","1":"post","2":"type-post","3":"status-publish","4":"format-standard","5":"has-post-thumbnail","7":"category-nice","8":"tag-actu","9":"tag-actualites","10":"tag-ball","11":"tag-basket","12":"tag-caen","13":"tag-eu","14":"tag-europe","15":"tag-football","16":"tag-fr","17":"tag-france","18":"tag-handball","19":"tag-info","20":"tag-news","21":"tag-nice","22":"tag-provence-alpes-cote-dazur","23":"tag-republique-francaise","24":"tag-rugby","25":"tag-sport","26":"tag-volley"},"share_on_mastodon":{"url":"https:\/\/pubeurope.com\/@fr\/115812194210984376","error":""},"_links":{"self":[{"href":"https:\/\/www.europesays.com\/fr\/wp-json\/wp\/v2\/posts\/631282","targetHints":{"allow":["GET"]}}],"collection":[{"href":"https:\/\/www.europesays.com\/fr\/wp-json\/wp\/v2\/posts"}],"about":[{"href":"https:\/\/www.europesays.com\/fr\/wp-json\/wp\/v2\/types\/post"}],"author":[{"embeddable":true,"href":"https:\/\/www.europesays.com\/fr\/wp-json\/wp\/v2\/users\/2"}],"replies":[{"embeddable":true,"href":"https:\/\/www.europesays.com\/fr\/wp-json\/wp\/v2\/comments?post=631282"}],"version-history":[{"count":0,"href":"https:\/\/www.europesays.com\/fr\/wp-json\/wp\/v2\/posts\/631282\/revisions"}],"wp:featuredmedia":[{"embeddable":true,"href":"https:\/\/www.europesays.com\/fr\/wp-json\/wp\/v2\/media\/631283"}],"wp:attachment":[{"href":"https:\/\/www.europesays.com\/fr\/wp-json\/wp\/v2\/media?parent=631282"}],"wp:term":[{"taxonomy":"category","embeddable":true,"href":"https:\/\/www.europesays.com\/fr\/wp-json\/wp\/v2\/categories?post=631282"},{"taxonomy":"post_tag","embeddable":true,"href":"https:\/\/www.europesays.com\/fr\/wp-json\/wp\/v2\/tags?post=631282"}],"curies":[{"name":"wp","href":"https:\/\/api.w.org\/{rel}","templated":true}]}}