{"id":631286,"date":"2025-12-31T04:05:13","date_gmt":"2025-12-31T04:05:13","guid":{"rendered":"https:\/\/www.europesays.com\/fr\/631286\/"},"modified":"2025-12-31T04:05:13","modified_gmt":"2025-12-31T04:05:13","slug":"lartiste-peintre-julien-gavard-expose-ses-oeuvres-au-cinema-jean-eustache","status":"publish","type":"post","link":"https:\/\/www.europesays.com\/fr\/631286\/","title":{"rendered":"l\u2019artiste peintre Julien Gavard expose ses \u0153uvres au cin\u00e9ma Jean-Eustache"},"content":{"rendered":"<p>Julien Gavard pr\u00e9cise \u00e0 ce sujet\u00a0: \u00ab\u00a0Il y a quelques ann\u00e9es, je me suis tourn\u00e9 vers les arts. J\u2019ai \u00e9crit des po\u00e8mes, des nouvelles, et j\u2019ai fait de la musique pour m\u2019\u00e9vader de mon atmosph\u00e8re professionnelle quotidienne. Puis au d\u00e9but de la pand\u00e9mie de Covid, j\u2019ai eu un d\u00e9clic. J\u2019ai con\u00e7u un champ d\u2019exp\u00e9rimentation vers les arts visuels autour de monotypes, qui me permet d\u2019aborder la notion d\u2019empreinte. Cela dans le registre de l\u2019abstraction, proche des \u0153uvres de Vasarely. Au d\u00e9but de 2024, j\u2019ai visit\u00e9 une exposition \u00e0 Nantes qui pr\u00e9sentait les arts des Aborig\u00e8nes d\u2019Australie, cela a \u00e9t\u00e9 un choc visuel, une v\u00e9ritable r\u00e9v\u00e9lation qui s\u2019est av\u00e9r\u00e9e une intarissable source d\u2019inspiration cr\u00e9atrice.\u00a0\u00bb<\/p>\n<p>Espaces contemplatifs<\/p>\n<p>Ainsi, Julien Gavard se consacre pleinement \u00e0 la peinture, son travail s\u2019inscrit dans l\u2019abstraction g\u00e9om\u00e9trique avec des motifs r\u00e9p\u00e9titifs, nourris par ses explorations personnelles et par l\u2019influence des arts premiers. Il travaille principalement sur papier et utilise des marqueurs de peinture de diff\u00e9rentes \u00e9paisseurs. Ses compositions sont souvent construites \u00e0 partir de motifs \u00e9l\u00e9mentaires\u00a0: lignes, cercles, carr\u00e9s, traits courts. Il r\u00e9alise \u00e9galement du pointillisme. Ses tableaux proposent des espaces contemplatifs dans lesquels le spectateur peut projeter ses propres \u00e9motions et interpr\u00e9tations.<\/p>\n<p>\u00ab\u00a0Depuis septembre 2024, j\u2019ai r\u00e9alis\u00e9 des expositions \u00e0 M\u00e9rignac, Langon et sur le bassin d&rsquo;Arcachon. Il s\u2019agit ici d\u2019une r\u00e9trospective de deux ann\u00e9es de travail\u00a0\u00bb, conclut Julien Gavard.<\/p>\n","protected":false},"excerpt":{"rendered":"Julien Gavard pr\u00e9cise \u00e0 ce sujet\u00a0: \u00ab\u00a0Il y a quelques ann\u00e9es, je me suis tourn\u00e9 vers les arts.&hellip;\n","protected":false},"author":2,"featured_media":631287,"comment_status":"","ping_status":"","sticky":false,"template":"","format":"standard","meta":{"footnotes":""},"categories":[2817],"tags":[1111,11,1997,1777,674,1011,27,12,2219,25],"class_list":{"0":"post-631286","1":"post","2":"type-post","3":"status-publish","4":"format-standard","5":"has-post-thumbnail","7":"category-bordeaux","8":"tag-actu","9":"tag-actualites","10":"tag-bordeaux","11":"tag-eu","12":"tag-europe","13":"tag-fr","14":"tag-france","15":"tag-news","16":"tag-nouvelle-aquitaine","17":"tag-republique-francaise"},"share_on_mastodon":{"url":"https:\/\/pubeurope.com\/@fr\/115812206026592911","error":""},"_links":{"self":[{"href":"https:\/\/www.europesays.com\/fr\/wp-json\/wp\/v2\/posts\/631286","targetHints":{"allow":["GET"]}}],"collection":[{"href":"https:\/\/www.europesays.com\/fr\/wp-json\/wp\/v2\/posts"}],"about":[{"href":"https:\/\/www.europesays.com\/fr\/wp-json\/wp\/v2\/types\/post"}],"author":[{"embeddable":true,"href":"https:\/\/www.europesays.com\/fr\/wp-json\/wp\/v2\/users\/2"}],"replies":[{"embeddable":true,"href":"https:\/\/www.europesays.com\/fr\/wp-json\/wp\/v2\/comments?post=631286"}],"version-history":[{"count":0,"href":"https:\/\/www.europesays.com\/fr\/wp-json\/wp\/v2\/posts\/631286\/revisions"}],"wp:featuredmedia":[{"embeddable":true,"href":"https:\/\/www.europesays.com\/fr\/wp-json\/wp\/v2\/media\/631287"}],"wp:attachment":[{"href":"https:\/\/www.europesays.com\/fr\/wp-json\/wp\/v2\/media?parent=631286"}],"wp:term":[{"taxonomy":"category","embeddable":true,"href":"https:\/\/www.europesays.com\/fr\/wp-json\/wp\/v2\/categories?post=631286"},{"taxonomy":"post_tag","embeddable":true,"href":"https:\/\/www.europesays.com\/fr\/wp-json\/wp\/v2\/tags?post=631286"}],"curies":[{"name":"wp","href":"https:\/\/api.w.org\/{rel}","templated":true}]}}