{"id":631288,"date":"2025-12-31T04:06:11","date_gmt":"2025-12-31T04:06:11","guid":{"rendered":"https:\/\/www.europesays.com\/fr\/631288\/"},"modified":"2025-12-31T04:06:11","modified_gmt":"2025-12-31T04:06:11","slug":"la-danse-dun-vigile-de-sephora-a-bordeaux-fait-le-buzz-sur-les-reseaux-sociaux","status":"publish","type":"post","link":"https:\/\/www.europesays.com\/fr\/631288\/","title":{"rendered":"La danse d&rsquo;un vigile de Sephora \u00e0 Bordeaux fait le buzz sur les r\u00e9seaux sociaux"},"content":{"rendered":"<p>Vous avez peut-\u00eatre vu passer sur vos r\u00e9seaux sociaux, un vigile de Sephora Bordeaux Sainte-Catherine qui encha\u00eene ses meilleurs pas de danse devant une foule en d\u00e9lire\u00a0? ICI Gironde l&rsquo;a retrouv\u00e9\u00a0: il s&rsquo;appelle Alain, c&rsquo;est un agent de s\u00e9curit\u00e9 de 55 ans.<\/p>\n<p>G\u00e9n\u00e9ralement, les vigiles ne se font pas remarquer. Mais la semaine derni\u00e8re \u00e0 Sephora Bordeaux Sainte-Catherine, les clients de l&rsquo;enseigne de cosm\u00e9tique n&rsquo;ont eu d&rsquo;yeux que pour Alain. Mercredi 24 d\u00e9cembre, il travaillait quand il a entendu le hit de l&rsquo;\u00e9t\u00e9 Ciel de GIMS. \u00ab\u00a0La musique sonnait bien dans mes oreilles, j&rsquo;ai commenc\u00e9 \u00e0 danser, je ne sais pas comment j&rsquo;ai fait, et l\u00e0\u00a0: un tonnerre d&rsquo;applaudissements\u00a0\u00bb, se rem\u00e9more-t-il avec un grand sourire.<\/p>\n<p>Tous ses coll\u00e8gues ont \u00e9t\u00e9 conquis par son improvisation, pendant l&rsquo;\u00e9v\u00e8nement de No\u00ebl, qui a lieu chaque ann\u00e9e dans la boutique. \u00ab\u00a0Toute l&rsquo;\u00e9quipe n&rsquo;\u00e9tait absolument pas au courant et finalement on s&rsquo;est rendu compte qu&rsquo;il avait r\u00e9ussi tout seul \u00e0 mettre de l&rsquo;ambiance\u00a0\u00bb, s&rsquo;amuse une vendeuse. M\u00eame r\u00e9action chez les autres vigiles, qui ont pu voir le show, de pr\u00e8s ou de loin. \u00ab\u00a0C&rsquo;est vrai que c&rsquo;\u00e9tait une belle chor\u00e9graphie, on a pass\u00e9 un bon moment\u00a0: c&rsquo;est un bon danseur, on \u00e9tait tr\u00e8s surpris\u00a0!\u00a0\u00ab\u00a0, annonce un de ses coll\u00e8gues, pr\u00e9sent mercredi. \u00ab\u00a0C&rsquo;\u00e9tait extraordinaire\u00a0!\u00a0\u00bb, s&rsquo;exclame un second vigile.<\/p>\n<p> Pas \u00e0 son coup d&rsquo;essai<\/p>\n<p>Des pas sur le c\u00f4t\u00e9, des tours sur lui-m\u00eame, et pour le final&#8230;un grand \u00e9cart\u00a0! Une \u00e9nergie surprenante chez l&rsquo;homme de 55 ans, qui \u00ab\u00a0aime la danse, sans jamais avoir pris des cours\u00a0\u00bb. Son secret\u00a0: le sport depuis tout petit, mais aussi son passif de contorsionniste. \u00ab\u00a0J&rsquo;ai travaill\u00e9 dans des cabarets et des cirques il y a de nombreuses ann\u00e9es\u00a0\u00bb, d\u00e9veloppe Alain. Une ancienne vie, qui lui avait d\u00e9j\u00e0 valu un premier succ\u00e8s m\u00e9diatique en 2003, dans l&rsquo;\u00e9mission Personne n&rsquo;est parfait, l&rsquo;ancien nom de La France a un incroyable talent sur M6.<\/p>\n<p>Une c\u00e9l\u00e9brit\u00e9 qui ne s&rsquo;arr\u00eatera peut-\u00eatre pas tout de suite\u00a0: selon les rumeurs, Gims lui-m\u00eame serait \u00e0 la recherche du vigile.<\/p>\n<p> (function(w, d) {     if (w.FB &#038;&#038; w.FB.XFBML &#038;&#038; w.FB.XFBML.parse) {         if (&lsquo;undefined&rsquo; == typeof w.__fbTimeout) {             w.__fbTimeout = setTimeout(function() {                 w.FB.XFBML.parse();                 w.__fbTimeout = undefined;             }, 1000);         }     } else if (&lsquo;undefined&rsquo; == typeof w.__fbTimeout) {         if (d.querySelectorAll(&lsquo;#fb-root&rsquo;).length === 0) {             var fbRoot = d.createElement(&lsquo;div&rsquo;);             fbRoot.id = &lsquo;fb-root&rsquo;;             d.querySelector(&lsquo;body&rsquo;).append(fbRoot);         }         if (d.querySelectorAll(&lsquo;#facebook-jssdk&rsquo;).length === 0) {             var fbScript = d.createElement(&lsquo;script&rsquo;);             fbScript.id = &lsquo;facebook-jssdk&rsquo;;             fbScript.src=\u00a0\u00bb\/\/connect.facebook.net\/fr_FR\/sdk.js#xfbml=1&#038;version=v2.8&#038;appId=593991304071705&Prime;;             fbScript.async = 1;             d.querySelector(&lsquo;head&rsquo;).append(fbScript);         }     } })(window, window.document); \\u003C\/script>\\\u00a0\u00bb,\\\u00a0\u00bbprovider\\\u00a0\u00bb:\\\u00a0\u00bbfacebook\\\u00a0\u00bb,\\\u00a0\u00bbdidomiPurposes\\\u00a0\u00bb:\\\u00a0\u00bbPour afficher ce contenu Facebook, vous devez accepter les cookies \\u003Cb>R\u00e9seaux Sociaux\\u003C\/b>.\\u003Cbr>\\u003Cbr>Ces cookies permettent de partager ou r\u00e9agir directement sur les r\u00e9seaux sociaux auxquels vous \u00eates connect\u00e9s ou d&rsquo;int\u00e9grer du contenu initialement post\u00e9 sur ces r\u00e9seaux sociaux. Ils permettent aussi aux r\u00e9seaux sociaux d&rsquo;utiliser vos visites sur nos sites et applications \u00e0 des fins de personnalisation et de ciblage publicitaire.\\\u00a0\u00bb,\\\u00a0\u00bbdidomiVendorId\\\u00a0\u00bb:\\\u00a0\u00bbc:facebookc-rgacRMQm\\\u00a0\u00bb}},{\\\u00a0\u00bbtype\\\u00a0\u00bb:\\\u00a0\u00bbheading\\\u00a0\u00bb,\\\u00a0\u00bblevel\\\u00a0\u00bb:2,\\\u00a0\u00bbvalue\\\u00a0\u00bb:\\\u00a0\u00bbPas \u00e0 son coup d&rsquo;essai\\\u00a0\u00bb},{\\\u00a0\u00bbtype\\\u00a0\u00bb:\\\u00a0\u00bbtext\\\u00a0\u00bb,\\\u00a0\u00bbchildren\\\u00a0\u00bb:[{\\\u00a0\u00bbtype\\\u00a0\u00bb:\\\u00a0\u00bbtext\\\u00a0\u00bb,\\\u00a0\u00bbvalue\\\u00a0\u00bb:\\\u00a0\u00bbDes pas sur le c\u00f4t\u00e9, des tours sur lui-m\u00eame, et pour le final&#8230;un grand \u00e9cart\u00a0! Une \u00e9nergie surprenante chez l&rsquo;homme de 55 ans, qui \\\\\\\u00a0\u00bb\\u003Cem>aime la danse, sans jamais avoir pris des cours\\u003C\/em>\\\\\\\u00a0\u00bb. Son secret\u00a0: le sport depuis tout petit, mais aussi son passif de contorsionniste. \\\\\\\u00a0\u00bb\\u003Cem>J&rsquo;ai travaill\u00e9 dans des cabarets et des cirques il y a de nombreuses ann\u00e9es\\u003C\/em>\\\\\\\u00a0\u00bb, d\u00e9veloppe Alain. Une ancienne vie, qui lui avait d\u00e9j\u00e0 valu un premier succ\u00e8s m\u00e9diatique en 2003, dans l&rsquo;\u00e9mission \\u003Cem>Personne n&rsquo;est parfait\\u003C\/em>, l&rsquo;ancien nom de \\u003Cem>La France a un incroyable talent\\u003C\/em> sur M6.\\\u00a0\u00bb}]},{\\\u00a0\u00bbtype\\\u00a0\u00bb:\\\u00a0\u00bbtext\\\u00a0\u00bb,\\\u00a0\u00bbchildren\\\u00a0\u00bb:[{\\\u00a0\u00bbtype\\\u00a0\u00bb:\\\u00a0\u00bbtext\\\u00a0\u00bb,\\\u00a0\u00bbvalue\\\u00a0\u00bb:\\\u00a0\u00bbUne c\u00e9l\u00e9brit\u00e9 qui ne s&rsquo;arr\u00eatera peut-\u00eatre pas tout de suite\u00a0: selon les rumeurs, Gims lui-m\u00eame serait \u00e0 la recherche du vigile.\\\u00a0\u00bb}]}]}},\\\u00a0\u00bbdisplay\\\u00a0\u00bb:{\\\u00a0\u00bbhighBanner\\\u00a0\u00bb:true}}\u00a0\u00bb}<\/p>\n","protected":false},"excerpt":{"rendered":"Vous avez peut-\u00eatre vu passer sur vos r\u00e9seaux sociaux, un vigile de Sephora Bordeaux Sainte-Catherine qui encha\u00eene ses&hellip;\n","protected":false},"author":2,"featured_media":631289,"comment_status":"","ping_status":"","sticky":false,"template":"","format":"standard","meta":{"footnotes":""},"categories":[2817],"tags":[1111,11,1997,1777,674,1011,27,12,2219,25],"class_list":{"0":"post-631288","1":"post","2":"type-post","3":"status-publish","4":"format-standard","5":"has-post-thumbnail","7":"category-bordeaux","8":"tag-actu","9":"tag-actualites","10":"tag-bordeaux","11":"tag-eu","12":"tag-europe","13":"tag-fr","14":"tag-france","15":"tag-news","16":"tag-nouvelle-aquitaine","17":"tag-republique-francaise"},"share_on_mastodon":{"url":"https:\/\/pubeurope.com\/@fr\/115812210053711485","error":""},"_links":{"self":[{"href":"https:\/\/www.europesays.com\/fr\/wp-json\/wp\/v2\/posts\/631288","targetHints":{"allow":["GET"]}}],"collection":[{"href":"https:\/\/www.europesays.com\/fr\/wp-json\/wp\/v2\/posts"}],"about":[{"href":"https:\/\/www.europesays.com\/fr\/wp-json\/wp\/v2\/types\/post"}],"author":[{"embeddable":true,"href":"https:\/\/www.europesays.com\/fr\/wp-json\/wp\/v2\/users\/2"}],"replies":[{"embeddable":true,"href":"https:\/\/www.europesays.com\/fr\/wp-json\/wp\/v2\/comments?post=631288"}],"version-history":[{"count":0,"href":"https:\/\/www.europesays.com\/fr\/wp-json\/wp\/v2\/posts\/631288\/revisions"}],"wp:featuredmedia":[{"embeddable":true,"href":"https:\/\/www.europesays.com\/fr\/wp-json\/wp\/v2\/media\/631289"}],"wp:attachment":[{"href":"https:\/\/www.europesays.com\/fr\/wp-json\/wp\/v2\/media?parent=631288"}],"wp:term":[{"taxonomy":"category","embeddable":true,"href":"https:\/\/www.europesays.com\/fr\/wp-json\/wp\/v2\/categories?post=631288"},{"taxonomy":"post_tag","embeddable":true,"href":"https:\/\/www.europesays.com\/fr\/wp-json\/wp\/v2\/tags?post=631288"}],"curies":[{"name":"wp","href":"https:\/\/api.w.org\/{rel}","templated":true}]}}