{"id":631290,"date":"2025-12-31T04:07:21","date_gmt":"2025-12-31T04:07:21","guid":{"rendered":"https:\/\/www.europesays.com\/fr\/631290\/"},"modified":"2025-12-31T04:07:21","modified_gmt":"2025-12-31T04:07:21","slug":"metro-elections-concerts-grands-chantiers-les-grands-evenements-de-2026-a-toulouse-et-en-haute-garonne","status":"publish","type":"post","link":"https:\/\/www.europesays.com\/fr\/631290\/","title":{"rendered":"M\u00e9tro, \u00e9lections, concerts, grands chantiers\u2026 Les grands \u00e9v\u00e9nements de 2026 \u00e0 Toulouse et en Haute-Garonne"},"content":{"rendered":"<p>\n                                                                    l&rsquo;essentiel<br \/>\n                                                                Le chantier du m\u00e9tro entrera dans sa 4e ann\u00e9e, Toulouse va voter pour son maire, la Tour Occitanie devrait conna\u00eetre ses premiers coups de pioche\u2026 voici tous les grands \u00e9v\u00e9nements \u00e0 venir pour cette ann\u00e9e, \u00e0 Toulouse et en Haute-Garonne.\n                            <\/p>\n<p>2026 commencera fort. D\u00e8s le 15\u00a0mars, les Toulousains seront appel\u00e9s aux urnes pour le premier tour des \u00e9lections municipales. D\u00e8s les premiers jours de l\u2019ann\u00e9e, meetings, tractages et rencontres vont s\u2019encha\u00eener pour les listes en comp\u00e9tition.<\/p>\n<p>Le maire sortant, Jean-Luc Moudenc, tentera de d\u00e9crocher un troisi\u00e8me mandat apr\u00e8s 2014 et 2020, fort d\u2019une large coalition allant du centre \u00e0 la droite. En face, la gauche unie s\u2019organise autour de Fran\u00e7ois Brian\u00e7on, avec l\u2019ambition de reprendre le Capitole apr\u00e8s deux d\u00e9faites cons\u00e9cutives.<\/p>\n<p>Plusieurs listes d\u00e9j\u00e0 en course<\/p>\n<p>La campagne verra \u00e9galement la candidature de Fran\u00e7ois Piquemal pour La France insoumise, tandis que le Rassemblement national sera repr\u00e9sent\u00e9 par Julien Leonardelli.<\/p>\n<p>Richard M\u00e9baoudj, t\u00eate d\u2019une liste \u00ab\u00a0Toulouse \u00e0 pied et en commun\u00a0\u00bb, Lambert Meilhac, repr\u00e9sentant de Toulouse Nouvel Air (liste citoyenne li\u00e9e au parti \u00c9quinoxe) et Arthur Cottrel, candidat investi par Reconqu\u00eate, feront partie des candidats \u00e9galement.<\/p>\n<p>M\u00e9tro\u00a0: les premiers \u00e9quipements visibles en surface<\/p>\n<p>Parall\u00e8lement, 2026 constituera une ann\u00e9e cl\u00e9 pour les transports urbains. Les travaux de la ligne C du m\u00e9tro poursuivront leur phase lourde, avec le g\u00e9nie civil, le creusement des tunnels et les premiers \u00e9quipements visibles dans plusieurs quartiers, de Montaudran \u00e0 Bonnefoy en passant par l\u2019Ormeau et Lab\u00e8ge.<\/p>\n<p>        <img decoding=\"async\" class=\"std-img__img responsive-img\" src=\"https:\/\/www.europesays.com\/fr\/wp-content\/uploads\/2025\/12\/1767154037_463_image.png\" alt=\"La premi\u00e8re rame de la ligne C du m\u00e9tro, actuellement en phase de tests \u00e0 Valenciennes (Nord).\"\/><\/p>\n<p>                La premi\u00e8re rame de la ligne C du m\u00e9tro, actuellement en phase de tests \u00e0 Valenciennes (Nord).<br \/>\n                                    DDM &#8211; C. Dm.<\/p>\n<p>Le prolongement de la ligne B vers Lab\u00e8ge conna\u00eetra lui aussi une avanc\u00e9e concr\u00e8te, avec la pose des rails et l\u2019am\u00e9nagement des futures stations. La mise en service du prolongement est pr\u00e9vue fin 2027.<\/p>\n<p>Bigflo &amp; Oli ont pr\u00e9vu cinq Z\u00e9nith<\/p>\n<p>Bigflo &amp; Oli ont annonc\u00e9 leur retour sur sc\u00e8ne avec cinq concerts \u00ab \u00e0 la maison \u00bb, c\u2019est-\u00e0-dire au Z\u00e9nith de Toulouse, qui lanceront leur tourn\u00e9e au printemps 2026. Le duo toulousain se produira les 17, 18 et 19 avril, puis les 14 et 15 mai, \u00e0 l\u2019occasion de la sortie de \u00ab Karma \u00bb, leur cinqui\u00e8me album studio.<br \/>Pr\u00e9sent\u00e9 comme un projet de rap plus \u00e9pur\u00e9 et sinc\u00e8re, cet opus marque une nouvelle \u00e9tape artistique pour les fr\u00e8res Ordo\u00f1ez.<br \/>Le premier extrait, \u00ab Mourir pour rena\u00eetre \u00bb, a donn\u00e9 le ton d\u2019un recentrage musical et personnel. Un nouveau live, pens\u00e9 sp\u00e9cialement pour ces dates toulousaines, est annonc\u00e9, avec une sc\u00e9nographie in\u00e9dite. \u00ab On a plein d\u2019id\u00e9es, de trucs qu\u2019on n\u2019a jamais faits apr\u00e8s 10 ans de carri\u00e8re \u00bb, assure Oli.\u00c7a promet\u2005!<br \/>Du jeudi 17 au dimanche 19 avril puis jeudi 14 et vendredi 15 mai \u00e0 20h au Z\u00e9nith de Toulouse (11, avenue Raymond Badiou). Tarifs\u2005: de 45 \u00e0 77 \u20ac.<\/p>\n<p>Le drakkar toulousain va traverser l\u2019Atlantique<\/p>\n<p>Apr\u00e8s pr\u00e8s de quatre ans d\u2019efforts, l\u2019Orkan, le drakkar toulousain con\u00e7u pour \u00eatre l\u2019un des plus rapides du monde, a \u00e9t\u00e9 mis en eau en novembre\u00a02025. Pour concevoir ce drakkar de 28 m\u00e8tres et de 18 tonnes, plus de 250 b\u00e9n\u00e9voles, r\u00e9guliers ou occasionnels, se sont relay\u00e9s au fil des mois.<br \/>D\u00e9but 2026, l\u2019Orkan entamera des essais en Bretagne avant de s\u2019\u00e9lancer pour une travers\u00e9e transatlantique mi-mai depuis l\u2019\u00c9cosse, avec \u00e0 son bord une trentaine de matelots.<\/p>\n<p>Ligne A\u00e9roport Express\u00a0: premiers trajets en fin d\u2019ann\u00e9e<\/p>\n<p>La Ligne a\u00e9roport express (LAE) reliera le rond-point Jean-Maga \u00e0 l\u2019a\u00e9roport de Toulouse-Blagnac fin 2026. Les travaux se concentrent actuellement sur la lib\u00e9ration des emprises autour de Jean-Maga et de l\u2019a\u00e9roport, afin que la plateforme du futur tramway puisse \u00eatre am\u00e9nag\u00e9e.<\/p>\n<p>        <img decoding=\"async\" class=\"std-img__img responsive-img\" src=\"https:\/\/www.europesays.com\/fr\/wp-content\/uploads\/2025\/12\/1767154038_50_image.jpg\" alt=\"Les nouvelles rames de la Ligne A\u00e9roport Express.\"\/><\/p>\n<p>                Les nouvelles rames de la Ligne A\u00e9roport Express.<br \/>\n                                    Tiss\u00e9o<\/p>\n<p>\nUne interruption de la ligne T1 est pr\u00e9vue \u00e0 l\u2019\u00e9t\u00e9 2026. Elle servira \u00e0 modifier l\u2019ancien branchement vers l\u2019a\u00e9roport et \u00e0 construire un nouveau quai d\u2019\u00e9changes.<\/p>\n<p>Le parc du Ramier ouvre fin janvier<\/p>\n<p>Le \u00ab\u00a0Central Park\u00a0\u00bb toulousain est enfin achev\u00e9. L\u2019ancien Parc des expositions et son parking d\u00e9molis, pr\u00e8s de 40\u00a0000 plants ont \u00e9t\u00e9 r\u00e9alis\u00e9s pour offrir une oasis de fra\u00eecheur sur l\u2019\u00eele du Ramier.<\/p>\n<p>        <img decoding=\"async\" class=\"std-img__img responsive-img\" src=\"https:\/\/www.europesays.com\/fr\/wp-content\/uploads\/2025\/12\/1767154040_369_image.png\" alt=\"L\u2019ancien parking devant la piscine Nakache a laiss\u00e9 place \u00e0 des espaces verts.\"\/><\/p>\n<p>                L\u2019ancien parking devant la piscine Nakache a laiss\u00e9 place \u00e0 des espaces verts.<br \/>\n                                    DDM &#8211; FREDERIC CHARMEUX<\/p>\n<p>Son ouverture au public est pr\u00e9vue fin janvier. La palette v\u00e9g\u00e9tale pr\u00e9vue dans l\u2019enceinte du parc comprend des esp\u00e8ces m\u00e9diterran\u00e9ennes (ch\u00eane vert, lavande, laurier,\u00a0etc.) et a l\u2019avantage de n\u00e9cessiter peu d\u2019arrosage, permettant des \u00e9conomies en eau.<\/p>\n<p>Le CNES avec Sophie Adenot dans l\u2019espace<\/p>\n<p>Autour du 15\u00a0f\u00e9vrier 2026, Sophie Adenot s\u2019envolera pour la Station spatiale internationale (ISS). L\u2019astronaute fran\u00e7ais y m\u00e8nera sa premi\u00e8re mission, baptis\u00e9e Epsilon.<\/p>\n<p>        <img decoding=\"async\" class=\"std-img__img responsive-img\" src=\"https:\/\/www.europesays.com\/fr\/wp-content\/uploads\/2025\/12\/1767154041_270_image.png\" alt=\"Sophie Adenot.\"\/><\/p>\n<p>                Sophie Adenot.<br \/>\n                                    DDM &#8211; LAURENT DARD<\/p>\n<p>\nPendant huit mois, elle sera en charge de plusieurs dizaines d\u2019exp\u00e9riences scientifiques pour le compte de l\u2019Agence spatiale europ\u00e9enne (ESA). Le CNES, l\u2019agence spatiale fran\u00e7aise, lui en a pr\u00e9par\u00e9 sept qui seront suivies depuis le centre spatial de Toulouse par les \u00e9quipes du CADMOS.<\/p>\n<p>Le chantier de la\u00a0Tour Occitanie pourrait commencer en 2026<\/p>\n<p>Stopp\u00e9e pendant six ann\u00e9es de bataille judiciaire, la Tour Occitanie, projet priv\u00e9 port\u00e9 par la Compagnie de Phalsbourg, devrait conna\u00eetre ses premiers coups de pioche en 2026. C\u2019est ce qu\u2019a annonc\u00e9 il y a plusieurs mois son patron Philippe Journo, en ajoutant que si l\u2019architecture futuriste restait inchang\u00e9e, il fallait reprendre les \u00e9tudes sur le sujet cl\u00e9 des fondations. Car le tunnel du m\u00e9tro sera finalement termin\u00e9 avant la construction du gratte-ciel, sous lequel il passe selon un trac\u00e9 l\u00e9g\u00e8rement modifi\u00e9.<\/p>\n<p>Une troisi\u00e8me salle \u00e0 la Cin\u00e9math\u00e8que<\/p>\n<p>Apr\u00e8s 18 mois de travaux, la Cin\u00e9math\u00e8que de Toulouse rouvrira le 10 avril 2026. \u00c0 cette occasion, un grand week-end festif se d\u00e9roulera sur trois jours les 10, 11 et 12 avril. Une troisi\u00e8me salle de projection interm\u00e9diaire de 100 places compl\u00e9tera l\u2019offre existante compos\u00e9e de la grande salle de 200 places et de la petite de 39 places. Pour y parvenir, les bureaux ont \u00e9t\u00e9 transf\u00e9r\u00e9s au-dessus du porche d\u2019entr\u00e9e, la biblioth\u00e8que a \u00e9t\u00e9 install\u00e9e dans les anciens bureaux, alors que la troisi\u00e8me salle a \u00e9t\u00e9 am\u00e9nag\u00e9e dans l\u2019ancienne biblioth\u00e8que.<\/p>\n","protected":false},"excerpt":{"rendered":"l&rsquo;essentiel Le chantier du m\u00e9tro entrera dans sa 4e ann\u00e9e, Toulouse va voter pour son maire, la Tour&hellip;\n","protected":false},"author":2,"featured_media":631291,"comment_status":"","ping_status":"","sticky":false,"template":"","format":"standard","meta":{"footnotes":""},"categories":[2816],"tags":[1111,11,1777,674,1011,27,329,2722,12,2680,25,1857,2312,69111],"class_list":{"0":"post-631290","1":"post","2":"type-post","3":"status-publish","4":"format-standard","5":"has-post-thumbnail","7":"category-toulouse","8":"tag-actu","9":"tag-actualites","10":"tag-eu","11":"tag-europe","12":"tag-fr","13":"tag-france","14":"tag-france-monde","15":"tag-haute-garonne","16":"tag-news","17":"tag-occitanie","18":"tag-republique-francaise","19":"tag-sociu00e9tu00e9","20":"tag-toulouse","21":"tag-urbanisme-amu00e9nagement"},"share_on_mastodon":{"url":"https:\/\/pubeurope.com\/@fr\/115812214189604902","error":""},"_links":{"self":[{"href":"https:\/\/www.europesays.com\/fr\/wp-json\/wp\/v2\/posts\/631290","targetHints":{"allow":["GET"]}}],"collection":[{"href":"https:\/\/www.europesays.com\/fr\/wp-json\/wp\/v2\/posts"}],"about":[{"href":"https:\/\/www.europesays.com\/fr\/wp-json\/wp\/v2\/types\/post"}],"author":[{"embeddable":true,"href":"https:\/\/www.europesays.com\/fr\/wp-json\/wp\/v2\/users\/2"}],"replies":[{"embeddable":true,"href":"https:\/\/www.europesays.com\/fr\/wp-json\/wp\/v2\/comments?post=631290"}],"version-history":[{"count":0,"href":"https:\/\/www.europesays.com\/fr\/wp-json\/wp\/v2\/posts\/631290\/revisions"}],"wp:featuredmedia":[{"embeddable":true,"href":"https:\/\/www.europesays.com\/fr\/wp-json\/wp\/v2\/media\/631291"}],"wp:attachment":[{"href":"https:\/\/www.europesays.com\/fr\/wp-json\/wp\/v2\/media?parent=631290"}],"wp:term":[{"taxonomy":"category","embeddable":true,"href":"https:\/\/www.europesays.com\/fr\/wp-json\/wp\/v2\/categories?post=631290"},{"taxonomy":"post_tag","embeddable":true,"href":"https:\/\/www.europesays.com\/fr\/wp-json\/wp\/v2\/tags?post=631290"}],"curies":[{"name":"wp","href":"https:\/\/api.w.org\/{rel}","templated":true}]}}