{"id":631294,"date":"2025-12-31T04:10:15","date_gmt":"2025-12-31T04:10:15","guid":{"rendered":"https:\/\/www.europesays.com\/fr\/631294\/"},"modified":"2025-12-31T04:10:15","modified_gmt":"2025-12-31T04:10:15","slug":"les-poubelles-debordent-a-lille","status":"publish","type":"post","link":"https:\/\/www.europesays.com\/fr\/631294\/","title":{"rendered":"Les poubelles d\u00e9bordent \u00e0 Lille"},"content":{"rendered":"<p class=\"jsx-4058425199 jsx-2164199691 ExpandableText__Text\">Les poubelles s&rsquo;accumulent dans une partie de l&rsquo;agglom\u00e9ration de Lille. Depuis huit jours, les \u00e9boueurs sont en gr\u00e8ve. Un conflit qui porte sur les salaires et les conditions de travail, dont les cons\u00e9quences touchent un demi- million d&rsquo;habitants. En plus de l&rsquo;ins\u00e9curit\u00e9, s&rsquo;ajoute de s\u00e9rieux probl\u00e8mes d&rsquo;hygi\u00e8ne et l&rsquo;arriv\u00e9e des nuisibles. Seul 20 % des collectes ont \u00e9t\u00e9 assur\u00e9es. La m\u00e9tropole essaie de presser les n\u00e9gociations. En attendant, elle demande aux riverains de garder les d\u00e9chets \u00e0 l&rsquo;int\u00e9rieur.<\/p>\n<p>Lire plusReplier<\/p>\n","protected":false},"excerpt":{"rendered":"Les poubelles s&rsquo;accumulent dans une partie de l&rsquo;agglom\u00e9ration de Lille. Depuis huit jours, les \u00e9boueurs sont en gr\u00e8ve.&hellip;\n","protected":false},"author":2,"featured_media":631295,"comment_status":"","ping_status":"","sticky":false,"template":"","format":"standard","meta":{"footnotes":""},"categories":[2815],"tags":[1111,11,1777,674,1011,27,18677,811,2952,1307,12,1800,25,133,5737],"class_list":{"0":"post-631294","1":"post","2":"type-post","3":"status-publish","4":"format-standard","5":"has-post-thumbnail","7":"category-lille","8":"tag-actu","9":"tag-actualites","10":"tag-eu","11":"tag-europe","12":"tag-fr","13":"tag-france","14":"tag-greves","15":"tag-hauts-de-france","16":"tag-le-20h","17":"tag-lille","18":"tag-news","19":"tag-pollution","20":"tag-republique-francaise","21":"tag-video","22":"tag-video-environnement"},"share_on_mastodon":{"url":"https:\/\/pubeurope.com\/@fr\/115812225679958640","error":""},"_links":{"self":[{"href":"https:\/\/www.europesays.com\/fr\/wp-json\/wp\/v2\/posts\/631294","targetHints":{"allow":["GET"]}}],"collection":[{"href":"https:\/\/www.europesays.com\/fr\/wp-json\/wp\/v2\/posts"}],"about":[{"href":"https:\/\/www.europesays.com\/fr\/wp-json\/wp\/v2\/types\/post"}],"author":[{"embeddable":true,"href":"https:\/\/www.europesays.com\/fr\/wp-json\/wp\/v2\/users\/2"}],"replies":[{"embeddable":true,"href":"https:\/\/www.europesays.com\/fr\/wp-json\/wp\/v2\/comments?post=631294"}],"version-history":[{"count":0,"href":"https:\/\/www.europesays.com\/fr\/wp-json\/wp\/v2\/posts\/631294\/revisions"}],"wp:featuredmedia":[{"embeddable":true,"href":"https:\/\/www.europesays.com\/fr\/wp-json\/wp\/v2\/media\/631295"}],"wp:attachment":[{"href":"https:\/\/www.europesays.com\/fr\/wp-json\/wp\/v2\/media?parent=631294"}],"wp:term":[{"taxonomy":"category","embeddable":true,"href":"https:\/\/www.europesays.com\/fr\/wp-json\/wp\/v2\/categories?post=631294"},{"taxonomy":"post_tag","embeddable":true,"href":"https:\/\/www.europesays.com\/fr\/wp-json\/wp\/v2\/tags?post=631294"}],"curies":[{"name":"wp","href":"https:\/\/api.w.org\/{rel}","templated":true}]}}