{"id":631299,"date":"2025-12-31T04:13:16","date_gmt":"2025-12-31T04:13:16","guid":{"rendered":"https:\/\/www.europesays.com\/fr\/631299\/"},"modified":"2025-12-31T04:13:16","modified_gmt":"2025-12-31T04:13:16","slug":"la-prefecture-autorise-lusage-de-cameras-aeroportees-au-dessus-de-ces-quatre-communes-a-risque-pres-de-lyon","status":"publish","type":"post","link":"https:\/\/www.europesays.com\/fr\/631299\/","title":{"rendered":"la pr\u00e9fecture autorise l\u2019usage de cam\u00e9ras a\u00e9roport\u00e9es au-dessus de ces quatre communes \u00e0 risque pr\u00e8s de Lyon"},"content":{"rendered":"<p itemprop=\"description\"><strong>Apr\u00e8s une Saint-Sylvestre 2024 marqu\u00e9e par des incendies de v\u00e9hicules et des violences, la pr\u00e9fecture du Rh\u00f4ne autorise le recours \u00e0 un h\u00e9licopt\u00e8re \u00e9quip\u00e9 de cam\u00e9ras dans quatre communes de la m\u00e9tropole de Lyon.<\/strong><\/p>\n<p>La pr\u00e9fecture du Rh\u00f4ne a donn\u00e9 son feu vert \u00e0 l\u2019usage de cam\u00e9ras a\u00e9roport\u00e9es, dans le cadre du dispositif de s\u00e9curit\u00e9 pr\u00e9vu pour la nuit du Nouvel An. Un arr\u00eat\u00e9, pris le 24 d\u00e9cembre, autorise la Direction interd\u00e9partementale de la police nationale (DIPN) du Rh\u00f4ne \u00e0 \u00ab\u00a0capter, enregistrer et transmettre des images au moyen d\u2019une cam\u00e9ra install\u00e9e sur un a\u00e9ronef.\u00a0\u00bb<\/p>\n<p>Cette d\u00e9cision intervient dans un contexte particulier. L\u2019arr\u00eat\u00e9 rappelle que\u00a0\u00ab\u00a0l\u2019\u00e9dition 2024 a connu de nombreux incidents\u00a0\u00bb, avec \u00ab\u00a082 v\u00e9hicules incendi\u00e9s et de nombreux projectiles\u00a0\u00bb jet\u00e9s sur les forces de l\u2019ordre.<\/p>\n<p>Selon la pr\u00e9fecture, la demande formul\u00e9e le 23 d\u00e9cembre 2025 par la police nationale vise explicitement la \u00ab\u00a0pr\u00e9vention des atteintes \u00e0 la s\u00e9curit\u00e9 des personnes et des biens et la s\u00e9curisation des rassemblements.\u00a0\u00bb<\/p>\n<p>Quatre communes sont concern\u00e9es : Vaulx-en-Velin, V\u00e9nissieux, Villeurbanne et Rillieux-la-Pape. \u00c0 elles seules, elles concentrent \u00ab\u00a049 % des faits de violences, de d\u00e9gradations et de destructions pour la Saint-Sylvestre 2024\u00a0\u00bb, souligne l\u2019arr\u00eat\u00e9.<\/p>\n<p>Pour appuyer une nouvelle fois cette d\u00e9cision, la pr\u00e9fecture estime par ailleurs que les moyens existants sont insuffisants. Les dispositifs de vid\u00e9oprotection au sol \u00ab\u00a0ne permettent pas de couvrir l\u2019ensemble du secteur concern\u00e9\u00a0\u00bb, tandis que les cam\u00e9ras embarqu\u00e9es offrent \u00ab\u00a0une continuit\u00e9 d\u2019observation sans d\u00e9placement d\u2019effectifs d\u2019une commune \u00e0 l\u2019autre.\u00a0\u00bb Leur mobilit\u00e9 permet \u00e9galement \u00ab\u00a0d\u2019\u00eatre dans l\u2019anticipation et non dans la r\u00e9action a posteriori.\u00a0\u00bb<\/p>\n<p>Le texte explique que \u00ab\u00a0seule la mise en \u0153uvre de l\u2019h\u00e9licopt\u00e8re peut permettre le suivi\u00a0\u00bb, celui-ci \u00e9tant \u00e9quip\u00e9\u00a0\u00ab\u00a0en optique thermique et infra rouge.\u00a0\u00bb Un seul dispositif est autoris\u00e9 : une cam\u00e9ra Wescam MX15, embarqu\u00e9e sur h\u00e9licopt\u00e8re. La mesure est strictement encadr\u00e9e dans le temps. La captation d\u2019images est autoris\u00e9e du mercredi 31 d\u00e9cembre 2025 \u00e0 18 heures au jeudi 1er janvier 2026 \u00e0 2 heures, et uniquement \u00ab\u00a0aux lieux o\u00f9 sont susceptibles de survenir les atteintes\u00a0\u00bb\u00a0vis\u00e9es par l\u2019arr\u00eat\u00e9.<\/p>\n","protected":false},"excerpt":{"rendered":"Apr\u00e8s une Saint-Sylvestre 2024 marqu\u00e9e par des incendies de v\u00e9hicules et des violences, la pr\u00e9fecture du Rh\u00f4ne autorise&hellip;\n","protected":false},"author":2,"featured_media":631300,"comment_status":"","ping_status":"","sticky":false,"template":"","format":"standard","meta":{"footnotes":""},"categories":[1889],"tags":[1111,11,2813,2190,2430,1109,251,1112,2811,1777,674,118,1011,27,1922,1110,1114,2428,2810,12,241,316,25,2812,517,800],"class_list":{"0":"post-631299","1":"post","2":"type-post","3":"status-publish","4":"format-standard","5":"has-post-thumbnail","7":"category-lyon","8":"tag-actu","9":"tag-actualites","10":"tag-article","11":"tag-asvel","12":"tag-auvergne-rhone-alpes","13":"tag-breves","14":"tag-culture","15":"tag-depeches","16":"tag-economique","17":"tag-eu","18":"tag-europe","19":"tag-faits-divers","20":"tag-fr","21":"tag-france","22":"tag-info","23":"tag-informations","24":"tag-infos","25":"tag-lyon","26":"tag-lyonmag","27":"tag-news","28":"tag-ol","29":"tag-politique","30":"tag-republique-francaise","31":"tag-sociale","32":"tag-sport","33":"tag-transports"},"share_on_mastodon":{"url":"https:\/\/pubeurope.com\/@fr\/115812237500960708","error":""},"_links":{"self":[{"href":"https:\/\/www.europesays.com\/fr\/wp-json\/wp\/v2\/posts\/631299","targetHints":{"allow":["GET"]}}],"collection":[{"href":"https:\/\/www.europesays.com\/fr\/wp-json\/wp\/v2\/posts"}],"about":[{"href":"https:\/\/www.europesays.com\/fr\/wp-json\/wp\/v2\/types\/post"}],"author":[{"embeddable":true,"href":"https:\/\/www.europesays.com\/fr\/wp-json\/wp\/v2\/users\/2"}],"replies":[{"embeddable":true,"href":"https:\/\/www.europesays.com\/fr\/wp-json\/wp\/v2\/comments?post=631299"}],"version-history":[{"count":0,"href":"https:\/\/www.europesays.com\/fr\/wp-json\/wp\/v2\/posts\/631299\/revisions"}],"wp:featuredmedia":[{"embeddable":true,"href":"https:\/\/www.europesays.com\/fr\/wp-json\/wp\/v2\/media\/631300"}],"wp:attachment":[{"href":"https:\/\/www.europesays.com\/fr\/wp-json\/wp\/v2\/media?parent=631299"}],"wp:term":[{"taxonomy":"category","embeddable":true,"href":"https:\/\/www.europesays.com\/fr\/wp-json\/wp\/v2\/categories?post=631299"},{"taxonomy":"post_tag","embeddable":true,"href":"https:\/\/www.europesays.com\/fr\/wp-json\/wp\/v2\/tags?post=631299"}],"curies":[{"name":"wp","href":"https:\/\/api.w.org\/{rel}","templated":true}]}}