{"id":631301,"date":"2025-12-31T04:14:28","date_gmt":"2025-12-31T04:14:28","guid":{"rendered":"https:\/\/www.europesays.com\/fr\/631301\/"},"modified":"2025-12-31T04:14:28","modified_gmt":"2025-12-31T04:14:28","slug":"nouvel-an-2026-les-metros-a-lyon-circuleront-la-nuit-du-31-decembre-2025","status":"publish","type":"post","link":"https:\/\/www.europesays.com\/fr\/631301\/","title":{"rendered":"Nouvel an 2026 : les m\u00e9tros \u00e0 Lyon circuleront la nuit du 31 d\u00e9cembre 2025"},"content":{"rendered":"<p><img loading=\"lazy\" decoding=\"async\" alt=\"\u00a9 Flora Chaduc - Les quatre lignes du m\u00e9tro lyonnais resteront ouvertes durant toute la nuit de la Saint-Sylvestre.\" data-zoom-src=\"https:\/\/www.europesays.com\/fr\/wp-content\/uploads\/2025\/12\/initial-metro-c-foule-lyon-croix-rousse.jpg\" data-zoomable=\"\" height=\"702\" src=\"https:\/\/www.europesays.com\/fr\/wp-content\/uploads\/2025\/12\/initial-metro-c-foule-lyon-croix-rousse.jpg\" width=\"1248\"\/>  <\/p>\n<p class=\"article-desc\">\u00a9 Flora Chaduc &#8211; Les quatre lignes du m\u00e9tro lyonnais resteront ouvertes durant toute la nuit de la Saint-Sylvestre. <\/p>\n<p>Les Lyonnais vont pouvoir faire la f\u00eate jusqu&rsquo;au petit matin ! Comme chaque ann\u00e9e, <strong>Sytral mobilit\u00e9s<\/strong> d\u00e9ploie un dispositif sp\u00e9cial pour <strong>la nuit du 31 d\u00e9cembre au 1er janvier<\/strong>. A l&rsquo;occasion de la soir\u00e9e du <strong>r\u00e9veillon du Nouvel An 2026<\/strong>, le r\u00e9seau <strong>TCL <\/strong>sera renforc\u00e9 pour fonctionner toute la nuit. <\/p>\n<p> Lyon : les m\u00e9tros et funiculaires circuleront la nuit du 31 d\u00e9cembre 2025 <\/p>\n<p>Ainsi, les <strong>quatre lignes de m\u00e9tro<\/strong> (A, B, C et D) circuleront toute la nuit, sans interruption, \u00ab\u00a0avec des fr\u00e9quences adapt\u00e9es\u00a0\u00bb, pr\u00e9cise Sytral mobilit\u00e9s : <\/p>\n<ul>\n<li><strong>le m\u00e9tro A<\/strong> : toutes les 9 \u00e0 10 minutes ; <\/li>\n<li><strong>le m\u00e9tro B<\/strong> : toutes les 5 minutes ;\u00a0 <\/li>\n<li><strong>le m\u00e9tro C<\/strong> : toutes les 12 minutes ;\u00a0 <\/li>\n<li><strong>le m\u00e9tro D<\/strong> : toutes les 5&rsquo;30 minutes.<\/li>\n<\/ul>\n<p>Pour compl\u00e9ter l&rsquo;offre, les usagers pourront \u00e9galement utiliser les <strong>funiculaires F1 et F2<\/strong> : ils devront toutefois chacun s&rsquo;interrompre une heure pour une maintenance quotidienne obligatoire : <\/p>\n<ul>\n<li>le F1 circulera <strong>toutes les 12 minutes<\/strong> sauf interruption entre 4h et 5h ; <\/li>\n<li>le F2 <strong>toutes les 10 minutes<\/strong>, sauf interruption entre 5h et 6h.<\/li>\n<\/ul>\n<p> Les bus de nuit Pleine Lune d\u00e9ploy\u00e9s \u00e0 Lyon pour le r\u00e9veillon du Nouvel An 2026 <\/p>\n<p>Les <strong>lignes Pleine Lune<\/strong> seront \u00e9galement mobilis\u00e9es, afin d&rsquo;offrir un <strong>service de bus durant la nuit<\/strong>\u00a0:\u00a0<\/p>\n<ul>\n<li>le <strong>bus PL1<\/strong> circulera de 00h47 \u00e0 5h ; <\/li>\n<li>le <strong>bus PL2<\/strong> de 1h \u00e0 5h ; <\/li>\n<li>le <strong>bus PL3<\/strong> de 00h42 \u00e0 5h ;\u00a0 <\/li>\n<li>le <strong>bus PL4<\/strong> de 00h46 \u00e0 5h.<\/li>\n<\/ul>\n<p>Toutes les autres lignes du <strong>r\u00e9seau TCL<\/strong> circuleront selon leurs horaires habituels. <\/p>\n<p> 31 d\u00e9cembre : les horaires pour garer sa voiture dans les parc-relais \u00e0 Lyon <\/p>\n<p>A noter que <strong>quatre parcs relais resteront accessibles en continu<\/strong> durant la nuit de la <strong>Saint-Sylvestre<\/strong> : <\/p>\n<ul>\n<li>Vaulx-en-Velin La Soie ; <\/li>\n<li>Mermoz-Pinel ; <\/li>\n<li>Vaise 1 ; <\/li>\n<li>Saint-Genis-Laval H\u00f4pital Lyon Sud.<\/li>\n<\/ul>\n<p>Les autres parcs relais (accessibles aux usagers TCL munis\u00a0d&rsquo;un titre de transport en cours de validit\u00e9 &#8211; attention aux abonnements qui prennent fin dans la nuit) fermeront aux horaires habituels : \u00e0 1h pour ceux en correspondance avec les tramways et \u00e0 3h pour ceux en lien avec les m\u00e9tros.<\/p>\n","protected":false},"excerpt":{"rendered":"\u00a9 Flora Chaduc &#8211; Les quatre lignes du m\u00e9tro lyonnais resteront ouvertes durant toute la nuit de la&hellip;\n","protected":false},"author":2,"featured_media":631302,"comment_status":"","ping_status":"","sticky":false,"template":"","format":"standard","meta":{"footnotes":""},"categories":[1889],"tags":[1111,11,2430,1777,674,1011,27,2428,12,39117,25,32563,10213,2216],"class_list":{"0":"post-631301","1":"post","2":"type-post","3":"status-publish","4":"format-standard","5":"has-post-thumbnail","7":"category-lyon","8":"tag-actu","9":"tag-actualites","10":"tag-auvergne-rhone-alpes","11":"tag-eu","12":"tag-europe","13":"tag-fr","14":"tag-france","15":"tag-lyon","16":"tag-news","17":"tag-nouvel-an","18":"tag-republique-francaise","19":"tag-sytral-mobilitu00e9s","20":"tag-tcl","21":"tag-transports-en-commun"},"share_on_mastodon":{"url":"https:\/\/pubeurope.com\/@fr\/115812241479787157","error":""},"_links":{"self":[{"href":"https:\/\/www.europesays.com\/fr\/wp-json\/wp\/v2\/posts\/631301","targetHints":{"allow":["GET"]}}],"collection":[{"href":"https:\/\/www.europesays.com\/fr\/wp-json\/wp\/v2\/posts"}],"about":[{"href":"https:\/\/www.europesays.com\/fr\/wp-json\/wp\/v2\/types\/post"}],"author":[{"embeddable":true,"href":"https:\/\/www.europesays.com\/fr\/wp-json\/wp\/v2\/users\/2"}],"replies":[{"embeddable":true,"href":"https:\/\/www.europesays.com\/fr\/wp-json\/wp\/v2\/comments?post=631301"}],"version-history":[{"count":0,"href":"https:\/\/www.europesays.com\/fr\/wp-json\/wp\/v2\/posts\/631301\/revisions"}],"wp:featuredmedia":[{"embeddable":true,"href":"https:\/\/www.europesays.com\/fr\/wp-json\/wp\/v2\/media\/631302"}],"wp:attachment":[{"href":"https:\/\/www.europesays.com\/fr\/wp-json\/wp\/v2\/media?parent=631301"}],"wp:term":[{"taxonomy":"category","embeddable":true,"href":"https:\/\/www.europesays.com\/fr\/wp-json\/wp\/v2\/categories?post=631301"},{"taxonomy":"post_tag","embeddable":true,"href":"https:\/\/www.europesays.com\/fr\/wp-json\/wp\/v2\/tags?post=631301"}],"curies":[{"name":"wp","href":"https:\/\/api.w.org\/{rel}","templated":true}]}}