{"id":631303,"date":"2025-12-31T04:16:14","date_gmt":"2025-12-31T04:16:14","guid":{"rendered":"https:\/\/www.europesays.com\/fr\/631303\/"},"modified":"2025-12-31T04:16:14","modified_gmt":"2025-12-31T04:16:14","slug":"jusqua-quand-vont-durer-le-froid-glacial-et-le-grand-soleil-a-paris-et-en-ile-de-france","status":"publish","type":"post","link":"https:\/\/www.europesays.com\/fr\/631303\/","title":{"rendered":"jusqu&rsquo;\u00e0 quand vont durer le froid glacial et le grand soleil \u00e0 Paris et en \u00cele-de-France\u00a0?"},"content":{"rendered":"<p>                    Par<br \/>\n        <strong><br \/>\n            <a href=\"https:\/\/actu.fr\/auteur\/redaction-paris\" title=\"Consulter tous les articles de R\u00e9daction Paris\" target=\"_blank\" rel=\"noopener\">R\u00e9daction Paris<\/a><br \/>\n                    <\/strong><\/p>\n<p>        Publi\u00e9 le<\/p>\n<p>            30 d\u00e9c. 2025 \u00e0 11h42        <\/p>\n<p>La cl\u00f4ture de l\u2019ann\u00e9e 2025 se fera sous les rayons du soleil. Sans faire grimper le mercure pour autant. Apr\u00e8s <a href=\"https:\/\/actu.fr\/ile-de-france\/paris_75056\/chute-brutale-des-temperatures-meteo-france-prevoit-un-noel-enneige-a-paris-et-en-ile-de-france_63608954.html\" target=\"_blank\" rel=\"noopener\">une chute des temp\u00e9ratures intervenue en d\u00e9but de semaine derni\u00e8re<\/a> \u00e0 Paris et en \u00cele-de-France, la situation devrait perdurer pour le Nouvel An. Gants et bonnet devraient \u00eatre de sortie jusqu\u2019aux premiers jours de janvier pour affronter le froid. <a href=\"https:\/\/meteofrance.com\/\" target=\"_blank\" rel=\"noopener\">M\u00e9t\u00e9o France<\/a> pr\u00e9voit des journ\u00e9es entre 3 et 5\u00a0\u00b0C et des nuits proches de 0\u00a0\u00b0C.<\/p>\n<p>Les derniers rayons de soleil<\/p>\n<p class=\" wall-content\">Jeudi\u00a01er et vendredi 2\u00a0janvier 2026 doivent \u00eatre les seuls jours de la semaine \u00e0 voir de petits nuages. Quelques gouttes doivent tomber dans l\u2019apr\u00e8s-midi du vendredi avant de s\u2019arr\u00eater net en d\u00e9but de soir\u00e9e. Les pr\u00e9visions de M\u00e9t\u00e9o France annoncent un premier week-end de 2026 sous un grand soleil au-dessus de toute la r\u00e9gion.<\/p>\n<p class=\" wall-content\">Les conditions m\u00e9t\u00e9orologiques devraient se d\u00e9grader \u00e0 partir du mercredi 7\u00a0janvier cependant. Si la fin de 2025 doit \u00eatre marqu\u00e9e par la lumi\u00e8re du soleil, le d\u00e9but de la nouvelle ann\u00e9e devrait \u00eatre accompagn\u00e9 d\u2019importantes pluies. Du c\u00f4t\u00e9 des temp\u00e9ratures, celles-ci devraient stagner autour de 4\u00a0\u00b0C. Soit, des normales de saison.<\/p>\n<p>Le plan grand froid activ\u00e9<\/p>\n<p class=\" wall-content\">Apr\u00e8s une semaine de temp\u00e9ratures glaciales, <a href=\"https:\/\/actu.fr\/ile-de-france\/paris_75056\/meteo-glaciale-le-plan-grand-froid-active-a-paris-et-en-ile-de-france-pour-proteger-les-sans-abri_63628994.html\" target=\"_blank\" rel=\"noopener\">le plan grand froid a \u00e9t\u00e9 activ\u00e9 \u00e0 Paris<\/a> dimanche 28\u00a0d\u00e9cembre 2025. \u00ab\u2009Compte tenu des derni\u00e8res pr\u00e9visions m\u00e9t\u00e9orologiques de M\u00e9t\u00e9o-France pour les prochains jours\u2009\u00bb et de \u00ab\u2009la persistance des temp\u00e9ratures n\u00e9gatives la nuit\u2009\u00bb, la pr\u00e9fecture d\u2019\u00cele-de-France a d\u00e9clench\u00e9 ce plan pour renforcer les mesures de mises \u00e0 l\u2019abri des personnes en situation de rue. Le plan grand froid permet une extension des horaires d\u2019ouverture des accueils de jour, un renforcement des maraudes et la r\u00e9quisition de lieux pour ouvrir des places d\u2019h\u00e9bergement d\u2019urgence pour les sans-abri de la capitale.<\/p>\n<p class=\" wall-content\">Les pr\u00e9fectures des Hauts-de-Seine, de Seine-Saint-Denis, de Seine-et-Marne et du Val-d\u2019Oise ont annonc\u00e9 avoir aussi activ\u00e9 ce plan et les autres d\u00e9partements d\u2019\u00cele-de-France doivent suivre \u00e9galement.<\/p>\n<p class=\" wall-content\">Personnalisez votre actualit\u00e9 en ajoutant vos villes et m\u00e9dias en favori avec <a href=\"https:\/\/moncompte.actu.fr\" title=\"D\u00e9couvez Mon Actu\" rel=\"nofollow noopener\" data-trk=\"{&quot;cta&quot;:{&quot;action&quot;:&quot;https:\\\/\\\/moncompte.actu.fr&quot;,&quot;category&quot;:&quot;mon compte&quot;,&quot;from&quot;:&quot;article footer&quot;,&quot;name&quot;:&quot;Mon actu&quot;,&quot;type&quot;:&quot;cta&quot;}}\" target=\"_blank\">Mon Actu<\/a>.<\/p>\n","protected":false},"excerpt":{"rendered":"Par R\u00e9daction Paris Publi\u00e9 le 30 d\u00e9c. 2025 \u00e0 11h42 La cl\u00f4ture de l\u2019ann\u00e9e 2025 se fera sous&hellip;\n","protected":false},"author":2,"featured_media":631304,"comment_status":"","ping_status":"","sticky":false,"template":"","format":"standard","meta":{"footnotes":""},"categories":[1592],"tags":[1111,11,1777,674,1011,27,3447,662,2487,2357,12,626,25],"class_list":{"0":"post-631303","1":"post","2":"type-post","3":"status-publish","4":"format-standard","5":"has-post-thumbnail","7":"category-ile-de-france","8":"tag-actu","9":"tag-actualites","10":"tag-eu","11":"tag-europe","12":"tag-fr","13":"tag-france","14":"tag-froid","15":"tag-ile-de-france","16":"tag-meteo","17":"tag-meteo-france","18":"tag-news","19":"tag-paris","20":"tag-republique-francaise"},"share_on_mastodon":{"url":"https:\/\/pubeurope.com\/@fr\/115812249361172676","error":""},"_links":{"self":[{"href":"https:\/\/www.europesays.com\/fr\/wp-json\/wp\/v2\/posts\/631303","targetHints":{"allow":["GET"]}}],"collection":[{"href":"https:\/\/www.europesays.com\/fr\/wp-json\/wp\/v2\/posts"}],"about":[{"href":"https:\/\/www.europesays.com\/fr\/wp-json\/wp\/v2\/types\/post"}],"author":[{"embeddable":true,"href":"https:\/\/www.europesays.com\/fr\/wp-json\/wp\/v2\/users\/2"}],"replies":[{"embeddable":true,"href":"https:\/\/www.europesays.com\/fr\/wp-json\/wp\/v2\/comments?post=631303"}],"version-history":[{"count":0,"href":"https:\/\/www.europesays.com\/fr\/wp-json\/wp\/v2\/posts\/631303\/revisions"}],"wp:featuredmedia":[{"embeddable":true,"href":"https:\/\/www.europesays.com\/fr\/wp-json\/wp\/v2\/media\/631304"}],"wp:attachment":[{"href":"https:\/\/www.europesays.com\/fr\/wp-json\/wp\/v2\/media?parent=631303"}],"wp:term":[{"taxonomy":"category","embeddable":true,"href":"https:\/\/www.europesays.com\/fr\/wp-json\/wp\/v2\/categories?post=631303"},{"taxonomy":"post_tag","embeddable":true,"href":"https:\/\/www.europesays.com\/fr\/wp-json\/wp\/v2\/tags?post=631303"}],"curies":[{"name":"wp","href":"https:\/\/api.w.org\/{rel}","templated":true}]}}