{"id":631309,"date":"2025-12-31T04:19:22","date_gmt":"2025-12-31T04:19:22","guid":{"rendered":"https:\/\/www.europesays.com\/fr\/631309\/"},"modified":"2025-12-31T04:19:22","modified_gmt":"2025-12-31T04:19:22","slug":"val-doise-ils-dessinent-une-tour-eiffel-avec-les-phares-de-leurs-tracteurs-pour-defendre-la-production-francaise","status":"publish","type":"post","link":"https:\/\/www.europesays.com\/fr\/631309\/","title":{"rendered":"Val-d\u2019Oise\u00a0: ils dessinent une tour Eiffel avec les phares de leurs tracteurs pour d\u00e9fendre la production fran\u00e7aise"},"content":{"rendered":"<p class=\"paragraph text_align_left lp-f-body-02\">Ils \u00e9taient une quarantaine de tracteurs sur une parcelle de chaumes de ma\u00efs \u00e0 Attainville (Val-d\u2019Oise), lundi 29 d\u00e9cembre au soir. Dans la nuit, avec leurs v\u00e9hicules \u00e9clair\u00e9s, ils ont trac\u00e9 une tour Eiffel, visible depuis le ciel. Une op\u00e9ration de communication visuelle organis\u00e9e par la FDSEA Pays de France pour d\u00e9fendre \u00ab la souverainet\u00e9 alimentaire fran\u00e7aise \u00bb.<\/p>\n<p class=\"\">\u00ab Il n\u2019y a pas de vacances dans le monde agricole \u00bb, souligne \u00c9douard Seynhaeve, vice-pr\u00e9sident de la FDSEA Pays de France. Le rassemblement, auquel ont particip\u00e9 une vingtaine <a href=\"https:\/\/www.leparisien.fr\/val-d-oise-95\/val-doise-les-agriculteurs-en-colere-du-vexin-roulent-sur-la15-en-direction-de-paris-26-01-2024-AIVZXMYRKFCSFF7IN74LAJMODI.php\" target=\"_blank\" rel=\"noreferrer noopener\">d\u2019exploitants agricoles du Vexin<\/a>, visait \u00e0 exprimer l\u2019inqui\u00e9tude des agriculteurs concernant l\u2019accord de libre-\u00e9change entre l\u2019Union europ\u00e9enne et le Mercosur (zone de libre-\u00e9change sud-am\u00e9ricaine). La France et L\u2019Italie ont en effet demand\u00e9 le report de son entr\u00e9e en application mais, la pr\u00e9sidente de la Commission europ\u00e9enne, Ursula von der Leyen, s\u2019est dite \u00ab confiante \u00bb sur la possibilit\u00e9 de signer l\u2019accord en janvier.<\/p>\n<p class=\"\">\u00ab Il y a aussi la <a href=\"https:\/\/www.leparisien.fr\/economie\/macron-nous-plante-un-poignard-dans-le-dos-les-agriculteurs-demandent-des-comptes-apres-la-volte-face-sur-le-mercosur-11-11-2025-GBO6GZZQBBAHXD2ZIVOVFTXW54.php#:~:text=Une%20nouvelle%20taxe%20europ%C3%A9enne%2C%20le,par%20tonne%20de%20solution%20azot%C3%A9e%E2%80%A6\" target=\"_blank\" rel=\"noreferrer noopener\">taxation des engrais azot\u00e9s<\/a> \u00bb, ajoute \u00c9douard Seynhaeve. \u00c0 compter du 1er janvier 2026, les engrais provenant des pays hors de l\u2019Union europ\u00e9enne seront soumis \u00e0 une taxation carbone. Il pointe aussi la \u00ab baisse des aides de la Politique agricole commune (PAC) europ\u00e9enne \u00bb. \u00ab On parle de 20 \u00e0 30 % de diminution \u00bb, souligne-t-il.<\/p>\n<p class=\"\">Probl\u00e8me, en parall\u00e8le, les co\u00fbts de production sont en hausse ces derni\u00e8res ann\u00e9es. \u00ab Le gazole, \u00e7a co\u00fbte une fortune aujourd\u2019hui, pointe Nicolas Richaudeau, arboriculteur \u00e0 Attainville. Les intrants sont aussi tr\u00e8s chers. On n\u2019est plus comp\u00e9titif par rapport \u00e0 d\u2019autres march\u00e9s comme l\u2019Afrique du Sud. \u00bb<\/p>\n<p class=\"\">Ils \u00e9voquent aussi les probl\u00e8mes d\u2019urbanisme dans la Plaine de France. \u00ab C\u2019est un territoire o\u00f9 il y a beaucoup de sites class\u00e9s et prot\u00e9g\u00e9s. On ne peut plus construire \u00bb, d\u00e9plore Alexia Seynhaeve. \u00ab Aujourd\u2019hui si on veut d\u00e9velopper la culture du lin par exemple, on ne va pas avoir de b\u00e2timent pour le stocker \u00bb, abonde son mari, \u00c9douard Seynhaeve.<\/p>\n<p class=\"\">Le rassemblement avait enfin pour but de s\u2019adresser aux \u00e9lus du territoire \u2212 dont une vingtaine d\u2019entre eux \u00e9taient pr\u00e9sents ainsi que le pr\u00e9fet du Val-d\u2019Oise \u2212 \u00e0 la veille des \u00e9lections municipales.<\/p>\n","protected":false},"excerpt":{"rendered":"Ils \u00e9taient une quarantaine de tracteurs sur une parcelle de chaumes de ma\u00efs \u00e0 Attainville (Val-d\u2019Oise), lundi 29&hellip;\n","protected":false},"author":2,"featured_media":631310,"comment_status":"","ping_status":"","sticky":false,"template":"","format":"standard","meta":{"footnotes":""},"categories":[1888],"tags":[11,1777,674,1011,27,1944,12,626,25,6601],"class_list":{"0":"post-631309","1":"post","2":"type-post","3":"status-publish","4":"format-standard","5":"has-post-thumbnail","7":"category-paris","8":"tag-actualites","9":"tag-eu","10":"tag-europe","11":"tag-fr","12":"tag-france","13":"tag-ma-ville","14":"tag-news","15":"tag-paris","16":"tag-republique-francaise","17":"tag-val-d-oise"},"share_on_mastodon":{"url":"https:\/\/pubeurope.com\/@fr\/115812261177918039","error":""},"_links":{"self":[{"href":"https:\/\/www.europesays.com\/fr\/wp-json\/wp\/v2\/posts\/631309","targetHints":{"allow":["GET"]}}],"collection":[{"href":"https:\/\/www.europesays.com\/fr\/wp-json\/wp\/v2\/posts"}],"about":[{"href":"https:\/\/www.europesays.com\/fr\/wp-json\/wp\/v2\/types\/post"}],"author":[{"embeddable":true,"href":"https:\/\/www.europesays.com\/fr\/wp-json\/wp\/v2\/users\/2"}],"replies":[{"embeddable":true,"href":"https:\/\/www.europesays.com\/fr\/wp-json\/wp\/v2\/comments?post=631309"}],"version-history":[{"count":0,"href":"https:\/\/www.europesays.com\/fr\/wp-json\/wp\/v2\/posts\/631309\/revisions"}],"wp:featuredmedia":[{"embeddable":true,"href":"https:\/\/www.europesays.com\/fr\/wp-json\/wp\/v2\/media\/631310"}],"wp:attachment":[{"href":"https:\/\/www.europesays.com\/fr\/wp-json\/wp\/v2\/media?parent=631309"}],"wp:term":[{"taxonomy":"category","embeddable":true,"href":"https:\/\/www.europesays.com\/fr\/wp-json\/wp\/v2\/categories?post=631309"},{"taxonomy":"post_tag","embeddable":true,"href":"https:\/\/www.europesays.com\/fr\/wp-json\/wp\/v2\/tags?post=631309"}],"curies":[{"name":"wp","href":"https:\/\/api.w.org\/{rel}","templated":true}]}}