{"id":631316,"date":"2025-12-31T04:23:09","date_gmt":"2025-12-31T04:23:09","guid":{"rendered":"https:\/\/www.europesays.com\/fr\/631316\/"},"modified":"2025-12-31T04:23:09","modified_gmt":"2025-12-31T04:23:09","slug":"etats-unis-leveque-de-columbus-dispense-de-la-messe-ceux-qui-craignent-detre-arretes","status":"publish","type":"post","link":"https:\/\/www.europesays.com\/fr\/631316\/","title":{"rendered":"\u00c9tats-Unis: l&rsquo;\u00e9v\u00eaque de Columbus dispense de la messe ceux qui craignent d&rsquo;\u00eatre arr\u00eat\u00e9s"},"content":{"rendered":"<p>Mgr Earl Fernandes r\u00e9agit \u00e0 l&rsquo;intensification des contr\u00f4les par les autorit\u00e9s dans la ville de l&rsquo;Ohio en dispensant de la participation aux c\u00e9l\u00e9brations, jusqu&rsquo;au 11 janvier 2026, toute personne risquant la d\u00e9tention.<\/p>\n<p><b>P\u00e8re Pawe\u0142 Rytel-Andrianik \u2013 Cit\u00e9 du Vatican<\/b><\/p>\n<p>\u00abCes derniers jours, les contr\u00f4les d&rsquo;immigration se sont intensifi\u00e9s dans le dioc\u00e8se de Columbus, ce qui a provoqu\u00e9 une augmentation de la peur et de l&rsquo;anxi\u00e9t\u00e9 au sein de nos communaut\u00e9s d&rsquo;immigr\u00e9s\u00bb. C&rsquo;est ainsi que l&rsquo;\u00e9v\u00eaque de Columbus, capitale de l&rsquo;\u00c9tat de l&rsquo;Ohio, Mgr Earl Fernandes, explique dans son d\u00e9cret les raisons pour lesquelles il a d\u00e9cid\u00e9 de dispenser de la participation aux c\u00e9l\u00e9brations de No\u00ebl tous ceux qui craignent d&rsquo;\u00eatre arr\u00eat\u00e9s. Cette d\u00e9cision a \u00e9t\u00e9 prise apr\u00e8s consultation de nombreux pasteurs dont les paroissiens sont les plus touch\u00e9s par cette vague de contr\u00f4les sur les immigrants mise en place \u00e0 l&rsquo;occasion de No\u00ebl.\u00a0<\/p>\n<p>Dans le d\u00e9cret, Mgr Fernandes, r\u00e9affirmant que les fid\u00e8les chr\u00e9tiens ont l&rsquo;obligation d&rsquo;assister \u00e0 la messe le dimanche et les jours f\u00e9ri\u00e9s de pr\u00e9cepte, y compris la f\u00eate de la Nativit\u00e9 de Notre Seigneur, reconna\u00eet que \u00abla crainte li\u00e9e \u00e0 ces contr\u00f4les pourrait dissuader certains fid\u00e8les chr\u00e9tiens de remplir leur obligation d&rsquo;assister \u00e0 la messe, ce qui serait pr\u00e9judiciable \u00e0 leur bien-\u00eatre spirituel. L&rsquo;\u00e9v\u00eaque dioc\u00e9sain peut dispenser les fid\u00e8les des lois disciplinaires, tant universelles que particuli\u00e8res, lorsque cela contribue \u00e0 leur bien-\u00eatre spirituel (cf. canon 87 \u00a71)\u00bb.<\/p>\n<p><b>Dispense de messe pour ceux qui craignent d&rsquo;\u00eatre arr\u00eat\u00e9s<\/b> <\/p>\n<p>Dans cette situation, Mgr Fernandes a donc d\u00e9cid\u00e9 de dispenser de l&rsquo;obligation d&rsquo;assister \u00e0 la messe \u00abtoutes les personnes qui craignent raisonnablement d&rsquo;\u00eatre d\u00e9tenues, m\u00eame celles qui disposent de documents l\u00e9gaux en r\u00e8gle, qui craignent d&rsquo;\u00eatre s\u00e9par\u00e9es de leur famille, qui subissent des intimidations en raison de leur statut ou de leur origine ethnique, ou d&rsquo;autres mesures de contr\u00f4le de l&rsquo;immigration. Cette dispense sera valable pendant toute la p\u00e9riode de No\u00ebl, qui se termine par la f\u00eate du Bapt\u00eame du Seigneur, le 11 janvier 2026\u00bb.<\/p>\n<p>L&rsquo;\u00e9v\u00eaque encourage donc les fid\u00e8les chr\u00e9tiens qui ne pourront pas assister aux c\u00e9l\u00e9brations \u00e0 s&rsquo;engager \u00abdans des pratiques spirituelles pendant cette p\u00e9riode, notamment en participant \u00e0 des messes retransmises en direct, en faisant la communion spirituelle, en priant le rosaire en famille, en m\u00e9ditant sur la cr\u00e8che et en pratiquant d&rsquo;autres activit\u00e9s de pi\u00e9t\u00e9 populaire\u00bb. Dans le m\u00eame temps, il invite les pasteurs et tous les pr\u00eatres en service dans le dioc\u00e8se de Columbus \u00e0 se montrer g\u00e9n\u00e9reux dans la prise en charge pastorale des fid\u00e8les qui ne peuvent assister \u00e0 la messe et qui ont besoin de soins pastoraux et sacramentels, y compris les sacrements de la p\u00e9nitence, de l&rsquo;onction des malades ou de la Sainte Communion.<\/p>\n<p><b>La proximit\u00e9 de l&rsquo;\u00c9glise avec les immigrants<\/b> <\/p>\n<p>Mgr Fernandes pr\u00e9cise aux m\u00e9dias du Vatican que, bien qu&rsquo;il n&rsquo;ait pas voulu prendre cette d\u00e9cision, \u00abla situation \u00e9tait devenue si terrible et les gens \u00e9taient si anxieux qu&rsquo;il s&rsquo;est senti oblig\u00e9 de le faire\u00bb, surtout apr\u00e8s avoir \u00e9cout\u00e9 les pr\u00eatres des paroisses hispanophones. \u00abJ&rsquo;ai c\u00e9l\u00e9br\u00e9 la messe en espagnol dans une paroisse, suivie d&rsquo;une Posada (procession traditionnelle et f\u00eate populaire latino-am\u00e9ricaine qui pr\u00e9c\u00e8de No\u00ebl, ndlr), mais la foule \u00e9tait triste et les fid\u00e8les estimaient qu&rsquo;il serait plus s\u00fbr de faire la procession et de chanter uniquement \u00e0 l&rsquo;int\u00e9rieur du b\u00e2timent\u00bb.<\/p>\n<p>Les fid\u00e8les des communaut\u00e9s immigr\u00e9es ont exprim\u00e9 leur gratitude pour cette d\u00e9cision, car, explique encore l&rsquo;\u00e9v\u00eaque, ils ont ressenti la proximit\u00e9 de l&rsquo;\u00c9glise, se sentant \u00e9cout\u00e9s par les \u00e9v\u00eaques et les pr\u00eatres. De nombreux autres fid\u00e8les ont exprim\u00e9 leur solidarit\u00e9 envers les immigr\u00e9s, heureux que l&rsquo;\u00c9glise ait pris position. \u00abJusqu&rsquo;\u00e0 pr\u00e9sent, ajoute Mgr Fernandes, nous avons essay\u00e9 d&rsquo;exercer notre minist\u00e8re dans l&rsquo;ombre, afin de ne pas susciter d&rsquo;actions plus provocatrices et agressives\u00bb.<\/p>\n<p><b>Ne pas s\u00e9parer les familles<\/b> <\/p>\n<p>\u00abBien s\u00fbr, poursuit Mgr Fernandes, la polarisation qui afflige le pays a contamin\u00e9 l&rsquo;\u00c9glise, \u00e0 tel point que certains utilisent des arguments politiques pour exprimer leur indignation et insinuer que nous encourageons la transgression de la loi. Ce n&rsquo;est pas le cas. Ce que nous demandons, c&rsquo;est que les \u00e9glises et les \u00e9coles ne soient pas prises pour cible, surtout pendant la p\u00e9riode de No\u00ebl, et que les familles ne soient pas s\u00e9par\u00e9es. Je reconnais que les pays ont le droit \u00e0 la s\u00e9curit\u00e9 et au contr\u00f4le de leurs fronti\u00e8res, mais j&rsquo;ai fait appel \u00e0 la conscience, dans l&rsquo;esprit du Jubil\u00e9, afin que les familles puissent partager ensemble la paix de No\u00ebl\u00bb. Beaucoup de ceux qui ont critiqu\u00e9 cette d\u00e9cision, pr\u00e9cise l&rsquo;\u00e9v\u00eaque, n&rsquo;\u00e9taient pas au courant de ce qui se passait et du nombre de personnes qui, en raison de leur race ou de leur origine ethnique, \u00e9taient identifi\u00e9es.<\/p>\n<p>\u00abJe ne consid\u00e8re pas les forces de l&rsquo;ordre comme mauvaises ou malveillantes, bien au contraire, je les f\u00e9licite d&rsquo;avoir \u00e9limin\u00e9 ceux qui sont vraiment violents, les trafiquants de drogue ou m\u00eame les trafiquants d&rsquo;\u00eatres humains. Nous voulons tous nous sentir en s\u00e9curit\u00e9 et prot\u00e9g\u00e9s, mais cette s\u00e9curit\u00e9 et cette protection, pour certains, en particulier ceux qui sont loin de chez eux, se trouvent souvent dans nos \u00e9glises et nos communaut\u00e9s scolaires\u00bb, souligne-t-il.<\/p>\n<p><b>Participation aux c\u00e9l\u00e9brations<\/b> <\/p>\n<p>Mgr Fernandes invite donc les fid\u00e8les \u00e0 se montrer g\u00e9n\u00e9reux pendant la p\u00e9riode de No\u00ebl, car ceux qui ont trop peur d&rsquo;aller \u00e0 l&rsquo;\u00e9glise ont \u00e9galement peur d&rsquo;aller travailler, ce qui signifie qu&rsquo;il y aura une baisse des revenus et que beaucoup se retrouveront sans produits de premi\u00e8re n\u00e9cessit\u00e9, y compris de la nourriture. Il exprime ensuite sa joie d&rsquo;apprendre par de nombreux pasteurs que le jour de No\u00ebl, malgr\u00e9 leurs craintes, de nombreux fid\u00e8les ont assist\u00e9 \u00e0 la messe. \u00abLa foi des gens m&rsquo;inspire. Il n&rsquo;est pas facile d&rsquo;\u00eatre \u00e9v\u00eaque, mais nous ne devons pas faillir dans nos d\u00e9cisions ou dans notre r\u00f4le de guide. Nous ne sommes peut-\u00eatre pas toujours populaires, mais nous devons exercer notre voix proph\u00e9tique et proclamer la Parole de Vie\u00bb, conclut-il.<\/p>\n","protected":false},"excerpt":{"rendered":"Mgr Earl Fernandes r\u00e9agit \u00e0 l&rsquo;intensification des contr\u00f4les par les autorit\u00e9s dans la ville de l&rsquo;Ohio en dispensant&hellip;\n","protected":false},"author":2,"featured_media":631317,"comment_status":"","ping_status":"","sticky":false,"template":"","format":"standard","meta":{"footnotes":""},"categories":[1589],"tags":[11,73,1866,59376,13600,74008,12,74007,1864,1865,1863,308],"class_list":{"0":"post-631316","1":"post","2":"type-post","3":"status-publish","4":"format-standard","5":"has-post-thumbnail","7":"category-etats-unis","8":"tag-actualites","9":"tag-etats-unis","10":"tag-etats-unis-damerique","11":"tag-eveques","12":"tag-messe","13":"tag-migrants-et-refugies","14":"tag-news","15":"tag-organisation-etats-americains","16":"tag-united-states","17":"tag-united-states-of-america","18":"tag-us","19":"tag-usa"},"share_on_mastodon":{"url":"https:\/\/pubeurope.com\/@fr\/115812276866261979","error":""},"_links":{"self":[{"href":"https:\/\/www.europesays.com\/fr\/wp-json\/wp\/v2\/posts\/631316","targetHints":{"allow":["GET"]}}],"collection":[{"href":"https:\/\/www.europesays.com\/fr\/wp-json\/wp\/v2\/posts"}],"about":[{"href":"https:\/\/www.europesays.com\/fr\/wp-json\/wp\/v2\/types\/post"}],"author":[{"embeddable":true,"href":"https:\/\/www.europesays.com\/fr\/wp-json\/wp\/v2\/users\/2"}],"replies":[{"embeddable":true,"href":"https:\/\/www.europesays.com\/fr\/wp-json\/wp\/v2\/comments?post=631316"}],"version-history":[{"count":0,"href":"https:\/\/www.europesays.com\/fr\/wp-json\/wp\/v2\/posts\/631316\/revisions"}],"wp:featuredmedia":[{"embeddable":true,"href":"https:\/\/www.europesays.com\/fr\/wp-json\/wp\/v2\/media\/631317"}],"wp:attachment":[{"href":"https:\/\/www.europesays.com\/fr\/wp-json\/wp\/v2\/media?parent=631316"}],"wp:term":[{"taxonomy":"category","embeddable":true,"href":"https:\/\/www.europesays.com\/fr\/wp-json\/wp\/v2\/categories?post=631316"},{"taxonomy":"post_tag","embeddable":true,"href":"https:\/\/www.europesays.com\/fr\/wp-json\/wp\/v2\/tags?post=631316"}],"curies":[{"name":"wp","href":"https:\/\/api.w.org\/{rel}","templated":true}]}}