{"id":631318,"date":"2025-12-31T04:24:13","date_gmt":"2025-12-31T04:24:13","guid":{"rendered":"https:\/\/www.europesays.com\/fr\/631318\/"},"modified":"2025-12-31T04:24:13","modified_gmt":"2025-12-31T04:24:13","slug":"le-retour-du-prisonnier-politique-alaa-abdel-fattah-au-royaume-uni-vire-a-laffaire-detat","status":"publish","type":"post","link":"https:\/\/www.europesays.com\/fr\/631318\/","title":{"rendered":"Le retour du prisonnier politique Alaa Abdel Fattah au Royaume-Uni vire \u00e0 l\u2019affaire d\u2019\u00c9tat"},"content":{"rendered":"\n<p>L\u2019annonce se voulait triomphale. \u201cJe suis ravi du retour d\u2019Alaa Abdel Fattah au Royaume-Uni, o\u00f9 il a pu retrouver ses proches, qui doivent ressentir un grand soulagement\u201d, s\u2019est f\u00e9licit\u00e9 le Premier ministre britannique, Keir Starmer, sur la plateforme X, au lendemain de No\u00ebl.<\/p>\n<p>Il faut dire que Londres militait depuis de longues ann\u00e9es pour la lib\u00e9ration de ce militant en faveur de la d\u00e9mocratie britanno-\u00e9gyptien, figure de l\u2019opposition aux r\u00e9gimes de Hosni Moubarak puis d\u2019<a href=\"https:\/\/www.courrierinternational.com\/article\/presidentielle-egyptienne-abdel-fattah-al-sissi-le-triomphe-de-lhomme-banal\" target=\"_blank\" rel=\"noopener\">Abdel Fattah\u00a0Al-Sissi<\/a>. De nombreuses personnalit\u00e9s de premier plan, dont les com\u00e9diens Judi Dench, Stephen Fry et Olivia Colman, avaient \u00e9galement particip\u00e9 \u00e0 des campagnes en faveur de sa sortie de d\u00e9tention, longue de dix ans au total. \u201cL\u2019obtention de sa lib\u00e9ration \u00e9tait une priorit\u00e9 de mon gouvernement depuis sa prise de fonction\u201d, en juillet 2024, a insist\u00e9 Keir Starmer. Avant de remercier le pr\u00e9sident \u00e9gyptien, Abdel Fattah\u00a0Al-Sissi, pour \u201cla gr\u00e2ce\u201d <a href=\"https:\/\/www.courrierinternational.com\/article\/droits-humains-alaa-abdel-fattah-symbole-de-l-arbitraire-du-regime-egyptien-enfin-libere-de-prison_235496\" target=\"_blank\" rel=\"noopener\">accord\u00e9e au mois de septembre dernier au militant de 44\u00a0ans.<\/a><\/p>\n<p> Les Britanniques, des \u201cchiens\u201d et des \u201csinges\u201d <\/p>\n<p>Mais la f\u00eate a rapidement tourn\u00e9 court outre-Manche. Le pied tout juste pos\u00e9 sur le sol britannique, Alaa Abdel Fattah a \u00e9t\u00e9 rattrap\u00e9 par d\u2019anciens tweets, exhum\u00e9s par la presse. \u201cLa s\u00e9rie de publications, d\u00e9sormais supprim\u00e9es, remonte \u00e0 plus d\u2019une d\u00e9cenni<\/p>\n","protected":false},"excerpt":{"rendered":"L\u2019annonce se voulait triomphale. \u201cJe suis ravi du retour d\u2019Alaa Abdel Fattah au Royaume-Uni, o\u00f9 il a pu&hellip;\n","protected":false},"author":2,"featured_media":631319,"comment_status":"","ping_status":"","sticky":false,"template":"","format":"standard","meta":{"footnotes":""},"categories":[1588],"tags":[72320,11,1777,674,1892,12,10669,7487,74009,473,1853,1851,1850,1852],"class_list":{"0":"post-631318","1":"post","2":"type-post","3":"status-publish","4":"format-standard","5":"has-post-thumbnail","7":"category-royaume-uni","8":"tag-abdel-fattah-al-sissi","9":"tag-actualites","10":"tag-eu","11":"tag-europe","12":"tag-gu00e9opolitique","13":"tag-news","14":"tag-nigel-farage","15":"tag-parti-travailliste-royaume-uni","16":"tag-printemps-arabe","17":"tag-royaume-uni","18":"tag-royaume-uni-de-grande-bretagne-et-dirlande-du-nord","19":"tag-uk","20":"tag-united-kingdom","21":"tag-united-kingdom-of-great-britain-and-northern-ireland"},"share_on_mastodon":{"url":"https:\/\/pubeurope.com\/@fr\/115812280779427079","error":""},"_links":{"self":[{"href":"https:\/\/www.europesays.com\/fr\/wp-json\/wp\/v2\/posts\/631318","targetHints":{"allow":["GET"]}}],"collection":[{"href":"https:\/\/www.europesays.com\/fr\/wp-json\/wp\/v2\/posts"}],"about":[{"href":"https:\/\/www.europesays.com\/fr\/wp-json\/wp\/v2\/types\/post"}],"author":[{"embeddable":true,"href":"https:\/\/www.europesays.com\/fr\/wp-json\/wp\/v2\/users\/2"}],"replies":[{"embeddable":true,"href":"https:\/\/www.europesays.com\/fr\/wp-json\/wp\/v2\/comments?post=631318"}],"version-history":[{"count":0,"href":"https:\/\/www.europesays.com\/fr\/wp-json\/wp\/v2\/posts\/631318\/revisions"}],"wp:featuredmedia":[{"embeddable":true,"href":"https:\/\/www.europesays.com\/fr\/wp-json\/wp\/v2\/media\/631319"}],"wp:attachment":[{"href":"https:\/\/www.europesays.com\/fr\/wp-json\/wp\/v2\/media?parent=631318"}],"wp:term":[{"taxonomy":"category","embeddable":true,"href":"https:\/\/www.europesays.com\/fr\/wp-json\/wp\/v2\/categories?post=631318"},{"taxonomy":"post_tag","embeddable":true,"href":"https:\/\/www.europesays.com\/fr\/wp-json\/wp\/v2\/tags?post=631318"}],"curies":[{"name":"wp","href":"https:\/\/api.w.org\/{rel}","templated":true}]}}