{"id":631324,"date":"2025-12-31T04:27:14","date_gmt":"2025-12-31T04:27:14","guid":{"rendered":"https:\/\/www.europesays.com\/fr\/631324\/"},"modified":"2025-12-31T04:27:14","modified_gmt":"2025-12-31T04:27:14","slug":"union-europeenne-a-minuit-la-bulgarie-va-devenir-le-21e-pays-a-adopter-leuro","status":"publish","type":"post","link":"https:\/\/www.europesays.com\/fr\/631324\/","title":{"rendered":"Union europ\u00e9enne : A minuit, la Bulgarie va devenir le 21e pays \u00e0 adopter l\u2019euro"},"content":{"rendered":"<p class=\"mb-4 text-lg md:leading-8 break-words\"><strong>nouvel an, nouvelle monnaie &#8211; La Bulgarie va int\u00e9grer la zone euro, un choix auquel 49\u00a0% de la population est oppos\u00e9e par crainte de l\u2019inflation et de l\u2019instabilit\u00e9 politique<\/strong><\/p>\n<p class=\"mb-4 text-lg md:leading-8 break-words\">A partir de minuit, <a href=\"https:\/\/www.20minutes.fr\/economie\/4175470-20250926-argent-pourquoi-banque-centrale-europeenne-conseille-garder-cash-maison?at_medium=RSS%20feed&amp;at_campaign=ynews&amp;utm_source=yahoo&amp;utm_medium=rss&amp;utm_campaign=news_feed&amp;utm_content=in_article_link\" rel=\"nofollow noopener\" target=\"_blank\" data-ylk=\"slk:la zone euro;elm:context_link;itc:0;sec:content-canvas\" class=\"link \">la zone euro<\/a> va compter un nouveau membre. La Bulgarie va en effet devenir le 1er\u00a0janvier le 21e pays \u00e0 adopter la monnaie unique europ\u00e9enne.<\/p>\n<p class=\"mb-4 text-lg md:leading-8 break-words\">Dans la nuit de ce mercredi \u00e0 jeudi, cet Etat des Balkans de 6,4\u00a0millions d\u2019habitants va dire adieu \u00e0\u00a02025 mais aussi \u00e0 sa monnaie, le lev, en circulation depuis la fin du XIXe\u00a0si\u00e8cle.<\/p>\n<p>La Bulgarie dans l\u2019UE depuis\u00a02007<\/p>\n<p class=\"mb-4 text-lg md:leading-8 break-words\">Pour les partisans de la monnaie unique europ\u00e9enne, cette entr\u00e9e dans la zone euro doit permettre de dynamiser l\u2019\u00e9conomie du pays, l\u2019un des plus pauvres de l\u2019<a href=\"https:\/\/www.20minutes.fr\/dossier\/ue?at_medium=RSS%20feed&amp;at_campaign=ynews&amp;utm_source=yahoo&amp;utm_medium=rss&amp;utm_campaign=news_feed&amp;utm_content=in_article_link\" rel=\"nofollow noopener\" target=\"_blank\" data-ylk=\"slk:Union europ\u00e9enne;elm:context_link;itc:0;sec:content-canvas\" class=\"link \">Union europ\u00e9enne<\/a> qu\u2019il a rejoint en\u00a02007, de renforcer ses liens avec l\u2019Ouest de l\u2019Europe et de le prot\u00e9ger de l\u2019influence russe. Cependant, la Bulgarie fait face \u00e0 des d\u00e9fis importants, apr\u00e8s les manifestations anticorruption qui ont r\u00e9cemment <a href=\"https:\/\/www.20minutes.fr\/monde\/4191078-20251211-bulgarie-sous-pression-gouvernement-demissionne-trois-petites-semaines-avant-entree-zone-euro?at_medium=RSS%20feed&amp;at_campaign=ynews&amp;utm_source=yahoo&amp;utm_medium=rss&amp;utm_campaign=news_feed&amp;utm_content=in_article_link\" rel=\"nofollow noopener\" target=\"_blank\" data-ylk=\"slk:renvers\u00e9 le gouvernement de coalition conservateur;elm:context_link;itc:0;sec:content-canvas\" class=\"link \">renvers\u00e9 le gouvernement de coalition conservateur<\/a> en place depuis moins d\u2019un an, et avec la perspective de nouvelles \u00e9lections l\u00e9gislatives, les huiti\u00e8mes en cinq ans.<\/p>\n<p class=\"mb-4 text-lg md:leading-8 break-words\">Le Premier ministre d\u00e9missionnaire Rossen Jeliazkov a n\u00e9anmoins affirm\u00e9 mardi avoir le sentiment du travail accompli. \u00ab\u00a0La Bulgarie termine l\u2019ann\u00e9e avec un PIB de 113\u00a0milliards d\u2019euros et une croissance \u00e9conomique de plus de 3\u00a0%, ce qui nous place parmi les cinq premiers pays de l\u2019UE\u00a0\u00bb, a-t-il d\u00e9clar\u00e9. Quant \u00e0 l\u2019inflation, ses causes n\u2019ont, selon lui, \u00ab\u00a0rien \u00e0 voir avec l\u2019euro\u00a0: elles sont li\u00e9es \u00e0 la hausse du pouvoir d\u2019achat\u00a0\u00bb et \u00e0 une \u00e9conomie moins corrompue.<\/p>\n<p class=\"mb-4 text-lg md:leading-8 break-words\">Nombre de Bulgares redoutent que l\u2019introduction de l\u2019euro ne contribue \u00e0 une s(&#8230;)<\/p>\n<p class=\"mb-4 text-lg md:leading-8 break-words\"><a href=\"https:\/\/www.20minutes.fr\/monde\/4193823-20251231-union-europeenne-minuit-bulgarie-va-devenir-21e-pays-adopter-euro?at_medium=RSS%20feed&amp;at_campaign=ynews&amp;utm_source=yahoo&amp;utm_medium=rss&amp;utm_campaign=news_feed&amp;utm_content=read_more_link&quot;\" rel=\"nofollow noopener\" target=\"_blank\" data-ylk=\"slk:Lire la suite sur 20minutes;elm:context_link;itc:0;sec:content-canvas\" class=\"link \">Lire la suite sur 20minutes<\/a><\/p>\n<p>\u00c0 lire aussi :<br \/><a href=\"https:\/\/www.20minutes.fr\/auto\/4191532-20251215-union-europeenne-lache-100-electrique-2035?at_medium=RSS%20feed&amp;at_campaign=ynews&amp;utm_source=yahoo&amp;utm_medium=rss&amp;utm_campaign=news_feed&amp;utm_content=related_content_link\" rel=\"nofollow noopener\" target=\"_blank\" data-ylk=\"slk:L\u2019Union europ\u00e9enne l\u00e2che le 100\u00a0% \u00e9lectrique en\u00a02035;elm:context_link;itc:0;sec:content-canvas\" class=\"link \">L\u2019Union europ\u00e9enne l\u00e2che le 100\u00a0% \u00e9lectrique en\u00a02035<\/a><br \/><a href=\"https:\/\/www.20minutes.fr\/monde\/4131578-20250101-union-europeenne-apres-13-ans-attente-roumanie-bulgarie-depuis-minuit-espace-schengen?at_medium=RSS%20feed&amp;at_campaign=ynews&amp;utm_source=yahoo&amp;utm_medium=rss&amp;utm_campaign=news_feed&amp;utm_content=related_content_link\" rel=\"nofollow noopener\" target=\"_blank\" data-ylk=\"slk:Union europ\u00e9enne\u00a0: Apr\u00e8s 13 ans d\u2019attente, la Roumanie et la Bulgarie sont depuis minuit dans l\u2019espace Schengen;elm:context_link;itc:0;sec:content-canvas\" class=\"link \">Union europ\u00e9enne\u00a0: Apr\u00e8s 13 ans d\u2019attente, la Roumanie et la Bulgarie sont depuis minuit dans l\u2019espace Schengen<\/a><\/p>\n","protected":false},"excerpt":{"rendered":"nouvel an, nouvelle monnaie &#8211; La Bulgarie va int\u00e9grer la zone euro, un choix auquel 49\u00a0% de la&hellip;\n","protected":false},"author":2,"featured_media":631325,"comment_status":"","ping_status":"","sticky":false,"template":"","format":"standard","meta":{"footnotes":""},"categories":[1586],"tags":[11,9043,1777,674,1779,1011,27,13080,3361,12,25,1778,364,8408],"class_list":{"0":"post-631324","1":"post","2":"type-post","3":"status-publish","4":"format-standard","5":"has-post-thumbnail","7":"category-europe","8":"tag-actualites","9":"tag-bulgarie","10":"tag-eu","11":"tag-europe","12":"tag-european-union","13":"tag-fr","14":"tag-france","15":"tag-linflation","16":"tag-la-population","17":"tag-news","18":"tag-republique-francaise","19":"tag-ue","20":"tag-union-europeenne","21":"tag-zone-euro"},"share_on_mastodon":{"url":"https:\/\/pubeurope.com\/@fr\/115812292594485098","error":""},"_links":{"self":[{"href":"https:\/\/www.europesays.com\/fr\/wp-json\/wp\/v2\/posts\/631324","targetHints":{"allow":["GET"]}}],"collection":[{"href":"https:\/\/www.europesays.com\/fr\/wp-json\/wp\/v2\/posts"}],"about":[{"href":"https:\/\/www.europesays.com\/fr\/wp-json\/wp\/v2\/types\/post"}],"author":[{"embeddable":true,"href":"https:\/\/www.europesays.com\/fr\/wp-json\/wp\/v2\/users\/2"}],"replies":[{"embeddable":true,"href":"https:\/\/www.europesays.com\/fr\/wp-json\/wp\/v2\/comments?post=631324"}],"version-history":[{"count":0,"href":"https:\/\/www.europesays.com\/fr\/wp-json\/wp\/v2\/posts\/631324\/revisions"}],"wp:featuredmedia":[{"embeddable":true,"href":"https:\/\/www.europesays.com\/fr\/wp-json\/wp\/v2\/media\/631325"}],"wp:attachment":[{"href":"https:\/\/www.europesays.com\/fr\/wp-json\/wp\/v2\/media?parent=631324"}],"wp:term":[{"taxonomy":"category","embeddable":true,"href":"https:\/\/www.europesays.com\/fr\/wp-json\/wp\/v2\/categories?post=631324"},{"taxonomy":"post_tag","embeddable":true,"href":"https:\/\/www.europesays.com\/fr\/wp-json\/wp\/v2\/tags?post=631324"}],"curies":[{"name":"wp","href":"https:\/\/api.w.org\/{rel}","templated":true}]}}