{"id":631340,"date":"2025-12-31T04:40:10","date_gmt":"2025-12-31T04:40:10","guid":{"rendered":"https:\/\/www.europesays.com\/fr\/631340\/"},"modified":"2025-12-31T04:40:10","modified_gmt":"2025-12-31T04:40:10","slug":"ils-savent-ce-que-jen-pense","status":"publish","type":"post","link":"https:\/\/www.europesays.com\/fr\/631340\/","title":{"rendered":"Ils savent ce que j&rsquo;en pense\u2026"},"content":{"rendered":"<p>Par <a class=\"author_recette\" id=\"author_name\" href=\"https:\/\/www.nextplz.fr\/auteur\/noelle-binet\" target=\"_blank\" rel=\"noopener\">No\u00eblle<br \/>\nBinet<\/a> &#8211;<br \/>\nPubli\u00e9 le 30 D\u00e9c 2025 \u00e0<br \/>\n20:30<\/p>\n<p class=\"article-intro excerpt\">La chanteuse Nolwenn Leroy a vu<br \/>\nrouge en d\u00e9couvrant qu\u2019elle avait \u00e9t\u00e9 associ\u00e9e bien malgr\u00e9 elle, au<br \/>\nRassemblement national, anciennement le Front national. Interrog\u00e9e<br \/>\nsur la pol\u00e9mique, sa cons\u0153ur H\u00e9l\u00e8ne S\u00e9gara n\u2019a pas m\u00e2ch\u00e9 ses<br \/>\nmots\u2026<\/p>\n<p>La Star Academy a permis de faire d\u00e9coller la carri\u00e8re<br \/>\nd\u2019innombrables artistes ! Ayant remport\u00e9 la deuxi\u00e8me \u00e9dition du<br \/>\nc\u00e9l\u00e8bre t\u00e9l\u00e9crochet diffus\u00e9 sur la Une, Nolwenn Leroy a rapidement<br \/>\ns\u00e9duit les m\u00e9lomanes avec son univers musical.<\/p>\n<p>Apr\u00e8s avoir \u00e9t\u00e9 associ\u00e9e au RN, Nolwenn Leroy re\u00e7oit le soutien<br \/>\nd\u2019H\u00e9l\u00e8ne S\u00e9gara<\/p>\n<p>Il y a quinze ans, <a href=\"https:\/\/www.nextplz.fr\/personnalite\/nolwenn-leroy\/\" target=\"_blank\" rel=\"noopener\">la compagne<br \/>\nd\u00a0\u00bbArnaud Cl\u00e9ment<\/a> a d&rsquo;ailleurs rencontr\u00e9 un franc succ\u00e8s avec<br \/>\nBretonne, un album de reprises de chansons traditionnelles<br \/>\net dans lequel elle exprime son attachement \u00e0 sa terre natale. \u00c0<br \/>\nl&rsquo;\u00e9poque, nos confr\u00e8res du Nouvel Observateur lui avaient<br \/>\nconsacr\u00e9 un article : \u00ab\u00a0Nolwenn Leroy, la Breizh Attitude\u00a0\u00bb,<br \/>\nqui l&rsquo;avait ulc\u00e9r\u00e9e au plus haut point. Et pour cause : Fabrice<br \/>\nPliskin, l\u2019un de leurs journalistes phares, avait li\u00e9 \u00e0 tort<br \/>\nl\u2019engouement autour de cet album \u00e0 la mont\u00e9e du Front national,<br \/>\naujourd\u2019hui appel\u00e9 Rassemblement national.<\/p>\n<p>\u00ab\u00a0Le fichu de Nolwenn se porte mieux dans l&rsquo;opinion que celui de<br \/>\nDiam&rsquo;s\u00a0\u00bb<\/p>\n<p>\u00ab\u00a0Son album n&rsquo;est-il pas tr\u00e8s comme il faut et propre \u00e0<br \/>\nincarner &lsquo;l&rsquo;image de la France rurale, l&rsquo;image de la France des<br \/>\nterroirs et des territoires&rsquo;, comme dirait dans son style<br \/>\nmaurrassien le d\u00e9put\u00e9 UMP Christian Jacob ? Avec son pr\u00e9nom de<br \/>\nsainte d\u00e9capit\u00e9e, Nolwenn affiche un pedigree de la vieille roche<br \/>\n(&#8230;)\u00a0\u00bb, avait \u00e9crit Fabrice Pliskin. \u00ab\u00a0D&rsquo;aucuns bl\u00e2meront<br \/>\nson adolescence auvergnate, mais personne n&rsquo;est parfait. Le fichu<br \/>\nde Nolwenn se porte mieux <a href=\"https:\/\/www.nextplz.fr\/musique\/150810-diams-le-port-du-voile-un-gros-choc-pour-les-francais-decouvrez-son-temoignage-poignant\" target=\"_blank\" rel=\"noopener\"><br \/>\ndans l&rsquo;opinion que celui de Diam&rsquo;s<\/a>. Nolwenn Leroy, droite dans<br \/>\nses sabots, s&rsquo;enivre de cadastre, d&rsquo;ancrage et de toponymie. Une<br \/>\npreuve g\u00e9n\u00e9tique de sa bretonne tra\u00e7abilit\u00e9. Avec son accent breton<br \/>\ndigne de Shakira, elle s&rsquo;inscrit dans le quota de chansons<br \/>\nd&rsquo;expression fran\u00e7aise\u00a0\u00bb.<\/p>\n<p>Le<br \/>\ndroit de r\u00e9ponse de la chanteuse ne se fait pas attendre<\/p>\n<p>Autre d\u00e9tail non n\u00e9gligeable : l&rsquo;article en question avait \u00e9t\u00e9<br \/>\npubli\u00e9 dans un num\u00e9ro consacr\u00e9 \u00e0&#8230; Marine Le Pen, l&rsquo;ancienne<br \/>\npr\u00e9sidente du Rassemblement national, et qui a \u00e9galement des<br \/>\norigines bretonnes. Dans son droit de r\u00e9ponse relay\u00e9 par<br \/>\nl&rsquo;hebdomadaire (<a href=\"https:\/\/www.nouvelobs.com\/actualites\/20110408.OBS0954\/droit-de-reponse-de-nolwenn-leroy.html\" target=\"_blank\" rel=\"noreferrer noopener nofollow\">\u00e0 d\u00e9couvrir<br \/>\nici<\/a>), Nolwenn Leroy n&rsquo;avait pas m\u00e2ch\u00e9 ses mots. \u00ab\u00a0La<br \/>\ncritique, tout journaliste est en droit de la faire. Il m&rsquo;est<br \/>\nimput\u00e9 d&rsquo;avoir opportun\u00e9ment pris le parti du r\u00e9gionalisme au<br \/>\nmoment o\u00f9 la majorit\u00e9 des Fran\u00e7ais redoutent la mondialisation. Je<br \/>\nsuis extr\u00eamement choqu\u00e9e par ce proc\u00e8s d&rsquo;intention que je trouve<br \/>\nindigne\u00a0\u00bb, s&rsquo;\u00e9tait agac\u00e9e la maman de Marin.<\/p>\n<p>\u00ab\u00a0Cet article m&rsquo;a<br \/>\nchoqu\u00e9e et mise en col\u00e8re\u00a0\u00bb<\/p>\n<p>Voulant se faire entendre, Nolwenn Leroy avait aussi ajout\u00e9 :<br \/>\n\u00ab\u00a0Mon projet n&rsquo;a jamais \u00e9t\u00e9 de mettre en avant mes origines et<br \/>\nde m&rsquo;inscrire dans une mouvance protectionniste o\u00f9 seuls sont<br \/>\nencens\u00e9s ceux qui peuvent se targuer d&rsquo;un droit du sol.<br \/>\nAffirmer qu&rsquo;il en serait ainsi rel\u00e8ve de la malveillance. Cet<br \/>\narticle m&rsquo;a choqu\u00e9e et mise en col\u00e8re. Je ne m&rsquo;attendais pas \u00e0<br \/>\ntrouver pareille d\u00e9loyaut\u00e9 intellectuelle et perfidie gratuite dans<br \/>\n&lsquo;Le Nouvel Observateur\u00a0\u00bb. Une col\u00e8re justifi\u00e9e aux yeux<br \/>\nd&rsquo;H\u00e9l\u00e8ne S\u00e9gara. Lors d\u2019un entretien <a href=\"https:\/\/www.ozap.com\/actu\/reaction-helene-segara-polemique-nolwenn-leroy-front-national-nouvel-obs\/410094\" target=\"_blank\" rel=\"noreferrer noopener nofollow\">exclusif accord\u00e9<br \/>\n\u00e0 Purem\u00e9dias,<\/a> l\u2019heureuse maman de trois enfants avait<br \/>\nm\u00eame qualifi\u00e9 ce parall\u00e8le de \u00ab\u00a0curieux\u00a0\u00bb.<\/p>\n<p>La France a un incroyable talent : H\u00e9l\u00e8ne S\u00e9gara \u00e0 retrouver ce<br \/>\nsoir sur M6 d\u00e8s 21h10<\/p>\n<p>\u00ab\u00a0Je suis tr\u00e8s contente d&rsquo;\u00eatre italo-arm\u00e9nienne d&rsquo;origine et<br \/>\nde ne pas \u00eatre Nolwenn Leroy en ce moment. Avoir une image<br \/>\nr\u00e9cup\u00e9r\u00e9e comme \u00e7a, de cette mani\u00e8re-l\u00e0, c&rsquo;est assez terrible pour<br \/>\nune artiste. Moi je n&rsquo;ai jamais voulu \u00eatre r\u00e9cup\u00e9r\u00e9e politiquement.<br \/>\nJ&rsquo;ai \u00e9t\u00e9 courtis\u00e9e de tous les bords mais ils savent ce que j&rsquo;en<br \/>\npense\u00a0\u00bb, avait <a href=\"https:\/\/www.nextplz.fr\/personnalite\/helene-segara\/#:~:text=H%C3%A9l%C3%A8ne%20Segara%2C%20de%20son%20vrai,se%20consacrer%20%C3%A0%20la%20musique.\" target=\"_blank\" rel=\"noopener\"><br \/>\navou\u00e9 H\u00e9l\u00e8ne S\u00e9gara<\/a>. Et la mont\u00e9e en puissance du RN ne la<br \/>\nr\u00e9jouissait pas le moins du monde\u2026 Bien au contraire. \u00ab\u00a0Si nous<br \/>\nvoulons mettre quelqu&rsquo;un comme \u00e7a au pouvoir, prenons nos<br \/>\nresponsabilit\u00e9s\u00a0\u00bb, avait l\u00e2ch\u00e9 l&rsquo;artiste \u00e0 retrouver sur M6<br \/>\ndans \u2014 La France a un incroyable talent \u2014 ce mardi 30<br \/>\nd\u00e9cembre 2025. \u00ab\u00a0Mais j&rsquo;esp\u00e8re qu&rsquo;on va se r\u00e9veiller avant parce<br \/>\nque si on va au bout de \u00e7a, nos actes vont nous conduire tr\u00e8s loin<br \/>\net je pense que nos responsabilit\u00e9s, on va les assumer<br \/>\ndouloureusement\u00a0\u00bb.<\/p>\n","protected":false},"excerpt":{"rendered":"Par No\u00eblle Binet &#8211; Publi\u00e9 le 30 D\u00e9c 2025 \u00e0 20:30 La chanteuse Nolwenn Leroy a vu rouge&hellip;\n","protected":false},"author":2,"featured_media":631341,"comment_status":"","ping_status":"","sticky":false,"template":"","format":"standard","meta":{"footnotes":""},"categories":[1359],"tags":[21303,58,59,1011,27,973,65861],"class_list":{"0":"post-631340","1":"post","2":"type-post","3":"status-publish","4":"format-standard","5":"has-post-thumbnail","7":"category-people","8":"tag-buzz_nonli","9":"tag-divertissement","10":"tag-entertainment","11":"tag-fr","12":"tag-france","13":"tag-people","14":"tag-trend"},"share_on_mastodon":{"url":"https:\/\/pubeurope.com\/@fr\/115812343686041076","error":""},"_links":{"self":[{"href":"https:\/\/www.europesays.com\/fr\/wp-json\/wp\/v2\/posts\/631340","targetHints":{"allow":["GET"]}}],"collection":[{"href":"https:\/\/www.europesays.com\/fr\/wp-json\/wp\/v2\/posts"}],"about":[{"href":"https:\/\/www.europesays.com\/fr\/wp-json\/wp\/v2\/types\/post"}],"author":[{"embeddable":true,"href":"https:\/\/www.europesays.com\/fr\/wp-json\/wp\/v2\/users\/2"}],"replies":[{"embeddable":true,"href":"https:\/\/www.europesays.com\/fr\/wp-json\/wp\/v2\/comments?post=631340"}],"version-history":[{"count":0,"href":"https:\/\/www.europesays.com\/fr\/wp-json\/wp\/v2\/posts\/631340\/revisions"}],"wp:featuredmedia":[{"embeddable":true,"href":"https:\/\/www.europesays.com\/fr\/wp-json\/wp\/v2\/media\/631341"}],"wp:attachment":[{"href":"https:\/\/www.europesays.com\/fr\/wp-json\/wp\/v2\/media?parent=631340"}],"wp:term":[{"taxonomy":"category","embeddable":true,"href":"https:\/\/www.europesays.com\/fr\/wp-json\/wp\/v2\/categories?post=631340"},{"taxonomy":"post_tag","embeddable":true,"href":"https:\/\/www.europesays.com\/fr\/wp-json\/wp\/v2\/tags?post=631340"}],"curies":[{"name":"wp","href":"https:\/\/api.w.org\/{rel}","templated":true}]}}