{"id":631342,"date":"2025-12-31T04:41:12","date_gmt":"2025-12-31T04:41:12","guid":{"rendered":"https:\/\/www.europesays.com\/fr\/631342\/"},"modified":"2025-12-31T04:41:12","modified_gmt":"2025-12-31T04:41:12","slug":"les-images-marquantes-du-photographe-maxime-picard-en-2025","status":"publish","type":"post","link":"https:\/\/www.europesays.com\/fr\/631342\/","title":{"rendered":"Les images marquantes du photographe Maxime Picard en 2025"},"content":{"rendered":"<p class=\"article-bodystyled__StyledText-sc-19uhgql-0 bGeyRM body-paragraph\" id=\"content-element-RXSBRZTR3RAKNKKCXXGP5BJQKY\">Certaines de ces photos ont \u00e9t\u00e9 s\u00e9lectionn\u00e9es parce qu\u2019elles ont \u00e9t\u00e9 saisies au vol lors d\u2019un moment fugace, qui n\u2019a dur\u00e9 qu\u2019une poign\u00e9e de secondes. D\u2019autres ont \u00e9t\u00e9 prises dans des conditions difficiles: foule dense, neige, soleil \u00e0 contre-jour, vent glacial ou sujet constamment en mouvement.<\/p>\n<p class=\"article-bodystyled__StyledText-sc-19uhgql-0 bGeyRM body-paragraph\" id=\"content-element-7NBZ7D5GLFECLEIXE7ER5NCLKM\">Certaines ont \u00e9t\u00e9 travaill\u00e9es avec le sujet. Elles sont plus artistiques. Le photographe a eu plus de temps pour saisir l\u2019image parfaite.<\/p>\n<p class=\"article-bodystyled__StyledText-sc-19uhgql-0 bGeyRM body-paragraph\" id=\"content-element-3DTQ6IHKKZEFZCVYIBXHD7TVEE\">Mais dans tous les cas, une constante demeure: elles d\u00e9gagent une \u00e9motion, un moment charg\u00e9 de vie et d\u2019histoire.<\/p>\n","protected":false},"excerpt":{"rendered":"Certaines de ces photos ont \u00e9t\u00e9 s\u00e9lectionn\u00e9es parce qu\u2019elles ont \u00e9t\u00e9 saisies au vol lors d\u2019un moment fugace,&hellip;\n","protected":false},"author":2,"featured_media":631343,"comment_status":"","ping_status":"","sticky":false,"template":"","format":"standard","meta":{"footnotes":""},"categories":[1358],"tags":[1348,1384,1385,1386,58,59,1011,27],"class_list":{"0":"post-631342","1":"post","2":"type-post","3":"status-publish","4":"format-standard","5":"has-post-thumbnail","7":"category-arts-et-design","8":"tag-arts","9":"tag-arts-and-design","10":"tag-arts-et-design","11":"tag-design","12":"tag-divertissement","13":"tag-entertainment","14":"tag-fr","15":"tag-france"},"share_on_mastodon":{"url":"https:\/\/pubeurope.com\/@fr\/115812347603789854","error":""},"_links":{"self":[{"href":"https:\/\/www.europesays.com\/fr\/wp-json\/wp\/v2\/posts\/631342","targetHints":{"allow":["GET"]}}],"collection":[{"href":"https:\/\/www.europesays.com\/fr\/wp-json\/wp\/v2\/posts"}],"about":[{"href":"https:\/\/www.europesays.com\/fr\/wp-json\/wp\/v2\/types\/post"}],"author":[{"embeddable":true,"href":"https:\/\/www.europesays.com\/fr\/wp-json\/wp\/v2\/users\/2"}],"replies":[{"embeddable":true,"href":"https:\/\/www.europesays.com\/fr\/wp-json\/wp\/v2\/comments?post=631342"}],"version-history":[{"count":0,"href":"https:\/\/www.europesays.com\/fr\/wp-json\/wp\/v2\/posts\/631342\/revisions"}],"wp:featuredmedia":[{"embeddable":true,"href":"https:\/\/www.europesays.com\/fr\/wp-json\/wp\/v2\/media\/631343"}],"wp:attachment":[{"href":"https:\/\/www.europesays.com\/fr\/wp-json\/wp\/v2\/media?parent=631342"}],"wp:term":[{"taxonomy":"category","embeddable":true,"href":"https:\/\/www.europesays.com\/fr\/wp-json\/wp\/v2\/categories?post=631342"},{"taxonomy":"post_tag","embeddable":true,"href":"https:\/\/www.europesays.com\/fr\/wp-json\/wp\/v2\/tags?post=631342"}],"curies":[{"name":"wp","href":"https:\/\/api.w.org\/{rel}","templated":true}]}}