{"id":631346,"date":"2025-12-31T04:44:14","date_gmt":"2025-12-31T04:44:14","guid":{"rendered":"https:\/\/www.europesays.com\/fr\/631346\/"},"modified":"2025-12-31T04:44:14","modified_gmt":"2025-12-31T04:44:14","slug":"angele-revele-souffrir-dun-trouble-qui-empiete-sur-son-metier-il-y-a-certains-sons-que-jentends-tres-fort","status":"publish","type":"post","link":"https:\/\/www.europesays.com\/fr\/631346\/","title":{"rendered":"Ang\u00e8le r\u00e9v\u00e8le souffrir d&rsquo;un trouble qui empi\u00e8te sur son m\u00e9tier : \u00ab\u00a0Il y a certains sons que j&rsquo;entends tr\u00e8s fort\u00a0\u00bb"},"content":{"rendered":"<p>Ce mardi 30 d\u00e9cembre 2025, France 4 proposait la version longue du num\u00e9ro des Rencontres du Papotin avec Ang\u00e8le. Au cours de ses \u00e9changes avec les journalistes, la chanteuse belge s&rsquo;est notamment confi\u00e9 sur son trouble de l&rsquo;audition.<\/p>\n<p>Un vrai moment d&rsquo;authenticit\u00e9 \u00e0 la t\u00e9l\u00e9vision. Depuis 2022, France 2 propose r\u00e9guli\u00e8rement sur son antenne des num\u00e9ros in\u00e9dits des <a href=\"https:\/\/www.programme-tv.net\/news\/tv\/388673-les-rencontres-du-papotin-ou-est-tournee-l-emission-de-france-2\/\" data-api-deeplink=\"teleloisirs:\/\/news\/388673\" target=\"_blank\" rel=\"noopener\">Rencontres du Papotin<\/a>. Dans ce magazine atypique, adapt\u00e9 du journal Le Papotin, des journalistes non-professionnels et porteurs d&rsquo;un trouble du spectre autistique interviewent des personnalit\u00e9s venues de tous les horizons. Pendant les f\u00eates de fin d&rsquo;ann\u00e9e, <b>France 4 a d\u00e9cid\u00e9 de rediffuser certains \u00e9pisodes marquants de l&rsquo;\u00e9mission <\/b>dans des versions longues (52 minutes) telles que celles des com\u00e9diens <a href=\"https:\/\/www.programme-tv.net\/biographie\/77634-niney-pierre\/\" data-link-people=\"ebdbf6ca-032a-4970-8693-0f4dda181262\" target=\"_blank\" rel=\"noopener\">Pierre Niney<\/a> &#8211; <a href=\"https:\/\/www.programme-tv.net\/news\/tv\/392546-je-ne-suis-pas-gay-mais-pierre-niney-se-confie-sur-sa-sexualite-dans-les-rencontres-du-papotin\/\" data-api-deeplink=\"teleloisirs:\/\/news\/392546\" target=\"_blank\" rel=\"noopener\">qui s&rsquo;est exprim\u00e9 sur sa sexualit\u00e9<\/a> -, <a href=\"https:\/\/www.programme-tv.net\/biographie\/109621-exarchopoulos-adele\/\" data-link-people=\"eb0a2236-ecef-4500-ae63-e411fe664423\" target=\"_blank\" rel=\"noopener\">Ad\u00e8le Exarchopoulos<\/a>, <a href=\"https:\/\/www.programme-tv.net\/biographie\/48201-sy-omar\/\" data-link-people=\"ffb02b83-19fc-4264-8541-446a97dba4ac\" target=\"_blank\" rel=\"noopener\">Omar Sy<\/a> ou encore de la chanteuse Ang\u00e8le, ce mercredi 30 d\u00e9cembre.<\/p>\n<p>Lors de ses \u00e9changes avec les membres du Papotin, l&rsquo;artiste Belge, aujourd&rsquo;hui \u00e2g\u00e9e 30 ans (<a href=\"https:\/\/www.programme-tv.net\/news\/tv\/327416-javais-limpression-que-ce-netait-pas-normal-angele-fait-des-confidences-sur-sa-sexualite-dans-les-rencontres-du-papotin\/\" data-api-deeplink=\"teleloisirs:\/\/news\/327416\" target=\"_blank\" rel=\"noopener\">le num\u00e9ro ayant \u00e9t\u00e9 diffus\u00e9 la premi\u00e8re fois en mai 2023 sur France 2<\/a>), a eu le droit \u00e0 des questions aussi surprenantes qu&rsquo;inhabituelles dans une interview t\u00e9l\u00e9vis\u00e9e : ce qu&rsquo;elle fait le soir chez elle, si elle aime la glace et s&rsquo;il lui arrive d&rsquo;\u00eatre d\u00e9rang\u00e9e. Lorsque Akli, l&rsquo;un des journalistes, lui a expliqu\u00e9 qu&rsquo;il ne supportait pas le bruit, Ang\u00e8le en a profit\u00e9 pour se confier sur son trouble de l&rsquo;audition. \u00ab\u00a0Moi aussi, j&rsquo;ai des oreilles sensibles\u00a0\u00bb, a indiqu\u00e9 la chanteuse. \u00ab\u00a0<b>J&rsquo;ai ce qu&rsquo;on appelle une hyperacousie donc il y a certains sons que j&rsquo;entends tr\u00e8s fort<\/b>. Et puis j&rsquo;ai des acouph\u00e8nes aussi\u00a0\u00bb, a-t-elle poursuivi. Ce trouble peut \u00eatre handicapant, surtout pour une chanteuse. En effet, l&rsquo;hyperacousie exacerbe certains sons, les rendant d\u00e9rangeants et parfois m\u00eame douloureux.<\/p>\n<p>                        \u00ab\u00a0Je n&rsquo;\u00e9tais pas en s\u00e9curit\u00e9\u00a0\u00bb : Ang\u00e8le se confie sur les menaces auxquelles elle a \u00e9t\u00e9 confront\u00e9e \u00e0 cause de sa notori\u00e9t\u00e9<\/p>\n<p>Durant l&rsquo;\u00e9mission, Ang\u00e8le s&rsquo;est \u00e9galement exprim\u00e9e sur certains c\u00f4t\u00e9s n\u00e9gatifs li\u00e9s \u00e0 la notori\u00e9t\u00e9 et si elle craignait les paparazzi. \u00ab\u00a0Ce qui est perturbant c&rsquo;est qu&rsquo;\u00e0 la fois l&rsquo;int\u00e9r\u00eat des gens, j&rsquo;en ai besoin (&#8230;) C&rsquo;est bien si je chante, mais c&rsquo;est encore mieux si on m&rsquo;\u00e9coute. Malheureusement, parfois \u00e7a d\u00e9passe ce cadre-l\u00e0\u00a0\u00bb, a-t-elle regrett\u00e9.<\/p>\n<p>L&rsquo;interpr\u00e8te de Balance ton quoi a r\u00e9v\u00e9l\u00e9 avoir notamment d\u00e9j\u00e0 d\u00fb faire face \u00e0 des situations dangereuses. \u00ab\u00a0\u00c7a m&rsquo;est arriv\u00e9 d&rsquo;avoir l&rsquo;impression que je n&rsquo;\u00e9tais pas en s\u00e9curit\u00e9, de recevoir des menaces, d&rsquo;avoir des gens qui m&rsquo;attendent devant chez moi. Tant que \u00e7a ne m&#8217;emp\u00eache pas de vivre, \u00e7a fait un peu partie du jeu\u00a0\u00bb, a conclu Ang\u00e8le.<\/p>\n","protected":false},"excerpt":{"rendered":"Ce mardi 30 d\u00e9cembre 2025, France 4 proposait la version longue du num\u00e9ro des Rencontres du Papotin avec&hellip;\n","protected":false},"author":2,"featured_media":631347,"comment_status":"","ping_status":"","sticky":false,"template":"","format":"standard","meta":{"footnotes":""},"categories":[1355],"tags":[74012,244,58,59,1011,27,22363,42324,1361,873,1630],"class_list":{"0":"post-631346","1":"post","2":"type-post","3":"status-publish","4":"format-standard","5":"has-post-thumbnail","7":"category-musique","8":"tag-angu00e8le","9":"tag-commentaire","10":"tag-divertissement","11":"tag-entertainment","12":"tag-fr","13":"tag-france","14":"tag-france-4","15":"tag-les-rencontres-du-papotin","16":"tag-music","17":"tag-musique","18":"tag-zapping"},"share_on_mastodon":{"url":"https:\/\/pubeurope.com\/@fr\/115812359742216076","error":""},"_links":{"self":[{"href":"https:\/\/www.europesays.com\/fr\/wp-json\/wp\/v2\/posts\/631346","targetHints":{"allow":["GET"]}}],"collection":[{"href":"https:\/\/www.europesays.com\/fr\/wp-json\/wp\/v2\/posts"}],"about":[{"href":"https:\/\/www.europesays.com\/fr\/wp-json\/wp\/v2\/types\/post"}],"author":[{"embeddable":true,"href":"https:\/\/www.europesays.com\/fr\/wp-json\/wp\/v2\/users\/2"}],"replies":[{"embeddable":true,"href":"https:\/\/www.europesays.com\/fr\/wp-json\/wp\/v2\/comments?post=631346"}],"version-history":[{"count":0,"href":"https:\/\/www.europesays.com\/fr\/wp-json\/wp\/v2\/posts\/631346\/revisions"}],"wp:featuredmedia":[{"embeddable":true,"href":"https:\/\/www.europesays.com\/fr\/wp-json\/wp\/v2\/media\/631347"}],"wp:attachment":[{"href":"https:\/\/www.europesays.com\/fr\/wp-json\/wp\/v2\/media?parent=631346"}],"wp:term":[{"taxonomy":"category","embeddable":true,"href":"https:\/\/www.europesays.com\/fr\/wp-json\/wp\/v2\/categories?post=631346"},{"taxonomy":"post_tag","embeddable":true,"href":"https:\/\/www.europesays.com\/fr\/wp-json\/wp\/v2\/tags?post=631346"}],"curies":[{"name":"wp","href":"https:\/\/api.w.org\/{rel}","templated":true}]}}