{"id":631350,"date":"2025-12-31T04:46:14","date_gmt":"2025-12-31T04:46:14","guid":{"rendered":"https:\/\/www.europesays.com\/fr\/631350\/"},"modified":"2025-12-31T04:46:14","modified_gmt":"2025-12-31T04:46:14","slug":"vers-un-meilleur-suivi-des-patients-grace-au-registre-national","status":"publish","type":"post","link":"https:\/\/www.europesays.com\/fr\/631350\/","title":{"rendered":"vers un meilleur suivi des patients gr\u00e2ce au registre national"},"content":{"rendered":"<p>Il entrera en vigueur le <strong>1\u1d49\u02b3 janvier 2026.\u00a0L<\/strong>e registre national du cancer marque une \u00e9volution majeure de la politique de sant\u00e9 en France. Pour la premi\u00e8re fois, l\u2019ensemble des informations li\u00e9es au cancer sont regroup\u00e9es \u00e0 l\u2019\u00e9chelle nationale. Si cet outil est souvent pr\u00e9sent\u00e9 comme un levier pour la recherche ou la gestion du syst\u00e8me de sant\u00e9, il modifie surtout, en profondeur, la mani\u00e8re dont les patients atteints de cancer sont suivis, soign\u00e9s et accompagn\u00e9s.<\/p>\n<p>Le cancer mieux suivi pour des parcours de soins plus fluides<\/p>\n<p>Pour de nombreux patients, le cancer s\u2019accompagne d\u2019un parcours long, parfois morcel\u00e9, entre examens, consultations et traitements. Jusqu\u2019ici, les informations m\u00e9dicales \u00e9taient souvent dispers\u00e9es entre \u00e9tablissements, r\u00e9gions ou bases de donn\u00e9es. Avec le registre national du cancer, cette fragmentation recule. Les donn\u00e9es issues du d\u00e9pistage, du diagnostic, des soins et du suivi sont d\u00e9sormais centralis\u00e9es, de mani\u00e8re s\u00e9curis\u00e9e, afin de mieux comprendre les trajectoires r\u00e9elles des patients.<\/p>\n<p>Cette vision globale permet d\u2019identifier plus pr\u00e9cis\u00e9ment les ruptures de parcours li\u00e9es au cancer. D\u00e9lais de diagnostic, acc\u00e8s aux traitements innovants, continuit\u00e9 entre l\u2019h\u00f4pital et la ville : autant de points qui pourront \u00eatre analys\u00e9s et am\u00e9lior\u00e9s. Selon le d\u00e9cret publi\u00e9 au <a href=\"https:\/\/www.legifrance.gouv.fr\/jorf\/id\/JORFTEXT000053177576\" target=\"_blank\" rel=\"noopener\">Journal officiel<\/a> le 28 d\u00e9cembre 2025, les donn\u00e9es sont collect\u00e9es de fa\u00e7on r\u00e9guli\u00e8re pour produire des indicateurs fiables, utiles \u00e0 l\u2019am\u00e9lioration concr\u00e8te des soins en France.<\/p>\n<p>Pour les patients, l\u2019enjeu est clair : b\u00e9n\u00e9ficier d\u2019une prise en charge plus coh\u00e9rente. En disposant d\u2019une photographie nationale du cancer, les professionnels de sant\u00e9 peuvent mieux comparer les pratiques, harmoniser les protocoles et r\u00e9duire les disparit\u00e9s entre territoires. \u00c0 terme, cela signifie des soins plus lisibles, plus rapides et mieux coordonn\u00e9s, quel que soit le lieu de r\u00e9sidence.<\/p>\n<p>Des soins contre le cancer plus \u00e9quitables sur tout le territoire<\/p>\n<p>Le registre national du cancer r\u00e9pond aussi \u00e0 une attente forte des patients : l\u2019\u00e9quit\u00e9. En France, l\u2019acc\u00e8s aux soins contre le cancer varie encore selon les r\u00e9gions, les structures et les contextes sociaux. En rendant visibles ces \u00e9carts, le registre devient un outil puissant pour agir. Les donn\u00e9es permettront de rep\u00e9rer les zones o\u00f9 les patients sont diagnostiqu\u00e9s plus tard, trait\u00e9s diff\u00e9remment ou suivis moins longtemps.<\/p>\n<p>Cette transparence constitue un levier d\u2019action pour les autorit\u00e9s sanitaires. En analysant finement les situations, il devient possible d\u2019adapter l\u2019offre de soins, de renforcer certains dispositifs ou de corriger des d\u00e9s\u00e9quilibres persistants. Pour les patients atteints de cancer, cela se traduit par une promesse : celle d\u2019une prise en charge moins d\u00e9pendante du code postal et davantage fond\u00e9e sur les besoins r\u00e9els.<\/p>\n<p>L\u2019Institut national du cancer, charg\u00e9 du pilotage du registre, insiste sur cette dimension. Ses responsables soulignent que ces donn\u00e9es permettront de mieux mesurer les in\u00e9galit\u00e9s sociales et territoriales li\u00e9es au cancer, et donc de mieux y r\u00e9pondre, comme l\u2019a rapport\u00e9 <a href=\"https:\/\/sante.lefigaro.fr\/social\/sante-publique\/une-avancee-majeure-un-registre-national-du-cancer-enfin-lance-en-france-20251229\" target=\"_blank\" rel=\"noopener\">Le Figaro.<\/a><\/p>\n<p>Le registre national du cancer, un espoir concret pour les patients<\/p>\n<p>Le registre national du cancer change la place du patient dans le syst\u00e8me de sant\u00e9. En rendant visibles les parcours et les r\u00e9sultats des soins, il contribue \u00e0 une m\u00e9decine plus personnalis\u00e9e. Les donn\u00e9es recueillies pourront aider \u00e0 identifier les profils de patients qui b\u00e9n\u00e9ficient le plus de certains traitements, ou ceux qui n\u00e9cessitent un accompagnement renforc\u00e9 apr\u00e8s les soins.<\/p>\n<p>Ce suivi \u00e0 long terme est essentiel. Le cancer ne s\u2019arr\u00eate pas \u00e0 la fin des traitements : effets secondaires, r\u00e9cidives, qualit\u00e9 de vie font partie int\u00e9grante de l\u2019exp\u00e9rience des patients. Gr\u00e2ce au registre, ces dimensions pourront \u00eatre mieux document\u00e9es et int\u00e9gr\u00e9es dans les d\u00e9cisions de sant\u00e9 publique.<\/p>\n<p>Pour les patients, ce nouvel outil porte donc un message r\u00e9solument optimiste. Il traduit une volont\u00e9 de mieux comprendre ce qu\u2019ils vivent r\u00e9ellement, au-del\u00e0 des statistiques isol\u00e9es. En donnant au cancer une visibilit\u00e9 nationale et continue, le registre renforce l\u2019id\u00e9e que chaque parcours compte et que l\u2019am\u00e9lioration des soins passe aussi par l\u2019\u00e9coute et l\u2019analyse des exp\u00e9riences v\u00e9cues.<\/p>\n","protected":false},"excerpt":{"rendered":"Il entrera en vigueur le 1\u1d49\u02b3 janvier 2026.\u00a0Le registre national du cancer marque une \u00e9volution majeure de la&hellip;\n","protected":false},"author":2,"featured_media":631351,"comment_status":"","ping_status":"","sticky":false,"template":"","format":"standard","meta":{"footnotes":""},"categories":[10],"tags":[1011,27,72,71],"class_list":{"0":"post-631350","1":"post","2":"type-post","3":"status-publish","4":"format-standard","5":"has-post-thumbnail","7":"category-sante","8":"tag-fr","9":"tag-france","10":"tag-health","11":"tag-sante"},"share_on_mastodon":{"url":"https:\/\/pubeurope.com\/@fr\/115812367650047329","error":""},"_links":{"self":[{"href":"https:\/\/www.europesays.com\/fr\/wp-json\/wp\/v2\/posts\/631350","targetHints":{"allow":["GET"]}}],"collection":[{"href":"https:\/\/www.europesays.com\/fr\/wp-json\/wp\/v2\/posts"}],"about":[{"href":"https:\/\/www.europesays.com\/fr\/wp-json\/wp\/v2\/types\/post"}],"author":[{"embeddable":true,"href":"https:\/\/www.europesays.com\/fr\/wp-json\/wp\/v2\/users\/2"}],"replies":[{"embeddable":true,"href":"https:\/\/www.europesays.com\/fr\/wp-json\/wp\/v2\/comments?post=631350"}],"version-history":[{"count":0,"href":"https:\/\/www.europesays.com\/fr\/wp-json\/wp\/v2\/posts\/631350\/revisions"}],"wp:featuredmedia":[{"embeddable":true,"href":"https:\/\/www.europesays.com\/fr\/wp-json\/wp\/v2\/media\/631351"}],"wp:attachment":[{"href":"https:\/\/www.europesays.com\/fr\/wp-json\/wp\/v2\/media?parent=631350"}],"wp:term":[{"taxonomy":"category","embeddable":true,"href":"https:\/\/www.europesays.com\/fr\/wp-json\/wp\/v2\/categories?post=631350"},{"taxonomy":"post_tag","embeddable":true,"href":"https:\/\/www.europesays.com\/fr\/wp-json\/wp\/v2\/tags?post=631350"}],"curies":[{"name":"wp","href":"https:\/\/api.w.org\/{rel}","templated":true}]}}