{"id":631358,"date":"2025-12-31T04:50:12","date_gmt":"2025-12-31T04:50:12","guid":{"rendered":"https:\/\/www.europesays.com\/fr\/631358\/"},"modified":"2025-12-31T04:50:12","modified_gmt":"2025-12-31T04:50:12","slug":"la-france-commande-deux-avions-dalerte-avancee-globaleye-a-saab-pour-11-milliard-deuros-zone-militaire","status":"publish","type":"post","link":"https:\/\/www.europesays.com\/fr\/631358\/","title":{"rendered":"La France commande deux avions d&#039;alerte avanc\u00e9e GlobalEye \u00e0 Saab pour 1,1 milliard d&#039;euros &#8211; Zone Militaire"},"content":{"rendered":"<ol>\n<li><a href=\"https:\/\/news.google.com\/rss\/articles\/CBMiwAFBVV95cUxOWEdJWWx0REFaa0NSSkpVcWcyTXZfM2F0MWpMWXA4bnp3RUxHdkp2MzNWOS1vU3NaYmR3cDdGY2U2cUZtd0kwd3BiMkdYQjVsOW15QVpoMzE2M2NZdWpTMG41X180TUgtOVk0cTY0aENrcWdVemNUdmRjMDVoUHJBMDNBeVhYQU9TZ2g1OVJ5ZWUzemFDTV9TdmNXV3hLdlhqMjN1TWNSYk1vM1dMQVBMMDc1VkhwTDZ4SkV4SW95SUE?oc=5\" target=\"_blank\" rel=\"noopener\">La France commande deux avions d&rsquo;alerte avanc\u00e9e GlobalEye \u00e0 Saab pour 1,1 milliard d&rsquo;euros<\/a>&nbsp;&nbsp;Zone Militaire<\/li>\n<li><a href=\"https:\/\/news.google.com\/rss\/articles\/CBMi_AFBVV95cUxQeUtJdV96ck9BVV9kSm5CTi1HdEFYY0RxaE1mVXQzckF3ZzkweXVRWnVtZmdueEhoRkFzR2JoSDdTc051TGZMTHNXeUp5RzJSNjQ4M19iUlI4dU5mQ293ZHB3SVdJRXdKX0VDNnZPd3EwNDVuR1EtM3hQNGg3S2djTzN5WEV0eXVpNGoySTg0dGZfVVVDcENGWml6RXVRWUFxTFJ4M09SVmxhNDVOZHJobWlEczBCWTNGa0FuV3l4SmxvMVZfREFRSG1PNXh5NGFERXphZ1hLVDQxQzJWREYzOTB0emV4NC1TdEY5anpzWFFkRG1RaE5yZGU5dlo?oc=5\" target=\"_blank\" rel=\"noopener\">La France commande deux avions de surveillance GlobalEye au fabricant su\u00e9dois Saab pour 1,1 milliard d&rsquo;euros<\/a>&nbsp;&nbsp;Le Monde.fr<\/li>\n<li><a href=\"https:\/\/news.google.com\/rss\/articles\/CBMiwwJBVV95cUxPQVlNeWFLQlNKNVhWV0pLNnpXYnRKQWdMUnhkeGpwUTdCMVFBU2VNNkNzbUhPQjAzcWhOOUVpWWx1bVNnZmRuZ1RTNUJFQlVhbW5PYUQ1TVNBSXFlaGozeXdNaU12UDRLREJhTzZJdnM4c3FxMF9EWXU2dFJGMHdjRzVvT2ptSEI3dVcxVGt5NHB3anFaTUNRazc5WkstUUtsbnFzZk1icmoxOENNaU9raW5qVkFRbkhzMVNtX0FCUV9EVEFPVkJINlBRTlljSVo1dFFnSmZ5YkpNNHRmTWFiUjh5dTEwRmVJNGJmWE5OMTNFSHAtNUgwQlN2R0l1aklnRTdTZE9mdVJ5M3ZpWVVfbXRsU2xUV0EtMW9MV2NiTEoyMnkyUXhrcXphdzA1QUtzbHpOUkI3VWpQOTZjdFBJYkVJbw?oc=5\" target=\"_blank\" rel=\"noopener\">Une lettre d&rsquo;intention avait \u00e9t\u00e9 sign\u00e9e au salon du Bourget en juin: la France commande deux avions radars GlobalEye au su\u00e9dois Saab pour plus d&rsquo;un milliard d&rsquo;euros<\/a>&nbsp;&nbsp;BFM<\/li>\n<li><a href=\"https:\/\/news.google.com\/rss\/articles\/CBMiswJBVV95cUxQbjN2RmFTMHA4blBVMVdaRWlLNXJ4a19NS0IyOFJQRlRzZ2tqUmdnalIyUXVhN19sZC05LXcxdS1BbWlhSkVWWEpyTnoxS2hKZTk4NHNDQkxYY3VBTUdrRm1FWkw4ZDFlLXEtTmlSZktWaF9lNW9vYnZiSzlVQWdkNGpKVFdISXgwQTRZMjJDUTRSTG9YX0Z2d052Zm9PQzJSdXpzVFVZVmx4ZmFqQnJTdVhNVDZXd2JrYUx2RVZDNmJ6dVlzQWQ2aVNEN1dULUg5TjZxTV96bVhpdDJvdUlHRGpkcU9jdTRucS1ZSEhyOUEyenZFbElzZVRmUXhlcm5WWTVtUUZCdWYwV01jSy1EWW9fT3Z0WmtCYy1RTmp4cHRpcy1uVGtWUjczbFQ2RGt5TVNN?oc=5\" target=\"_blank\" rel=\"noopener\">D\u00e9tecter des missiles hypersoniques, des avions furtifs ou des drones \u00e0 550 kilom\u00e8tres \u00e0 la ronde : la France trouve ses futures sentinelles des airs<\/a>&nbsp;&nbsp;Les Echos<\/li>\n<li><a href=\"https:\/\/news.google.com\/rss\/articles\/CBMi6AFBVV95cUxPMUNONUU3X0kzWFZMa1ltQ01qMUJJRWhEWmRSRk1KdVhoVUZxRzl0dHljYWVidXFOQkZ1UGw1VWZrYV9pb1E2djkwNmJJa29VOUFhVjNUdkF4Wi1JZ3lYYkF3VmJuT19CZ1RoMmtISElRdko2TnV1ekNrMzlhV3gyM2RsaDlhREFfdTQxMWNVWTluOUZ6LXM5ZkZhNGxhSm9DVGEyVWFON25MZzJxbjdTZ0FDSmtfZHdnamp6YTFEcW00amlwTy03Mk50QWNXT2hYdzJ1YzN0eG96SUc4QTdwVjExN095eTh5?oc=5\" target=\"_blank\" rel=\"noopener\">Armement : La France commande deux avions radars Saab pour 1,1 milliard d\u2019euros<\/a>&nbsp;&nbsp;La Tribune<\/li>\n<\/ol>\n","protected":false},"excerpt":{"rendered":"La France commande deux avions d&rsquo;alerte avanc\u00e9e GlobalEye \u00e0 Saab pour 1,1 milliard d&rsquo;euros&nbsp;&nbsp;Zone Militaire La France commande&hellip;\n","protected":false},"author":2,"featured_media":631359,"comment_status":"","ping_status":"","sticky":false,"template":"","format":"standard","meta":{"footnotes":""},"categories":[6],"tags":[33024,41247,33025,35,33124,74013,33,34,1011,27,65194,27760,24703,7199],"class_list":{"0":"post-631358","1":"post","2":"type-post","3":"status-publish","4":"format-standard","5":"has-post-thumbnail","7":"category-economie","8":"tag-aae","9":"tag-alerte-avancee","10":"tag-armee-de-lair-de-lespace","11":"tag-business","12":"tag-dga","13":"tag-e-3f","14":"tag-economie","15":"tag-economy","16":"tag-fr","17":"tag-france","18":"tag-globaleye","19":"tag-radar","20":"tag-saab","21":"tag-suede"},"share_on_mastodon":{"url":"https:\/\/pubeurope.com\/@fr\/115812383056772697","error":""},"_links":{"self":[{"href":"https:\/\/www.europesays.com\/fr\/wp-json\/wp\/v2\/posts\/631358","targetHints":{"allow":["GET"]}}],"collection":[{"href":"https:\/\/www.europesays.com\/fr\/wp-json\/wp\/v2\/posts"}],"about":[{"href":"https:\/\/www.europesays.com\/fr\/wp-json\/wp\/v2\/types\/post"}],"author":[{"embeddable":true,"href":"https:\/\/www.europesays.com\/fr\/wp-json\/wp\/v2\/users\/2"}],"replies":[{"embeddable":true,"href":"https:\/\/www.europesays.com\/fr\/wp-json\/wp\/v2\/comments?post=631358"}],"version-history":[{"count":0,"href":"https:\/\/www.europesays.com\/fr\/wp-json\/wp\/v2\/posts\/631358\/revisions"}],"wp:featuredmedia":[{"embeddable":true,"href":"https:\/\/www.europesays.com\/fr\/wp-json\/wp\/v2\/media\/631359"}],"wp:attachment":[{"href":"https:\/\/www.europesays.com\/fr\/wp-json\/wp\/v2\/media?parent=631358"}],"wp:term":[{"taxonomy":"category","embeddable":true,"href":"https:\/\/www.europesays.com\/fr\/wp-json\/wp\/v2\/categories?post=631358"},{"taxonomy":"post_tag","embeddable":true,"href":"https:\/\/www.europesays.com\/fr\/wp-json\/wp\/v2\/tags?post=631358"}],"curies":[{"name":"wp","href":"https:\/\/api.w.org\/{rel}","templated":true}]}}