{"id":631360,"date":"2025-12-31T04:51:12","date_gmt":"2025-12-31T04:51:12","guid":{"rendered":"https:\/\/www.europesays.com\/fr\/631360\/"},"modified":"2025-12-31T04:51:12","modified_gmt":"2025-12-31T04:51:12","slug":"ce-sera-le-21e-etat-a-basculer-le-1er-janvier-craintes-et-soupcons-en-bulgarie-avant-le-passage-a-leuro","status":"publish","type":"post","link":"https:\/\/www.europesays.com\/fr\/631360\/","title":{"rendered":"Ce sera le 21e \u00c9tat \u00e0 basculer le 1er\u00a0janvier\u00a0: craintes et soup\u00e7ons en Bulgarie avant le passage \u00e0 l\u2019euro"},"content":{"rendered":"<p>\n                                                                21e \u00c9tat \u00e0 adopter la monnaie europ\u00e9enne, la Bulgarie dira adieu, ce jeudi 1er\u00a0janvier, \u00e0 son lev.\n                            <\/p>\n<p>Les banques, les entreprises et les consommateurs bulgares se pr\u00e9parent \u00e0 dire adieu au lev, la monnaie nationale,<a href=\"https:\/\/www.touteleurope.eu\/economie-et-social\/la-bulgarie-adoptera-l-euro-le-1er-janvier-2026\/\" target=\"_self\" rel=\"noopener\"> avec l\u2019adoption de l\u2019euro le 1er\u00a0janvier. <\/a>Une \u00e9tape attendue de longue date et accueillie \u00e0 la fois avec enthousiasme, scepticisme et, parfois, col\u00e8re.<\/p>\n<p>La Bulgarie, \u00e0 la fronti\u00e8re sud-est de l\u2019Union europ\u00e9enne (UE), deviendra ainsi le 21e \u00c9tat \u00e0 rejoindre la zone euro, apr\u00e8s avoir satisfait<a href=\"https:\/\/www.bfmtv.com\/economie\/economie-social\/union-europeenne\/dans-trois-semaines-le-pays-le-plus-pauvre-de-l-ue-va-adopter-l-euro-en-proie-a-une-crise-politique-aigue-la-bulgarie-ne-fete-pas-l-evenement-meme-si-l-europe-l-a-beaucoup-enrichie_AV-202512140113.html\" target=\"_self\" rel=\"noopener\"> cette ann\u00e9e aux crit\u00e8res formels d\u2019adh\u00e9sion<\/a>. Notamment en mati\u00e8re d\u2019inflation, de d\u00e9ficit budg\u00e9taire, de co\u00fbts d\u2019emprunt \u00e0 long terme\u200d ou de stabilit\u00e9 du taux de change.<\/p>\n<p>Cette adh\u00e9sion intervient deux ans apr\u00e8s celle de la Croatie, en janvier\u00a02023, dernier pays en date \u00e0 avoir adopt\u00e9 la monnaie unique, et portera \u00e0 plus de 350\u00a0millions le nombre d\u2019Europ\u00e9ens utilisant l\u2019euro. Devenir membre de la zone euro, c\u2019est aussi, au-del\u00e0 de l\u2019utilisation des billets et pi\u00e8ces en euros, obtenir un si\u00e8ge au Conseil des gouverneurs de la Banque centrale europ\u00e9enne (BCE).<\/p>\n<p>Mais si les gouvernements bulgares successifs ont tous milit\u00e9 en faveur de l\u2019euro depuis l\u2019entr\u00e9e du pays dans l\u2019UE en 2007, la Bulgarie, peupl\u00e9e de 6,7\u00a0millions d\u2019habitants, reste divis\u00e9e sur la question, selon les sondages, m\u00eame si les entreprises y sont largement favorables.<\/p>\n<p>Instabilit\u00e9 politique<\/p>\n<p>Dans un pays qui entretient des liens culturels et politiques historiques avec la Russie, nombreux sont ceux qui se m\u00e9fient d\u2019une all\u00e9geance de plus \u00e0 l\u2019Europe. \u00ab\u00a0Je suis contre, d\u2019abord parce que le lev est notre monnaie nationale, explique Emil Ivanov, un retrait\u00e9 vivant \u00e0 Sofia, la capitale. Deuxi\u00e8mement, l\u2019Europe se dirige vers sa disparition. Je \u200dne serai peut-\u00eatre plus en vie lorsque cela se produira, mais c\u2019est l\u00e0 que tout va.\u00a0\u00bb<\/p>\n<p>Selon certains analystes politiques, la campagne de promotion de l\u2019euro a \u2060\u00e9t\u00e9 insuffisante et les personnes \u00e2g\u00e9es, en particulier dans les zones \u200crecul\u00e9es, auront du mal \u00e0 s\u2019adapter. Ils estiment \u00e9galement que l\u2019absence de gouvernement stable pourrait compliquer davantage la transition.<\/p>\n<p>Pourtant, dans les rues et les magasins de Sofia, les entreprises se sont pr\u00e9par\u00e9es. Les prix \u200dde tous les produits, des fruits aux bouteilles de vin, sont affich\u00e9s en levs et en euros.<\/p>\n<p>\u00ab\u00a0Avenir commun. Monnaie commune\u00a0\u00bb<\/p>\n<p>Des panneaux d\u2019affichage financ\u00e9s par le gouvernement indiquent le taux de change euro-lev accompagn\u00e9s du message\u00a0: \u00ab\u00a0Pass\u00e9 commun. Avenir commun. Monnaie commune.\u00a0\u00bb\u00a0Des publicit\u00e9s t\u00e9l\u00e9vis\u00e9es annoncent \u00e9galement le changement \u00e0 venir. Certains se f\u00e9licitent de cette \u00e9volution. \u00ab\u00a0Non seulement les personnes \u00e2g\u00e9es, mais aussi tous les jeunes peuvent facilement voyager en euros, au lieu de devoir changer de monnaie\u00a0\u00bb, salue Veselina Apostovlova, une retrait\u00e9e faisant ses courses \u00e0 Sofia.<\/p>\n<p>Mais beaucoup redoutent une hausse des prix ou se m\u00e9fient \u200dde la classe politique nationale, alors que le pays est \u2060en proie \u00e0 une crise qui a vu le gouvernement \u2060d\u00e9missionner, ce mois-ci, \u00e0 la suite de vastes manifestations contre les hausses d\u2019imp\u00f4ts.<\/p>\n","protected":false},"excerpt":{"rendered":"21e \u00c9tat \u00e0 adopter la monnaie europ\u00e9enne, la Bulgarie dira adieu, ce jeudi 1er\u00a0janvier, \u00e0 son lev. Les&hellip;\n","protected":false},"author":2,"featured_media":631361,"comment_status":"","ping_status":"","sticky":false,"template":"","format":"standard","meta":{"footnotes":""},"categories":[5],"tags":[1111,11,1011,27,14,74,12,28],"class_list":{"0":"post-631360","1":"post","2":"type-post","3":"status-publish","4":"format-standard","5":"has-post-thumbnail","7":"category-international","8":"tag-actu","9":"tag-actualites","10":"tag-fr","11":"tag-france","12":"tag-international","13":"tag-monde","14":"tag-news","15":"tag-world"},"share_on_mastodon":{"url":"https:\/\/pubeurope.com\/@fr\/115812386985292501","error":""},"_links":{"self":[{"href":"https:\/\/www.europesays.com\/fr\/wp-json\/wp\/v2\/posts\/631360","targetHints":{"allow":["GET"]}}],"collection":[{"href":"https:\/\/www.europesays.com\/fr\/wp-json\/wp\/v2\/posts"}],"about":[{"href":"https:\/\/www.europesays.com\/fr\/wp-json\/wp\/v2\/types\/post"}],"author":[{"embeddable":true,"href":"https:\/\/www.europesays.com\/fr\/wp-json\/wp\/v2\/users\/2"}],"replies":[{"embeddable":true,"href":"https:\/\/www.europesays.com\/fr\/wp-json\/wp\/v2\/comments?post=631360"}],"version-history":[{"count":0,"href":"https:\/\/www.europesays.com\/fr\/wp-json\/wp\/v2\/posts\/631360\/revisions"}],"wp:featuredmedia":[{"embeddable":true,"href":"https:\/\/www.europesays.com\/fr\/wp-json\/wp\/v2\/media\/631361"}],"wp:attachment":[{"href":"https:\/\/www.europesays.com\/fr\/wp-json\/wp\/v2\/media?parent=631360"}],"wp:term":[{"taxonomy":"category","embeddable":true,"href":"https:\/\/www.europesays.com\/fr\/wp-json\/wp\/v2\/categories?post=631360"},{"taxonomy":"post_tag","embeddable":true,"href":"https:\/\/www.europesays.com\/fr\/wp-json\/wp\/v2\/tags?post=631360"}],"curies":[{"name":"wp","href":"https:\/\/api.w.org\/{rel}","templated":true}]}}