{"id":631366,"date":"2025-12-31T04:56:18","date_gmt":"2025-12-31T04:56:18","guid":{"rendered":"https:\/\/www.europesays.com\/fr\/631366\/"},"modified":"2025-12-31T04:56:18","modified_gmt":"2025-12-31T04:56:18","slug":"mercato-hivernal-de-folie-en-vue-a-lasse-cinq-renforts-esperes","status":"publish","type":"post","link":"https:\/\/www.europesays.com\/fr\/631366\/","title":{"rendered":"Mercato hivernal de folie en vue \u00e0 l&rsquo;ASSE, cinq renforts esp\u00e9r\u00e9s ?"},"content":{"rendered":"<p>L\u2019AS Saint-\u00c9tienne a r\u00e9cemment prolong\u00e9 leur gardien Gautier Larsonneur mais cela n\u2019emp\u00eache pas le club de r\u00e9fl\u00e9chir d\u00e9j\u00e0 \u00e0 la suite. En coulisses, les dirigeants st\u00e9phanois anticipent d\u00e9j\u00e0 les prochains ajustements, notamment en raison de la situation de Brice Maubleu, dont le contrat arrive \u00e0 \u00e9ch\u00e9ance \u00e0 la fin de la saison.<\/p>\n<p>L\u2019ASSE prospecte donc bien au-del\u00e0 des cinq grand championnats europ\u00e9ens. La cellule de recrutement s\u2019oriente vers des march\u00e9s plus confidentiels, o\u00f9 le potentiel est r\u00e9el et les prix plus raisonnables pour leurs finances. Une strat\u00e9gie qui vise \u00e0 identifier des profils prometteurs avant qu\u2019ils n\u2019explosent aux yeux des autres recruteurs. Dans cette logique, les donn\u00e9es publi\u00e9es r\u00e9cemment par l\u2019Observatoire du football (CIES) ont servi de base de travail. L\u2019\u00e9tude met en avant plusieurs gardiens de moins de 20 ans affichant de bonnes statistiques, de l\u2019Europe du Nord \u00e0 l\u2019Am\u00e9rique du Nord, en passant par l\u2019Europe de l\u2019Est.<\/p>\n<p>Plusieurs profils vari\u00e9s dans les buts<\/p>\n<p>Parmi les profils \u00e9tudi\u00e9s, Simon Eriksson est parmi les plus prometteurs. Le portier d\u2019IF Elfsborg, international su\u00e9dois U21, impressionne par son gabarit imposant et son autorit\u00e9 dans les airs. \u00c0 seulement 19 ans, il s\u2019est d\u00e9j\u00e0 install\u00e9 comme un titulaire indiscutable en Allsvenskan, tout en affichant une qualit\u00e9 de relance impeccable, le b\u00e9aba du gardien dans le football moderne. Autre piste, celle menant \u00e0 Lazar Balevi\u0107. Le jeune Serbe du FK Napredak, \u00e2g\u00e9 de 18 ans, se distingue par une \u00e9tonnante maturit\u00e9 sur sa ligne et une capacit\u00e9 \u00e0 rester calme sous pression, malgr\u00e9 son manque d\u2019exp\u00e9rience au tr\u00e8s haut niveau.<\/p>\n<p>Hors d\u2019Europe, Andrew Rick est aussi suivi. Le joueur de Philadelphia Union est la vitrine de la formation made in Major League Soccer de ces derni\u00e8res ann\u00e9es. En Ukraine, Nazar Domchak, gardien du Karpaty Lviv, lui aussi sur les tablettes des Verts, affiche d\u00e9j\u00e0 une forte personnalit\u00e9 et une vraie sp\u00e9cialit\u00e9 dans l\u2019exercice des tirs au but, un atout rare \u00e0 un si jeune \u00e2ge.<\/p>\n<p>\u00c0 lire aussi :Un Autrichien, priorit\u00e9 num\u00e9ro un de Saint\u00e9<\/p>\n<p>Un nom ressort avec plus d\u2019insistance que les autres, celui de Christian Zawieschitzky. Le gardien autrichien du RB Salzbourg coche de nombreuses cases aux yeux du staff st\u00e9phanois. Issu d\u2019un centre de formation r\u00e9put\u00e9 pour son exigence et sa modernit\u00e9, il pr\u00e9sente un profil tr\u00e8s complet avec un jeu au pied pr\u00e9cis, une bonne mobilit\u00e9 et une grande discipline tactique selon les observateurs. Autant de qualit\u00e9s recherch\u00e9es dans un football o\u00f9 la relance depuis l\u2019arri\u00e8re est devenue essentielle. Son passage dans le syst\u00e8me Red Bull, renforce encore son attractivit\u00e9. \u00c0 ce stade, il reste la piste prioritaire de l\u2019ASSE.<\/p>\n<p>   Partagez cette info avec vos amis et vos proches en cliquant ici<br \/> Pour r\u00e9sumer<\/p>\n<p>L\u2019ASSE pr\u00e9pare les prochaines saisons pour le poste de gardien malgr\u00e9 la prolongation de Larsonneur. Anticipant la fin de contrat de Maubleu, le club cible cinq jeunes gardiens \u00e9voluant hors du \u00abBig 5\u00bb europ\u00e9en. Christian Zawieschitzky (RB Salzbourg) appara\u00eet comme \u00e9tant la piste prioritaire \u00e0 l\u2019heure actuelle.<\/p>\n<p>R\u00e9dacteur<\/p>\n<p><img decoding=\"async\" width=\"76\" height=\"76\" loading=\"lazy\" src=\"https:\/\/www.europesays.com\/fr\/wp-content\/uploads\/2025\/04\/avatar-onze.webp.webp\" alt=\"J\u00e9r\u00e9my lhostis\"\/><\/p>\n","protected":false},"excerpt":{"rendered":"L\u2019AS Saint-\u00c9tienne a r\u00e9cemment prolong\u00e9 leur gardien Gautier Larsonneur mais cela n\u2019emp\u00eache pas le club de r\u00e9fl\u00e9chir d\u00e9j\u00e0&hellip;\n","protected":false},"author":2,"featured_media":631367,"comment_status":"","ping_status":"","sticky":false,"template":"","format":"standard","meta":{"footnotes":""},"categories":[9653],"tags":[1111,11,2430,1777,674,1011,27,446,12,25,4001,10662],"class_list":{"0":"post-631366","1":"post","2":"type-post","3":"status-publish","4":"format-standard","5":"has-post-thumbnail","7":"category-saint-etienne","8":"tag-actu","9":"tag-actualites","10":"tag-auvergne-rhone-alpes","11":"tag-eu","12":"tag-europe","13":"tag-fr","14":"tag-france","15":"tag-ligue-2","16":"tag-news","17":"tag-republique-francaise","18":"tag-saint-etienne","19":"tag-transferts"},"share_on_mastodon":{"url":"https:\/\/pubeurope.com\/@fr\/115812406635302647","error":""},"_links":{"self":[{"href":"https:\/\/www.europesays.com\/fr\/wp-json\/wp\/v2\/posts\/631366","targetHints":{"allow":["GET"]}}],"collection":[{"href":"https:\/\/www.europesays.com\/fr\/wp-json\/wp\/v2\/posts"}],"about":[{"href":"https:\/\/www.europesays.com\/fr\/wp-json\/wp\/v2\/types\/post"}],"author":[{"embeddable":true,"href":"https:\/\/www.europesays.com\/fr\/wp-json\/wp\/v2\/users\/2"}],"replies":[{"embeddable":true,"href":"https:\/\/www.europesays.com\/fr\/wp-json\/wp\/v2\/comments?post=631366"}],"version-history":[{"count":0,"href":"https:\/\/www.europesays.com\/fr\/wp-json\/wp\/v2\/posts\/631366\/revisions"}],"wp:featuredmedia":[{"embeddable":true,"href":"https:\/\/www.europesays.com\/fr\/wp-json\/wp\/v2\/media\/631367"}],"wp:attachment":[{"href":"https:\/\/www.europesays.com\/fr\/wp-json\/wp\/v2\/media?parent=631366"}],"wp:term":[{"taxonomy":"category","embeddable":true,"href":"https:\/\/www.europesays.com\/fr\/wp-json\/wp\/v2\/categories?post=631366"},{"taxonomy":"post_tag","embeddable":true,"href":"https:\/\/www.europesays.com\/fr\/wp-json\/wp\/v2\/tags?post=631366"}],"curies":[{"name":"wp","href":"https:\/\/api.w.org\/{rel}","templated":true}]}}