{"id":631374,"date":"2025-12-31T05:05:22","date_gmt":"2025-12-31T05:05:22","guid":{"rendered":"https:\/\/www.europesays.com\/fr\/631374\/"},"modified":"2025-12-31T05:05:22","modified_gmt":"2025-12-31T05:05:22","slug":"lambassadeur-de-france-au-vietnam-attendu-a-rouen-pour-une-rencontre-avec-les-etudiants","status":"publish","type":"post","link":"https:\/\/www.europesays.com\/fr\/631374\/","title":{"rendered":"L\u2019ambassadeur de France au Vietnam attendu \u00e0 Rouen pour une rencontre avec les \u00e9tudiants"},"content":{"rendered":"<p>\t\t\t\t\t Cette venue s\u2019inscrit dans le cadre du programme Diplonation, port\u00e9 par le ministre de l\u2019Europe et des Affaires \u00e9trang\u00e8res, Jean-No\u00ebl Barrot. L&rsquo;objectif, selon le communiqu\u00e9 de la pr\u00e9fecture de Seine-Maritime, est de \u00ab rapprocher davantage la diplomatie fran\u00e7aise des citoyens et des enjeux territoriaux \u00bb,\u00a0 en ouvrant le dialogue sur les m\u00e9tiers de l\u2019international et les relations bilat\u00e9rales avec des pays partenaires comme le Vietnam. <\/p>\n<p>Au cours de son d\u00e9placement rouennais, l\u2019ambassadeur ira \u00e9galement \u00e0 la rencontre de lyc\u00e9ens int\u00e9ress\u00e9s par les carri\u00e8res internationales et d\u2019entreprises locales impliqu\u00e9es dans les \u00e9changes \u00e9conomiques avec le Vietnam, renfor\u00e7ant ainsi les passerelles entre diplomatie, formation et tissu \u00e9conomique. <br \/>\u00a0\n\t\t\t\t <\/p>\n","protected":false},"excerpt":{"rendered":"Cette venue s\u2019inscrit dans le cadre du programme Diplonation, port\u00e9 par le ministre de l\u2019Europe et des Affaires&hellip;\n","protected":false},"author":2,"featured_media":631375,"comment_status":"","ping_status":"","sticky":false,"template":"","format":"standard","meta":{"footnotes":""},"categories":[9587],"tags":[1111,11,1903,1777,674,1011,27,12,5161,5486,25,9590,5163,5768,951],"class_list":{"0":"post-631374","1":"post","2":"type-post","3":"status-publish","4":"format-standard","5":"has-post-thumbnail","7":"category-rouen","8":"tag-actu","9":"tag-actualites","10":"tag-ambassadeur","11":"tag-eu","12":"tag-europe","13":"tag-fr","14":"tag-france","15":"tag-news","16":"tag-normandie","17":"tag-rencontre","18":"tag-republique-francaise","19":"tag-rouen","20":"tag-seine-maritime","21":"tag-universite","22":"tag-vietnam"},"share_on_mastodon":{"url":"https:\/\/pubeurope.com\/@fr\/115812441981709598","error":""},"_links":{"self":[{"href":"https:\/\/www.europesays.com\/fr\/wp-json\/wp\/v2\/posts\/631374","targetHints":{"allow":["GET"]}}],"collection":[{"href":"https:\/\/www.europesays.com\/fr\/wp-json\/wp\/v2\/posts"}],"about":[{"href":"https:\/\/www.europesays.com\/fr\/wp-json\/wp\/v2\/types\/post"}],"author":[{"embeddable":true,"href":"https:\/\/www.europesays.com\/fr\/wp-json\/wp\/v2\/users\/2"}],"replies":[{"embeddable":true,"href":"https:\/\/www.europesays.com\/fr\/wp-json\/wp\/v2\/comments?post=631374"}],"version-history":[{"count":0,"href":"https:\/\/www.europesays.com\/fr\/wp-json\/wp\/v2\/posts\/631374\/revisions"}],"wp:featuredmedia":[{"embeddable":true,"href":"https:\/\/www.europesays.com\/fr\/wp-json\/wp\/v2\/media\/631375"}],"wp:attachment":[{"href":"https:\/\/www.europesays.com\/fr\/wp-json\/wp\/v2\/media?parent=631374"}],"wp:term":[{"taxonomy":"category","embeddable":true,"href":"https:\/\/www.europesays.com\/fr\/wp-json\/wp\/v2\/categories?post=631374"},{"taxonomy":"post_tag","embeddable":true,"href":"https:\/\/www.europesays.com\/fr\/wp-json\/wp\/v2\/tags?post=631374"}],"curies":[{"name":"wp","href":"https:\/\/api.w.org\/{rel}","templated":true}]}}