{"id":631384,"date":"2025-12-31T05:15:15","date_gmt":"2025-12-31T05:15:15","guid":{"rendered":"https:\/\/www.europesays.com\/fr\/631384\/"},"modified":"2025-12-31T05:15:15","modified_gmt":"2025-12-31T05:15:15","slug":"elye-wahi-a-nice-cest-boucle","status":"publish","type":"post","link":"https:\/\/www.europesays.com\/fr\/631384\/","title":{"rendered":"Elye Wahi \u00e0 Nice, c&rsquo;est boucl\u00e9"},"content":{"rendered":"<p>Sauf retournement de situation, Elye Wahi va rejoindre Nice dans les prochains jours, une fois la visite m\u00e9dicale valid\u00e9e. L\u2019officialisation est attendue rapidement, dans un mercato hivernal qui s\u2019ouvrira officiellement le 1er janvier et se refermera en France le 2 f\u00e9vrier \u00e0 20 heures. Ce calendrier laisse peu de place \u00e0 l\u2019improvisation, ce qui explique l\u2019acc\u00e9l\u00e9ration finale du dossier Elye Wahi.<\/p>\n<p>Pour l\u2019attaquant comme pour Nice, ce pr\u00eat s\u2019apparente \u00e0 un levier unique pour r\u00e9soudre deux probl\u00e9matiques distinctes : retrouver du temps de jeu et soulager une situation sportive bloqu\u00e9e. D\u00e9sormais, Elye Wahi n\u2019a plus qu\u2019un objectif : transformer cette nouvelle opportunit\u00e9 en v\u00e9ritable relance.<\/p>\n","protected":false},"excerpt":{"rendered":"Sauf retournement de situation, Elye Wahi va rejoindre Nice dans les prochains jours, une fois la visite m\u00e9dicale&hellip;\n","protected":false},"author":2,"featured_media":631385,"comment_status":"","ping_status":"","sticky":false,"template":"","format":"standard","meta":{"footnotes":""},"categories":[2819],"tags":[1111,11,5696,69,74014,40438,74016,74017,74018,1777,674,1011,27,66,1434,12,2401,74015,882,25,640,28401],"class_list":{"0":"post-631384","1":"post","2":"type-post","3":"status-publish","4":"format-standard","5":"has-post-thumbnail","7":"category-nice","8":"tag-actu","9":"tag-actualites","10":"tag-borussia-dortmund","11":"tag-bundesliga","12":"tag-e-wahi","13":"tag-eintracht-francfort","14":"tag-eintracht-francfort-vs-borussia-dortmund","15":"tag-eintracht-frankfurt","16":"tag-eintracht-frankfurt-vs-borussia-dortmund","17":"tag-eu","18":"tag-europe","19":"tag-fr","20":"tag-france","21":"tag-ligue-1","22":"tag-mercato","23":"tag-news","24":"tag-nice","25":"tag-nice-vs-strasbourg","26":"tag-provence-alpes-cote-dazur","27":"tag-republique-francaise","28":"tag-strasbourg","29":"tag-transfers"},"share_on_mastodon":{"url":"https:\/\/pubeurope.com\/@fr\/115812481240673414","error":""},"_links":{"self":[{"href":"https:\/\/www.europesays.com\/fr\/wp-json\/wp\/v2\/posts\/631384","targetHints":{"allow":["GET"]}}],"collection":[{"href":"https:\/\/www.europesays.com\/fr\/wp-json\/wp\/v2\/posts"}],"about":[{"href":"https:\/\/www.europesays.com\/fr\/wp-json\/wp\/v2\/types\/post"}],"author":[{"embeddable":true,"href":"https:\/\/www.europesays.com\/fr\/wp-json\/wp\/v2\/users\/2"}],"replies":[{"embeddable":true,"href":"https:\/\/www.europesays.com\/fr\/wp-json\/wp\/v2\/comments?post=631384"}],"version-history":[{"count":0,"href":"https:\/\/www.europesays.com\/fr\/wp-json\/wp\/v2\/posts\/631384\/revisions"}],"wp:featuredmedia":[{"embeddable":true,"href":"https:\/\/www.europesays.com\/fr\/wp-json\/wp\/v2\/media\/631385"}],"wp:attachment":[{"href":"https:\/\/www.europesays.com\/fr\/wp-json\/wp\/v2\/media?parent=631384"}],"wp:term":[{"taxonomy":"category","embeddable":true,"href":"https:\/\/www.europesays.com\/fr\/wp-json\/wp\/v2\/categories?post=631384"},{"taxonomy":"post_tag","embeddable":true,"href":"https:\/\/www.europesays.com\/fr\/wp-json\/wp\/v2\/tags?post=631384"}],"curies":[{"name":"wp","href":"https:\/\/api.w.org\/{rel}","templated":true}]}}