{"id":631388,"date":"2025-12-31T05:18:18","date_gmt":"2025-12-31T05:18:18","guid":{"rendered":"https:\/\/www.europesays.com\/fr\/631388\/"},"modified":"2025-12-31T05:18:18","modified_gmt":"2025-12-31T05:18:18","slug":"le-plan-derniere-minute-qui-cartonne","status":"publish","type":"post","link":"https:\/\/www.europesays.com\/fr\/631388\/","title":{"rendered":"Le plan derni\u00e8re minute qui cartonne"},"content":{"rendered":"<p>    Le plan last minute pour ton 31 d\u00e9cembre <\/p>\n<blockquote data-service=\"instagram\" data-category=\"marketing\" data-placeholder-image=\"https:\/\/quoifaireabordeaux.com\/wp-content\/plugins\/complianz-gdpr\/assets\/images\/placeholders\/instagram-minimal.jpg\" class=\"cmplz-placeholder-element instagram-media\" data-instgrm-captioned=\"\" data-instgrm-permalink=\"https:\/\/www.instagram.com\/reel\/DSkscd5ieiY\/?utm_source=ig_embed&amp;utm_campaign=loading\" data-instgrm-version=\"14\" style=\"background:#fff;border:0;border-radius:3px;box-shadow:0 0 1px 0 rgba(0,0,0,.5),0 1px 10px 0 rgba(0,0,0,.15);margin:1px;max-width:540px;min-width:326px;padding:0;width:99.375%;width:-webkit-calc(100% - 2px);width:calc(100% - 2px)\"\/>\n<p>Tu cherches encore o\u00f9 faire le r\u00e9veillon ? Il reste <strong>2 jours<\/strong> et tu veux une soir\u00e9e <strong>vraiment festive<\/strong>, pas un d\u00eener calme o\u00f9 tout le monde regarde sa montre\u2026 Direction <strong>La Tradizione<\/strong> pour un <strong>r\u00e9veillon comme \u00e0 Naples<\/strong> : \u00e7a chante, \u00e7a danse, \u00e7a trinque, et l\u2019ambiance est toujours au rendez-vous.<\/p>\n<p class=\"has-text-align-center\">R\u00e9servations par <strong>SMS directement au 07 67 11 66 51<\/strong>.<\/p>\n<p> La Tradizione, l\u2019Italie vraie\u2026 \u00e0 Bordeaux<br \/> <img loading=\"lazy\" width=\"1024\" height=\"683\" alt=\"r\u00e9veillon bordeaux\" title=\"Tu n\u2019as toujours rien pr\u00e9vu pour le 31 ? Voici LE r\u00e9veillon qui va te plaire 1\"  nitro-lazy- nitro-lazy-src=\"https:\/\/cdn-ilbobfj.nitrocdn.com\/LLQyioEDmPooSUeshdcABKPnDEWJyTwh\/assets\/images\/optimized\/rev-fefab80\/quoifaireabordeaux.com\/wp-content\/uploads\/2025\/12\/antonio-soiree-tradizione-reveillon-2026-1024x683-708x.png\" class=\"wp-image-18816798 nitro-lazy\" decoding=\"async\" nitro-lazy-empty=\"\" id=\"NTMxOjk4MQ==-1\" src=\"data:image\/svg+xml;nitro-empty-id=NTMxOjk4MQ==-1;base64,PHN2ZyB2aWV3Qm94PSIwIDAgMTAyNCA2ODMiIHdpZHRoPSIxMDI0IiBoZWlnaHQ9IjY4MyIgeG1sbnM9Imh0dHA6Ly93d3cudzMub3JnLzIwMDAvc3ZnIj48L3N2Zz4=\"\/> <\/p>\n<p>Adresse culte des Chartrons, <strong>La Tradizione s\u00e9duit sa client\u00e8le depuis plus de 5 ans<\/strong> avec son esprit trattoria : <strong>grandes tabl\u00e9es<\/strong>, d\u00e9co chaleureuse, service ultra convivial, et une \u00e9quipe qui accueille <strong>comme en famille<\/strong>.<br \/>Aux commandes : <strong>Antonio<\/strong>, <strong>Champion de France 2022 de la pizza napolitaine<\/strong>, entour\u00e9 de sa team (dont des membres de sa famille) pour te faire passer un 31 inoubliable.<\/p>\n<p> L\u2019offre sp\u00e9ciale R\u00e9veillon (31\/12) <\/p>\n<p>\ud83c\udf89 <strong>Menu complet \u00e0 79\u20ac\/personne<\/strong> :<\/p>\n<blockquote data-service=\"instagram\" data-category=\"marketing\" data-placeholder-image=\"https:\/\/quoifaireabordeaux.com\/wp-content\/plugins\/complianz-gdpr\/assets\/images\/placeholders\/instagram-minimal.jpg\" class=\"cmplz-placeholder-element instagram-media\" data-instgrm-permalink=\"https:\/\/www.instagram.com\/p\/DQtyXNMCM1-\/?utm_source=ig_embed&amp;utm_campaign=loading\" data-instgrm-version=\"14\" style=\"background:#fff;border:0;border-radius:3px;box-shadow:0 0 1px 0 rgba(0,0,0,.5),0 1px 10px 0 rgba(0,0,0,.15);margin:1px;max-width:540px;min-width:326px;padding:0;width:99.375%;width:-webkit-calc(100% - 2px);width:calc(100% - 2px)\"\/>\n<ul class=\"wp-block-list\">\n<li><strong>2 entr\u00e9es<\/strong><\/li>\n<li><strong>1 plat<\/strong><\/li>\n<li><strong>1 dessert<\/strong><br \/>\ud83e\udd42 <strong>+ une fl\u00fbte de prosecco offerte \u00e0 minuit<\/strong> pour trinquer \u00e0 la bonne ann\u00e9e<br \/>\ud83c\udfb6 <strong>Ambiance italienne assur\u00e9e<\/strong> avec <strong>Gaetano Anzelmo<\/strong>, le crooner qui met tout le monde d\u2019accord : chansons, vibes napolitaines et vraie \u00e9nergie de f\u00eate.<\/li>\n<li\/> <\/ul>\n<p>\ud83d\udccd <strong><a href=\"https:\/\/www.instagram.com\/pizzeria.la.tradizione\/\" data-type=\"link\" data-id=\"https:\/\/www.instagram.com\/pizzeria.la.tradizione\/\" target=\"_blank\" rel=\"noopener\">La Tradizione<\/a><\/strong> \u2013 6 place Paul et Jean-Paul Avisseau, 33000 Bordeaux<\/p>\n<p> Comment r\u00e9server (tr\u00e8s simple)<br \/> <img loading=\"lazy\" width=\"1024\" height=\"683\" alt=\"r\u00e9veillon bordeaux\" title=\"Tu n\u2019as toujours rien pr\u00e9vu pour le 31 ? Voici LE r\u00e9veillon qui va te plaire 2\"  nitro-lazy- nitro-lazy-src=\"https:\/\/cdn-ilbobfj.nitrocdn.com\/LLQyioEDmPooSUeshdcABKPnDEWJyTwh\/assets\/images\/optimized\/rev-fefab80\/quoifaireabordeaux.com\/wp-content\/uploads\/2025\/12\/SaveClip.App_478097227_18080278573720558_4937700669328047848_n-1024x683-708x.jpg\" class=\"wp-image-18816806 nitro-lazy\" decoding=\"async\" nitro-lazy-empty=\"\" id=\"NTc4OjExMjg=-1\" src=\"data:image\/svg+xml;nitro-empty-id=NTc4OjExMjg=-1;base64,PHN2ZyB2aWV3Qm94PSIwIDAgMTAyNCA2ODMiIHdpZHRoPSIxMDI0IiBoZWlnaHQ9IjY4MyIgeG1sbnM9Imh0dHA6Ly93d3cudzMub3JnLzIwMDAvc3ZnIj48L3N2Zz4=\"\/>  <\/p>\n<p>\u26a0\ufe0f Antonio le g\u00e9rant nous a pr\u00e9cis\u00e9 qu\u2019il restait quelques<strong> derni\u00e8res places pour les retardataires<\/strong> : r\u00e9serve maintenant.en lui envoyant un <strong>SMS directement au 07 67 11 66 51<\/strong>.<br \/>Indique : <strong>Nom + nombre de personnes + \u201cR\u00e9veillon La Tradizione\u201d<\/strong>.<\/p>\n<p>On se retrouve \u00e0 table pour un 31 fa\u00e7on dolce vita ?<\/p>\n<p>D\u00e9couvre \u00e9galement notre <a href=\"https:\/\/quoifaireabordeaux.com\/soirees-reveillon-nouvel-an-2026-bordeaux\/\" data-type=\"link\" data-id=\"https:\/\/quoifaireabordeaux.com\/soirees-reveillon-nouvel-an-2026-bordeaux\/\" target=\"_blank\" rel=\"noopener\">Top<\/a> des best adresses pour f\u00eater le r\u00e9veillon \u00e0 Bordeaux et finir l\u2019ann\u00e9e en beaut\u00e9 !<\/p>\n<p> <script async src=\"\/\/www.instagram.com\/embed.js\"><\/script><\/p>\n","protected":false},"excerpt":{"rendered":"Le plan last minute pour ton 31 d\u00e9cembre Tu cherches encore o\u00f9 faire le r\u00e9veillon ? Il reste&hellip;\n","protected":false},"author":2,"featured_media":631389,"comment_status":"","ping_status":"","sticky":false,"template":"","format":"standard","meta":{"footnotes":""},"categories":[2817],"tags":[1111,11,1997,1777,674,1011,27,12,2219,25],"class_list":{"0":"post-631388","1":"post","2":"type-post","3":"status-publish","4":"format-standard","5":"has-post-thumbnail","7":"category-bordeaux","8":"tag-actu","9":"tag-actualites","10":"tag-bordeaux","11":"tag-eu","12":"tag-europe","13":"tag-fr","14":"tag-france","15":"tag-news","16":"tag-nouvelle-aquitaine","17":"tag-republique-francaise"},"share_on_mastodon":{"url":"https:\/\/pubeurope.com\/@fr\/115812493180768355","error":""},"_links":{"self":[{"href":"https:\/\/www.europesays.com\/fr\/wp-json\/wp\/v2\/posts\/631388","targetHints":{"allow":["GET"]}}],"collection":[{"href":"https:\/\/www.europesays.com\/fr\/wp-json\/wp\/v2\/posts"}],"about":[{"href":"https:\/\/www.europesays.com\/fr\/wp-json\/wp\/v2\/types\/post"}],"author":[{"embeddable":true,"href":"https:\/\/www.europesays.com\/fr\/wp-json\/wp\/v2\/users\/2"}],"replies":[{"embeddable":true,"href":"https:\/\/www.europesays.com\/fr\/wp-json\/wp\/v2\/comments?post=631388"}],"version-history":[{"count":0,"href":"https:\/\/www.europesays.com\/fr\/wp-json\/wp\/v2\/posts\/631388\/revisions"}],"wp:featuredmedia":[{"embeddable":true,"href":"https:\/\/www.europesays.com\/fr\/wp-json\/wp\/v2\/media\/631389"}],"wp:attachment":[{"href":"https:\/\/www.europesays.com\/fr\/wp-json\/wp\/v2\/media?parent=631388"}],"wp:term":[{"taxonomy":"category","embeddable":true,"href":"https:\/\/www.europesays.com\/fr\/wp-json\/wp\/v2\/categories?post=631388"},{"taxonomy":"post_tag","embeddable":true,"href":"https:\/\/www.europesays.com\/fr\/wp-json\/wp\/v2\/tags?post=631388"}],"curies":[{"name":"wp","href":"https:\/\/api.w.org\/{rel}","templated":true}]}}