{"id":63139,"date":"2025-04-30T01:02:19","date_gmt":"2025-04-30T01:02:19","guid":{"rendered":"https:\/\/www.europesays.com\/fr\/63139\/"},"modified":"2025-04-30T01:02:19","modified_gmt":"2025-04-30T01:02:19","slug":"reguler-linstallation-des-medecins-decouragerait-les-vocations","status":"publish","type":"post","link":"https:\/\/www.europesays.com\/fr\/63139\/","title":{"rendered":"r\u00e9guler l\u2019installation des m\u00e9decins \u00ab\u00a0d\u00e9couragerait les vocations\u00a0\u00bb"},"content":{"rendered":"<p>Afin de lutter contre les d\u00e9serts m\u00e9dicaux, <a href=\"https:\/\/www.lalsace.fr\/p\/francois-bayrou\" target=\"_blank\" rel=\"nofollow noopener\">Fran\u00e7ois Bayrou<\/a> s\u2019est exprim\u00e9 contre la proposition de loi Garot visant \u00e0 r\u00e9guler l\u2019installation des m\u00e9decins lib\u00e9raux et salari\u00e9s. Le Premier ministre a pr\u00e9sent\u00e9 son plan d\u2019action qui trouve un \u00e9cho un peu plus favorable aupr\u00e8s des \u00e9tudiants en m\u00e9decine. Mais <a href=\"https:\/\/www.lalsace.fr\/politique\/2025\/04\/25\/deserts-medicaux-francois-bayrou-va-presenter-son-pacte-aux-medecins-liberaux\" target=\"_blank\" rel=\"nofollow noopener\">ce pacte<\/a> , qui imposerait \u00e0 chaque m\u00e9decin de consacrer jusqu\u2019\u00e0 deux jours par mois des consultations dans les d\u00e9serts m\u00e9dicaux, est qualifi\u00e9 d\u2019irr\u00e9aliste par les syndicats.<\/p>\n<p>En attendant, les \u00e9tudiants en m\u00e9decine de la facult\u00e9 de Strasbourg se mobilisent contre la proposition de loi Garot. \u00ab\u00a0Le gouvernement n\u2019a pas de majorit\u00e9 \u00e0 l\u2019Assembl\u00e9e nationale et cette proposition de loi transpartisane est cosign\u00e9e par plus de 250 d\u00e9put\u00e9s\u00a0\u00bb, s\u2019inqui\u00e8te Aur\u00e9lie Pasquet de l\u2019Association amicale des \u00e9tudiants en m\u00e9decine de Strasbourg (AAEMS). Depuis lundi, 450 internes en m\u00e9decine (des \u00e9tudiants de troisi\u00e8me cycle apr\u00e8s la sixi\u00e8me ann\u00e9e), sont en gr\u00e8ve, soit pr\u00e8s du tiers des effectifs.<\/p>\n<p>Mardi 29\u00a0avril, 370 \u00e9tudiants en m\u00e9decine selon la police, pr\u00e8s de 500 selon un organisateur de l\u2019AAEMS, se sont rassembl\u00e9s devant leur facult\u00e9 avant de d\u00e9filer dans les rues du centre de Strasbourg \u00e0 marche rapide et en rangs tr\u00e8s serr\u00e9s. Visiblement, manifester n\u2019est ni dans leur cursus de formation ni dans leurs g\u00e8nes. Par contre, leur argumentaire contre la loi Garot, \u00ab\u00a0une mesure injuste et d\u00e9connect\u00e9e des r\u00e9alit\u00e9s du terrain\u00a0\u00bb, est bien rod\u00e9. Et leurs craintes sont bien r\u00e9elles.<\/p>\n<p>\u00ab\u00a0C\u2019est une proposition de loi d\u00e9magogique qui vise \u00e0 cacher 30 \u00e0 40 ans d\u2019impr\u00e9voyance. Les m\u00e9decins sont attach\u00e9s \u00e0 l\u2019endroit o\u00f9 ils s\u2019installent. <a href=\"https:\/\/www.lalsace.fr\/sante\/2025\/03\/31\/acces-aux-soins-dans-les-deserts-medicaux-la-bataille-relancee-cette-semaine-a-l-assemblee\" target=\"_blank\" rel=\"nofollow noopener\">Cette loi Garot<\/a> va aggraver la p\u00e9nurie de m\u00e9decins\u00a0\u00bb, estime le docteur Raymond Attuil, vice-pr\u00e9sident 67 de la F\u00e9d\u00e9ration des m\u00e9decins de France (FMF) venu soutenir les \u00e9tudiants en m\u00e9decine. \u00ab\u00a0Pour la seule journ\u00e9e d\u2019hier (N.D.L.R. lundi), dans mon cabinet de Schiltigheim, j\u2019ai d\u00fb refuser deux patients qui cherchaient un m\u00e9decin traitant\u00a0\u00bb.<\/p>\n<p>  \u00ab\u00a0On ne r\u00e9gule pas une p\u00e9nurie\u00a0\u00bb<\/p>\n<p>\u00ab\u00a0Je redoute que cette proposition de loi d\u00e9courage les vocations en ajoutant des contraintes et le <a href=\"https:\/\/www.lalsace.fr\/politique\/2025\/04\/25\/deserts-medicaux-francois-bayrou-va-presenter-son-pacte-aux-medecins-liberaux\" target=\"_blank\" rel=\"nofollow noopener\"> pacte Bayrou<\/a> n\u2019est pas r\u00e9aliste. Un g\u00e9n\u00e9raliste devra d\u00e9laisser sa client\u00e8le, trouver un logement\u2026 et un sp\u00e9cialiste a besoin d\u2019un mat\u00e9riel sp\u00e9cifique, m\u00eame pour deux jours\u00a0\u00bb, encha\u00eene une jeune m\u00e9decin, un peu isol\u00e9e au milieu des centaines d\u2019\u00e9tudiants. \u00ab\u00a0Mais faire gr\u00e8ve pour un m\u00e9decin c\u2019est laisser tomber ses patients\u00a0\u00bb.<\/p>\n<p>Pour les \u00e9tudiants, comme pour les m\u00e9decins install\u00e9s, le vrai probl\u00e8me des d\u00e9serts m\u00e9dicaux est le manque global de m\u00e9decins, pas leur r\u00e9partition. \u00ab\u00a0On ne r\u00e9gule pas une p\u00e9nurie\u00a0\u00bb, affirme Maxime Goering, \u00e9tudiant en troisi\u00e8me ann\u00e9e avant de remarquer que pour augmenter le nombre de m\u00e9decins en formation \u2013 un nombre limit\u00e9 par le \u00a0numerus apertus qui a succ\u00e9d\u00e9 au \u00a0numerus clausus \u2013 il faut plus de formateurs, mais aussi augmenter les capacit\u00e9s d\u2019accueils en stage. Ce jeune Haut-Rhinois h\u00e9site encore entre \u00ab\u00a0l\u2019h\u00f4pital et le lib\u00e9ral comme m\u00e9decin g\u00e9n\u00e9raliste. J\u2019aime l\u2019aspect relationnel\u00a0\u00bb. S\u2019il choisit la m\u00e9decine g\u00e9n\u00e9rale dans un cabinet, comme son grand-p\u00e8re qui exer\u00e7ait dans le Sundgau, un des secteurs les plus touch\u00e9s en Alsace par les d\u00e9serts m\u00e9dicaux, \u00ab\u00a0ce sera un choix de c\u0153ur\u00a0\u00bb.<\/p>\n<p>Sophie Recatala, une \u00e9tudiante en quatri\u00e8me ann\u00e9e, voudrait devenir gastro-ent\u00e9rologue, m\u00eame si le m\u00e9tier de m\u00e9decin g\u00e9n\u00e9raliste ne lui \u00ab\u00a0d\u00e9pla\u00eet pas\u00a0\u00bb. Vivant depuis dix ans \u00e0 Strasbourg, la jeune femme pr\u00e9f\u00e9rerait exercer en ville et \u00e0 l\u2019h\u00f4pital. Lison Ulrich, une \u00e9tudiante en troisi\u00e8me ann\u00e9e d\u2019origine strasbourgeoise, ne sait pas encore vers quelle sp\u00e9cialit\u00e9 m\u00e9dicale elle s\u2019orientera. Elle a cependant une pr\u00e9f\u00e9rence pour l\u2019h\u00f4pital dans une ville au milieu des montagnes. Un choix avant tout humain.<\/p>\n","protected":false},"excerpt":{"rendered":"Afin de lutter contre les d\u00e9serts m\u00e9dicaux, Fran\u00e7ois Bayrou s\u2019est exprim\u00e9 contre la proposition de loi Garot visant&hellip;\n","protected":false},"author":2,"featured_media":63140,"comment_status":"","ping_status":"","sticky":false,"template":"","format":"standard","meta":{"footnotes":""},"categories":[2820],"tags":[1111,11,2389,2649,9671,1777,674,107,1011,27,2798,775,12,25,71,801,640],"class_list":{"0":"post-63139","1":"post","2":"type-post","3":"status-publish","4":"format-standard","5":"has-post-thumbnail","7":"category-strasbourg","8":"tag-actu","9":"tag-actualites","10":"tag-alsace","11":"tag-bas-rhin","12":"tag-conflit-social","13":"tag-eu","14":"tag-europe","15":"tag-fil-info","16":"tag-fr","17":"tag-france","18":"tag-galerie-photo","19":"tag-grand-est","20":"tag-news","21":"tag-republique-francaise","22":"tag-sante","23":"tag-social","24":"tag-strasbourg"},"share_on_mastodon":{"url":"https:\/\/pubeurope.com\/@fr\/114424220450058640","error":""},"_links":{"self":[{"href":"https:\/\/www.europesays.com\/fr\/wp-json\/wp\/v2\/posts\/63139","targetHints":{"allow":["GET"]}}],"collection":[{"href":"https:\/\/www.europesays.com\/fr\/wp-json\/wp\/v2\/posts"}],"about":[{"href":"https:\/\/www.europesays.com\/fr\/wp-json\/wp\/v2\/types\/post"}],"author":[{"embeddable":true,"href":"https:\/\/www.europesays.com\/fr\/wp-json\/wp\/v2\/users\/2"}],"replies":[{"embeddable":true,"href":"https:\/\/www.europesays.com\/fr\/wp-json\/wp\/v2\/comments?post=63139"}],"version-history":[{"count":0,"href":"https:\/\/www.europesays.com\/fr\/wp-json\/wp\/v2\/posts\/63139\/revisions"}],"wp:featuredmedia":[{"embeddable":true,"href":"https:\/\/www.europesays.com\/fr\/wp-json\/wp\/v2\/media\/63140"}],"wp:attachment":[{"href":"https:\/\/www.europesays.com\/fr\/wp-json\/wp\/v2\/media?parent=63139"}],"wp:term":[{"taxonomy":"category","embeddable":true,"href":"https:\/\/www.europesays.com\/fr\/wp-json\/wp\/v2\/categories?post=63139"},{"taxonomy":"post_tag","embeddable":true,"href":"https:\/\/www.europesays.com\/fr\/wp-json\/wp\/v2\/tags?post=63139"}],"curies":[{"name":"wp","href":"https:\/\/api.w.org\/{rel}","templated":true}]}}