{"id":631390,"date":"2025-12-31T05:19:21","date_gmt":"2025-12-31T05:19:21","guid":{"rendered":"https:\/\/www.europesays.com\/fr\/631390\/"},"modified":"2025-12-31T05:19:21","modified_gmt":"2025-12-31T05:19:21","slug":"salesi-rayasi-prolonge-jusquen-2028","status":"publish","type":"post","link":"https:\/\/www.europesays.com\/fr\/631390\/","title":{"rendered":"Salesi Rayasi prolonge jusqu\u2019en 2028"},"content":{"rendered":"<p>En fin de contrat en juin prochain, <a href=\"https:\/\/www.sudouest.fr\/sport\/rugby\/bordeaux-begles\/avant-clermont-ubb-salesi-rayasi-force-de-persuasion-27216338.php\" target=\"_blank\" rel=\"noopener\">Salesi Rayasi<\/a> (29\u00a0ans) restera \u00e0 l\u2019Union Bordeaux-B\u00e8gles la saison prochaine. Alors que le club girondin ne pensait pas prolonger l\u2019international fidjien (4 s\u00e9lections) en raison des contraintes li\u00e9es au salary-cap, les prestations du joueur ont chang\u00e9 la donne. Laurent Marti avait finalement fait part la semaine derni\u00e8re de la volont\u00e9 de conserver l\u2019ailier, qui peut aussi \u00e9voluer \u00e0 l\u2019arri\u00e8re ou au centre.<\/p>\n","protected":false},"excerpt":{"rendered":"En fin de contrat en juin prochain, Salesi Rayasi (29\u00a0ans) restera \u00e0 l\u2019Union Bordeaux-B\u00e8gles la saison prochaine. Alors&hellip;\n","protected":false},"author":2,"featured_media":631391,"comment_status":"","ping_status":"","sticky":false,"template":"","format":"standard","meta":{"footnotes":""},"categories":[2817],"tags":[1111,11,1997,1777,674,1011,27,12,2219,25],"class_list":{"0":"post-631390","1":"post","2":"type-post","3":"status-publish","4":"format-standard","5":"has-post-thumbnail","7":"category-bordeaux","8":"tag-actu","9":"tag-actualites","10":"tag-bordeaux","11":"tag-eu","12":"tag-europe","13":"tag-fr","14":"tag-france","15":"tag-news","16":"tag-nouvelle-aquitaine","17":"tag-republique-francaise"},"share_on_mastodon":{"url":"https:\/\/pubeurope.com\/@fr\/115812497104455780","error":""},"_links":{"self":[{"href":"https:\/\/www.europesays.com\/fr\/wp-json\/wp\/v2\/posts\/631390","targetHints":{"allow":["GET"]}}],"collection":[{"href":"https:\/\/www.europesays.com\/fr\/wp-json\/wp\/v2\/posts"}],"about":[{"href":"https:\/\/www.europesays.com\/fr\/wp-json\/wp\/v2\/types\/post"}],"author":[{"embeddable":true,"href":"https:\/\/www.europesays.com\/fr\/wp-json\/wp\/v2\/users\/2"}],"replies":[{"embeddable":true,"href":"https:\/\/www.europesays.com\/fr\/wp-json\/wp\/v2\/comments?post=631390"}],"version-history":[{"count":0,"href":"https:\/\/www.europesays.com\/fr\/wp-json\/wp\/v2\/posts\/631390\/revisions"}],"wp:featuredmedia":[{"embeddable":true,"href":"https:\/\/www.europesays.com\/fr\/wp-json\/wp\/v2\/media\/631391"}],"wp:attachment":[{"href":"https:\/\/www.europesays.com\/fr\/wp-json\/wp\/v2\/media?parent=631390"}],"wp:term":[{"taxonomy":"category","embeddable":true,"href":"https:\/\/www.europesays.com\/fr\/wp-json\/wp\/v2\/categories?post=631390"},{"taxonomy":"post_tag","embeddable":true,"href":"https:\/\/www.europesays.com\/fr\/wp-json\/wp\/v2\/tags?post=631390"}],"curies":[{"name":"wp","href":"https:\/\/api.w.org\/{rel}","templated":true}]}}