{"id":631398,"date":"2025-12-31T05:23:32","date_gmt":"2025-12-31T05:23:32","guid":{"rendered":"https:\/\/www.europesays.com\/fr\/631398\/"},"modified":"2025-12-31T05:23:32","modified_gmt":"2025-12-31T05:23:32","slug":"le-conjoint-de-la-femme-tuee-en-centre-ville-mis-en-examen-et-ecroue","status":"publish","type":"post","link":"https:\/\/www.europesays.com\/fr\/631398\/","title":{"rendered":"Le conjoint de la femme tu\u00e9e en centre-ville mis en examen et \u00e9crou\u00e9"},"content":{"rendered":"<p>Il avait alert\u00e9 la police en indiquant avoir port\u00e9 des <a href=\"https:\/\/www.20minutes.fr\/faits_divers\/faits-divers-lille\/4193354-20251227-femme-retrouvee-morte-lille-compagnon-denonce\" target=\"_blank\" class=\"c-link c-link--is-underlined\" rel=\"noopener\">coups de couteau<\/a> \u00e0 sa petite amie, samedi, avant de tenter de mettre fin \u00e0 ses jours en consommant des m\u00e9dicaments\u2026 <a href=\"https:\/\/www.20minutes.fr\/societe\/4191197-20251219-feminicides-81-victimes-2024-deja-depose-plainte\" target=\"_blank\" class=\"c-link c-link--is-underlined\" rel=\"noopener\">Le compagnon<\/a> de la femme de 25 ans retrouv\u00e9e morte chez elle dans le centre de <a href=\"https:\/\/www.20minutes.fr\/lille\/\" class=\"c-link c-link--is-underlined\" target=\"_blank\" rel=\"noopener\">Lille<\/a> a \u00e9t\u00e9 mis en examen pour <a href=\"https:\/\/www.20minutes.fr\/faits_divers\/4193383-20251228-marseille-homme-mis-examen-apres-mort-compagne-nuit-noel\" target=\"_blank\" class=\"c-link c-link--is-underlined\" rel=\"noopener\">meurtre par conjoint<\/a> et plac\u00e9 en d\u00e9tention provisoire, a annonc\u00e9 le parquet de Lille, lundi soir.<\/p>\n<p>Le corps d\u00e9couvert dans la chambre de leur appartement pr\u00e9sentait de nombreuses plaies \u00e0 l\u2019arme blanche, et l\u2019homme, \u00e2g\u00e9 de 29 ans, avait un couteau \u00e0 la main \u00e0 l\u2019arriv\u00e9e des forces de l\u2019ordre, selon une autre source polici\u00e8re. \u00ab\u00a0Aucun mobile possible n\u2019est pour l\u2019heure avanc\u00e9 par le suspect\u00a0\u00bb, a ajout\u00e9 le parquet de Lille.<\/p>\n<\/p>\n<p>Deux f\u00e9minicides \u00e0 Lille en seulement une semaine<\/p>\n<p>Il s\u2019agissait du second f\u00e9minicide pour la semaine de No\u00ebl \u00e0 Lille. Samedi, un autre homme de 36 ans avait d\u00e9j\u00e0 \u00e9t\u00e9 mis en examen pour meurtre par conjoint et \u00e9crou\u00e9 apr\u00e8s la d\u00e9couverte jeudi de sa compagne morte dans leur appartement.<\/p>\n<p>\u00ab\u00a0L\u2019autopsie pratiqu\u00e9e sur le corps de la victime laisse appara\u00eetre plusieurs impacts sur le cr\u00e2ne qui permettent de conclure \u00e0 une origine traumatique du d\u00e9c\u00e8s\u00a0\u00bb, intervenu la nuit de No\u00ebl, a pr\u00e9cis\u00e9 lundi le parquet de Lille. Outre son compagnon, un ami de 47 ans, h\u00e9berg\u00e9 depuis plusieurs semaines au domicile du couple, a \u00e9t\u00e9 mis en examen pour non-assistance \u00e0 personne en danger, et plac\u00e9 sous contr\u00f4le judiciaire.<\/p>\n<p>Chaque jour en France, plus de trois femmes sont victimes de f\u00e9minicide ou tentative de f\u00e9minicide conjugal, un chiffre en hausse sur un an, selon les donn\u00e9es de\u00a02024 de la mission interminist\u00e9rielle pour la protection des femmes (Miprof) publi\u00e9es en novembre.<\/p>\n","protected":false},"excerpt":{"rendered":"Il avait alert\u00e9 la police en indiquant avoir port\u00e9 des coups de couteau \u00e0 sa petite amie, samedi,&hellip;\n","protected":false},"author":2,"featured_media":631399,"comment_status":"","ping_status":"","sticky":false,"template":"","format":"standard","meta":{"footnotes":""},"categories":[2815],"tags":[1111,47,11,1777,674,118,6711,3555,1011,27,811,2683,1307,777,12,1308,1309,25,1265,798,797],"class_list":{"0":"post-631398","1":"post","2":"type-post","3":"status-publish","4":"format-standard","5":"has-post-thumbnail","7":"category-lille","8":"tag-actu","9":"tag-actualite","10":"tag-actualites","11":"tag-eu","12":"tag-europe","13":"tag-faits-divers","14":"tag-faits-divers-lille","15":"tag-feminicide","16":"tag-fr","17":"tag-france","18":"tag-hauts-de-france","19":"tag-homicide","20":"tag-lille","21":"tag-meurtre","22":"tag-news","23":"tag-nord","24":"tag-nord-pas-de-calais","25":"tag-republique-francaise","26":"tag-viol","27":"tag-violences-conjugales","28":"tag-violences-faites-aux-femmes"},"share_on_mastodon":{"url":"https:\/\/pubeurope.com\/@fr\/115812512783831333","error":""},"_links":{"self":[{"href":"https:\/\/www.europesays.com\/fr\/wp-json\/wp\/v2\/posts\/631398","targetHints":{"allow":["GET"]}}],"collection":[{"href":"https:\/\/www.europesays.com\/fr\/wp-json\/wp\/v2\/posts"}],"about":[{"href":"https:\/\/www.europesays.com\/fr\/wp-json\/wp\/v2\/types\/post"}],"author":[{"embeddable":true,"href":"https:\/\/www.europesays.com\/fr\/wp-json\/wp\/v2\/users\/2"}],"replies":[{"embeddable":true,"href":"https:\/\/www.europesays.com\/fr\/wp-json\/wp\/v2\/comments?post=631398"}],"version-history":[{"count":0,"href":"https:\/\/www.europesays.com\/fr\/wp-json\/wp\/v2\/posts\/631398\/revisions"}],"wp:featuredmedia":[{"embeddable":true,"href":"https:\/\/www.europesays.com\/fr\/wp-json\/wp\/v2\/media\/631399"}],"wp:attachment":[{"href":"https:\/\/www.europesays.com\/fr\/wp-json\/wp\/v2\/media?parent=631398"}],"wp:term":[{"taxonomy":"category","embeddable":true,"href":"https:\/\/www.europesays.com\/fr\/wp-json\/wp\/v2\/categories?post=631398"},{"taxonomy":"post_tag","embeddable":true,"href":"https:\/\/www.europesays.com\/fr\/wp-json\/wp\/v2\/tags?post=631398"}],"curies":[{"name":"wp","href":"https:\/\/api.w.org\/{rel}","templated":true}]}}