{"id":631400,"date":"2025-12-31T05:24:19","date_gmt":"2025-12-31T05:24:19","guid":{"rendered":"https:\/\/www.europesays.com\/fr\/631400\/"},"modified":"2025-12-31T05:24:19","modified_gmt":"2025-12-31T05:24:19","slug":"venez-participer-au-jury-des-lecteurs-de-la-provence-pour-la-meilleure-galette-des-rois-marseillaise","status":"publish","type":"post","link":"https:\/\/www.europesays.com\/fr\/631400\/","title":{"rendered":"Venez participer au jury des lecteurs de \u00ab\u00a0La Provence\u00a0\u00bb pour la meilleure galette des rois marseillaise"},"content":{"rendered":"<p>G\u00e2teau des rois ou galette frangipane\u00a0: La Provence invite dix de ses lecteurs \u00e0 composer un jury qui d\u00e9cidera des deux meilleures r\u00e9alisations de l&rsquo;\u00c9piphanie 2026 (des m\u00e9dailles d&rsquo;argent et de bronze seront \u00e9galement d\u00e9cern\u00e9es).<\/p>\n<p>Les jur\u00e9s devront se prononcer \u00e0 partir d&rsquo;une pr\u00e9selection de dix boulangers et p\u00e2tissiers marseillais (soit vingt p\u00e2tisseries en tout, entre frangipane et brioche) pr\u00e9alablement s\u00e9lectionn\u00e9s par la r\u00e9daction.<\/p>\n<p>D\u00e9gustation \u00e0 l&rsquo;aveugle<\/p>\n<p>Les <a href=\"https:\/\/www.laprovence.com\/article\/food\/29377874666190\/notre-classement-des-meilleurs-gateaux-et-galettes-des-rois-a-marseille\" target=\"_blank\" rel=\"noopener\">g\u00e2teaux et galettes<\/a> seront d\u00e9gust\u00e9s \u00e0 l&rsquo;aveugle, avec une anonymisation des p\u00e2tissiers en lice.<\/p>\n<p>Le concours se d\u00e9roulera le mercredi 7\u00a0janvier 2026 dans l&rsquo;apr\u00e8s-midi, au sein des locaux du journal, b\u00e2timent Grand Central au 19 de la rue Henri-Barbusse (1er arrondissement).<\/p>\n<p>Pour participer, \u00e9crivez-nous \u00e0 l&rsquo;adresse <a href=\"https:\/\/www.laprovence.com\/cdn-cgi\/l\/email-protection\" class=\"__cf_email__\" data-cfemail=\"e58384868084909d8980869180909796a5898495978a93808b8680cb868a88\" target=\"_blank\" rel=\"noopener\">[email\u00a0protected]<\/a>, en pr\u00e9cisant vos nom, pr\u00e9nom, adresse, num\u00e9ro de t\u00e9l\u00e9phone et pourquoi vous souhaitez participer au jury. \u00c0 partir des courriers que nous recevrons, nous s\u00e9lectionnerons les 10 jur\u00e9s d&rsquo;un jour pour ce rendez-vous pr\u00e9vu \u00e0 Marseille.<\/p>\n","protected":false},"excerpt":{"rendered":"G\u00e2teau des rois ou galette frangipane\u00a0: La Provence invite dix de ses lecteurs \u00e0 composer un jury qui&hellip;\n","protected":false},"author":2,"featured_media":631401,"comment_status":"","ping_status":"","sticky":false,"template":"","format":"standard","meta":{"footnotes":""},"categories":[2814],"tags":[17,1111,11,154,1777,674,1011,27,20497,4743,10066,2831,884,12,56119,471,1186,882,25],"class_list":{"0":"post-631400","1":"post","2":"type-post","3":"status-publish","4":"format-standard","5":"has-post-thumbnail","7":"category-marseille","8":"tag-17","9":"tag-actu","10":"tag-actualites","11":"tag-des","12":"tag-eu","13":"tag-europe","14":"tag-fr","15":"tag-france","16":"tag-jury","17":"tag-la","18":"tag-lecteurs","19":"tag-loisirs-traditions","20":"tag-marseille","21":"tag-news","22":"tag-participez","23":"tag-pour","24":"tag-provence","25":"tag-provence-alpes-cote-dazur","26":"tag-republique-francaise"},"share_on_mastodon":{"url":"https:\/\/pubeurope.com\/@fr\/115812516849294572","error":""},"_links":{"self":[{"href":"https:\/\/www.europesays.com\/fr\/wp-json\/wp\/v2\/posts\/631400","targetHints":{"allow":["GET"]}}],"collection":[{"href":"https:\/\/www.europesays.com\/fr\/wp-json\/wp\/v2\/posts"}],"about":[{"href":"https:\/\/www.europesays.com\/fr\/wp-json\/wp\/v2\/types\/post"}],"author":[{"embeddable":true,"href":"https:\/\/www.europesays.com\/fr\/wp-json\/wp\/v2\/users\/2"}],"replies":[{"embeddable":true,"href":"https:\/\/www.europesays.com\/fr\/wp-json\/wp\/v2\/comments?post=631400"}],"version-history":[{"count":0,"href":"https:\/\/www.europesays.com\/fr\/wp-json\/wp\/v2\/posts\/631400\/revisions"}],"wp:featuredmedia":[{"embeddable":true,"href":"https:\/\/www.europesays.com\/fr\/wp-json\/wp\/v2\/media\/631401"}],"wp:attachment":[{"href":"https:\/\/www.europesays.com\/fr\/wp-json\/wp\/v2\/media?parent=631400"}],"wp:term":[{"taxonomy":"category","embeddable":true,"href":"https:\/\/www.europesays.com\/fr\/wp-json\/wp\/v2\/categories?post=631400"},{"taxonomy":"post_tag","embeddable":true,"href":"https:\/\/www.europesays.com\/fr\/wp-json\/wp\/v2\/tags?post=631400"}],"curies":[{"name":"wp","href":"https:\/\/api.w.org\/{rel}","templated":true}]}}