{"id":631404,"date":"2025-12-31T05:26:17","date_gmt":"2025-12-31T05:26:17","guid":{"rendered":"https:\/\/www.europesays.com\/fr\/631404\/"},"modified":"2025-12-31T05:26:17","modified_gmt":"2025-12-31T05:26:17","slug":"lyon-5e-dans-le-vieux-lyon-pour-le-dernier-jour-de-lannee-vibrez-pour-un-flamenco-qui-a-conquis-la-france","status":"publish","type":"post","link":"https:\/\/www.europesays.com\/fr\/631404\/","title":{"rendered":"Lyon 5e. Dans le Vieux-Lyon, pour le dernier jour de l\u2019ann\u00e9e, vibrez pour un flamenco qui a conquis la France"},"content":{"rendered":"<p>L\u2019andalousie et la po\u00e9sie, \u00e7a vous dit\u00a0? \u00c7a n\u2019est pas si proche de chez nous, mais le 5e arrondissement de Lyon vibre bel et bien au son des guitares, du rythme et des talons du flamenco pour le dernier jour de l\u2019ann\u00e9e gr\u00e2ce au centre de danse et de musique Al Andalus.<\/p>\n<p>Non seulement l\u2019\u00e9quipe de Paco Fernandez dirige l\u2019\u00e9cole qui propose des cours destin\u00e9s \u00e0 tous les niveaux et tous les \u00e2ges, elle le fait \u00e9galement\u2026 presque tous les jours, et ce, depuis maintenant&#8230;<\/p>\n","protected":false},"excerpt":{"rendered":"L\u2019andalousie et la po\u00e9sie, \u00e7a vous dit\u00a0? \u00c7a n\u2019est pas si proche de chez nous, mais le 5e&hellip;\n","protected":false},"author":2,"featured_media":631405,"comment_status":"","ping_status":"","sticky":false,"template":"","format":"standard","meta":{"footnotes":""},"categories":[1889],"tags":[1111,11,2430,1687,2757,1777,674,1011,27,2428,15658,15657,12,25,3140],"class_list":{"0":"post-631404","1":"post","2":"type-post","3":"status-publish","4":"format-standard","5":"has-post-thumbnail","7":"category-lyon","8":"tag-actu","9":"tag-actualites","10":"tag-auvergne-rhone-alpes","11":"tag-culture-loisirs","12":"tag-edition-lyon-villeurbanne","13":"tag-eu","14":"tag-europe","15":"tag-fr","16":"tag-france","17":"tag-lyon","18":"tag-lyon-5e","19":"tag-lyon-5e-arrondissement","20":"tag-news","21":"tag-republique-francaise","22":"tag-spectacle"},"share_on_mastodon":{"url":"https:\/\/pubeurope.com\/@fr\/115812524630665050","error":""},"_links":{"self":[{"href":"https:\/\/www.europesays.com\/fr\/wp-json\/wp\/v2\/posts\/631404","targetHints":{"allow":["GET"]}}],"collection":[{"href":"https:\/\/www.europesays.com\/fr\/wp-json\/wp\/v2\/posts"}],"about":[{"href":"https:\/\/www.europesays.com\/fr\/wp-json\/wp\/v2\/types\/post"}],"author":[{"embeddable":true,"href":"https:\/\/www.europesays.com\/fr\/wp-json\/wp\/v2\/users\/2"}],"replies":[{"embeddable":true,"href":"https:\/\/www.europesays.com\/fr\/wp-json\/wp\/v2\/comments?post=631404"}],"version-history":[{"count":0,"href":"https:\/\/www.europesays.com\/fr\/wp-json\/wp\/v2\/posts\/631404\/revisions"}],"wp:featuredmedia":[{"embeddable":true,"href":"https:\/\/www.europesays.com\/fr\/wp-json\/wp\/v2\/media\/631405"}],"wp:attachment":[{"href":"https:\/\/www.europesays.com\/fr\/wp-json\/wp\/v2\/media?parent=631404"}],"wp:term":[{"taxonomy":"category","embeddable":true,"href":"https:\/\/www.europesays.com\/fr\/wp-json\/wp\/v2\/categories?post=631404"},{"taxonomy":"post_tag","embeddable":true,"href":"https:\/\/www.europesays.com\/fr\/wp-json\/wp\/v2\/tags?post=631404"}],"curies":[{"name":"wp","href":"https:\/\/api.w.org\/{rel}","templated":true}]}}