{"id":631406,"date":"2025-12-31T05:27:32","date_gmt":"2025-12-31T05:27:32","guid":{"rendered":"https:\/\/www.europesays.com\/fr\/631406\/"},"modified":"2025-12-31T05:27:32","modified_gmt":"2025-12-31T05:27:32","slug":"lyon-simpose-parmi-les-destinations-preferees-pour-le-reveillon-du-31-decembre","status":"publish","type":"post","link":"https:\/\/www.europesays.com\/fr\/631406\/","title":{"rendered":"Lyon s\u2019impose parmi les destinations pr\u00e9f\u00e9r\u00e9es pour le r\u00e9veillon du 31\u00a0d\u00e9cembre"},"content":{"rendered":"<p>\u00c0 l&rsquo;approche du passage \u00e0 la nouvelle ann\u00e9e, une \u00e9tude d\u00e9voil\u00e9e par la compagnie Icelandair met en lumi\u00e8re les villes qui font le plus r\u00eaver les Fran\u00e7ais pour c\u00e9l\u00e9brer la nuit du 31 d\u00e9cembre 2025 au 1er janvier 2026. Et bonne surprise : Lyon figure parmi les destinations qui tirent clairement leur \u00e9pingle du jeu.<\/p>\n<p>Sans surprise, Paris domine largement le palmar\u00e8s des recherches avec plus de 31 000 requ\u00eates li\u00e9es au r\u00e9veillon, men\u00e9es sur <b>Google<\/b> ou encore <b>TikTok.<\/b> La capitale est suivie de pr\u00e8s par <b>Prague<\/b> puis <b>Amsterdam<\/b>.<\/p>\n<p>Lyon est 8e dans le classement<\/p>\n<p><b>Lyon s&rsquo;installe quant \u00e0 elle \u00e0 une solide huiti\u00e8me\u00a0<\/b>position avec plus de 13 000 recherches, juste derri\u00e8re Copenhague, et devance des villes comme Strasbourg ou encore Rome.\u00a0<\/p>\n<p>Un classement qui confirme l&rsquo;attractivit\u00e9 croissante de la capitale des Gaules pour les f\u00eates de fin d&rsquo;ann\u00e9e.<\/p>\n<p>L&rsquo;\u00e9tude souligne que ces villes sont per\u00e7ues comme des options \u00e0 la fois <b>populaires et accessibles<\/b> pour c\u00e9l\u00e9brer le Nouvel An.\u00a0<\/p>\n<p>Des destinations inattendues<\/p>\n<p>Cette \u00e9tude, <a class=\"url\" href=\"https:\/\/c.leprogres.fr\/economie\/2025\/12\/30\/lyon-destination-prisee-pour-feter-le-nouvel-an-une-etude-l-affirme\" target=\"_blank\" rel=\"noopener\">reprise par Le Progr\u00e8s<\/a>, r\u00e9v\u00e8le \u00e9galement l&rsquo;\u00e9mergence de destinations plus surprenantes.\u00a0<\/p>\n<p>Reykjavik (Islande) conna\u00eet par exemple une envol\u00e9e spectaculaire des recherches, tout comme <b>Copenhague<\/b> ou encore <b>la station de Tignes<\/b>, qui attire de plus en plus l&rsquo;attention.<\/p>\n<p>Autre enseignement marquant : <b>certaines grandes villes fran\u00e7aises voient l&rsquo;int\u00e9r\u00eat reculer<\/b>. <b>Bordeaux<\/b> ou <b>Toulouse<\/b> enregistrent une baisse notable des recherches, alors que <b>Lyon affiche une progression<\/b> de 27 % en un an, passant d&rsquo;un peu plus de 10.000 \u00e0 pr\u00e8s de 13.300 requ\u00eates.<\/p>\n<p>Succ\u00e8s sur les r\u00e9seaux sociaux<\/p>\n<p>Enfin, du c\u00f4t\u00e9 de TikTok, les tendances confirment l&rsquo;engouement pour les grandes m\u00e9tropoles. <b>En 2025, Paris reste en t\u00eate des destinations les plus recherch\u00e9es<\/b> sur le r\u00e9seau social, suivie de Londres\u2026 <b>et de Lyon, qui s&rsquo;impose d\u00e9finitivement comme une valeur s\u00fbre<\/b> pour f\u00eater la nouvelle ann\u00e9e.<\/p>\n<p><img loading=\"lazy\" decoding=\"async\" src=\"https:\/\/www.europesays.com\/fr\/wp-content\/uploads\/2025\/12\/1767158852_204_img.png\" width=\"350\" height=\"200\" border=\"0\" title=\"Des effectifs de police\"\/><\/p>\n<p>\u25baSoci\u00e9t\u00e9<\/p>\n<p style=\"font-size: 22px;\"><b>Lyon : des mesures de s\u00e9curit\u00e9 pr\u00e9ventives pour le 31 d\u00e9cembre<\/b><\/p>\n<p>En pr\u00e9vision du passage \u00e0 2026, et pour limiter&#8230;<\/p>\n<p><\/p>\n","protected":false},"excerpt":{"rendered":"\u00c0 l&rsquo;approche du passage \u00e0 la nouvelle ann\u00e9e, une \u00e9tude d\u00e9voil\u00e9e par la compagnie Icelandair met en lumi\u00e8re&hellip;\n","protected":false},"author":2,"featured_media":631407,"comment_status":"","ping_status":"","sticky":false,"template":"","format":"standard","meta":{"footnotes":""},"categories":[1889],"tags":[72173,1111,11,2430,10009,1777,674,56485,1011,27,323,74019,2428,12,73918,25,2439,602],"class_list":{"0":"post-631406","1":"post","2":"type-post","3":"status-publish","4":"format-standard","5":"has-post-thumbnail","7":"category-lyon","8":"tag-31-dcembre","9":"tag-actu","10":"tag-actualites","11":"tag-auvergne-rhone-alpes","12":"tag-destination","13":"tag-eu","14":"tag-europe","15":"tag-fte","16":"tag-fr","17":"tag-france","18":"tag-google","19":"tag-icelandair","20":"tag-lyon","21":"tag-news","22":"tag-rveillon","23":"tag-republique-francaise","24":"tag-tiktok","25":"tag-tourisme"},"share_on_mastodon":{"url":"https:\/\/pubeurope.com\/@fr\/115812528600360508","error":""},"_links":{"self":[{"href":"https:\/\/www.europesays.com\/fr\/wp-json\/wp\/v2\/posts\/631406","targetHints":{"allow":["GET"]}}],"collection":[{"href":"https:\/\/www.europesays.com\/fr\/wp-json\/wp\/v2\/posts"}],"about":[{"href":"https:\/\/www.europesays.com\/fr\/wp-json\/wp\/v2\/types\/post"}],"author":[{"embeddable":true,"href":"https:\/\/www.europesays.com\/fr\/wp-json\/wp\/v2\/users\/2"}],"replies":[{"embeddable":true,"href":"https:\/\/www.europesays.com\/fr\/wp-json\/wp\/v2\/comments?post=631406"}],"version-history":[{"count":0,"href":"https:\/\/www.europesays.com\/fr\/wp-json\/wp\/v2\/posts\/631406\/revisions"}],"wp:featuredmedia":[{"embeddable":true,"href":"https:\/\/www.europesays.com\/fr\/wp-json\/wp\/v2\/media\/631407"}],"wp:attachment":[{"href":"https:\/\/www.europesays.com\/fr\/wp-json\/wp\/v2\/media?parent=631406"}],"wp:term":[{"taxonomy":"category","embeddable":true,"href":"https:\/\/www.europesays.com\/fr\/wp-json\/wp\/v2\/categories?post=631406"},{"taxonomy":"post_tag","embeddable":true,"href":"https:\/\/www.europesays.com\/fr\/wp-json\/wp\/v2\/tags?post=631406"}],"curies":[{"name":"wp","href":"https:\/\/api.w.org\/{rel}","templated":true}]}}