{"id":631408,"date":"2025-12-31T05:29:20","date_gmt":"2025-12-31T05:29:20","guid":{"rendered":"https:\/\/www.europesays.com\/fr\/631408\/"},"modified":"2025-12-31T05:29:20","modified_gmt":"2025-12-31T05:29:20","slug":"paris-six-lignes-de-metro-ouvertes-toute-la-nuit-du-nouvel-an-2026","status":"publish","type":"post","link":"https:\/\/www.europesays.com\/fr\/631408\/","title":{"rendered":"Paris : six lignes de m\u00e9tro ouvertes toute la nuit du Nouvel An 2026"},"content":{"rendered":"<p><img loading=\"lazy\" decoding=\"async\" alt=\"\u00a9 Shutterstock - Comme chaque ann\u00e9e, \u00cele-de-France Mobilit\u00e9s met en place des transports gratuits et ouverts toute la nuit du 31 d\u00e9cembre au 1er janvier.\" data-zoom-src=\"https:\/\/www.europesays.com\/fr\/wp-content\/uploads\/2025\/12\/initial-metro-paris-nouvel-an-2026.jpg\" data-zoomable=\"\" height=\"702\" src=\"https:\/\/www.europesays.com\/fr\/wp-content\/uploads\/2025\/12\/initial-metro-paris-nouvel-an-2026.jpg\" width=\"1248\"\/>  <\/p>\n<p class=\"article-desc\">\u00a9 Shutterstock &#8211; Comme chaque ann\u00e9e, \u00cele-de-France Mobilit\u00e9s met en place des transports gratuits et ouverts toute la nuit du 31 d\u00e9cembre au 1er janvier. <\/p>\n<p>\u00c0 l\u2019occasion du <strong>r\u00e9veillon du Nouvel An,<\/strong><a href=\"https:\/\/mesinfos.fr\/ile-de-france\/cable-c1-idfm-en-appelle-aux-artistes-pour-habiller-les-pylones-222336.html\" rel=\"noopener\" target=\"_blank\"> \u00cele-de-France Mobilit\u00e9s<\/a> d\u00e9ploie un dispositif permettant aux Franciliens de se d\u00e9placer gratuitement et toute la nuit, du mardi 31 d\u00e9cembre \u00e0 17h jusqu\u2019au mercredi 1er janvier \u00e0 12h, hors dessertes a\u00e9roportuaires. <strong>M\u00e9tros<\/strong>, <strong>RER<\/strong>, <strong>trains<\/strong> et <strong>bus <\/strong>sont mobilis\u00e9s sur l\u2019ensemble du r\u00e9seau pour accompagner les festivit\u00e9s. <\/p>\n<p>Six lignes de m\u00e9tro ouvertes toute la nuit du Nouvel an <\/p>\n<p>\u00c0 partir de 2h15 et jusqu\u2019\u00e0 5h30 le 1er janvier, six <a href=\"https:\/\/mesinfos.fr\/75000-paris\/metro-le-temps-d-attente-sur-le-quai-va-etre-reduit-pour-ces-cinq-lignes-235355.html\" rel=\"noopener\" target=\"_blank\">lignes de m\u00e9tro<\/a> assurent une circulation nocturne sur une s\u00e9lection de stations strat\u00e9giques :\u00a0 <\/p>\n<ul>\n<li>\n<p>La <strong>ligne 1<\/strong> dessert notamment La D\u00e9fense, Charles-de-Gaulle \u00c9toile, Concorde, Ch\u00e2telet, Gare de Lyon et Nation. <\/p>\n<\/li>\n<li>\n<p>La <strong>ligne 2<\/strong> relie Porte Dauphine \u00e0 Nation via Charles-de-Gaulle \u00c9toile, Pigalle et Barb\u00e8s Rochechouart. <\/p>\n<\/li>\n<li>\n<p>La<strong> ligne 4 <\/strong>circule de Porte de Clignancourt \u00e0 Bagneux Lucie Aubrac, en passant par Gare du Nord, Ch\u00e2telet et Montparnasse-Bienven\u00fce. <\/p>\n<\/li>\n<li>\n<p>La<strong> ligne 6 <\/strong>relie Charles-de-Gaulle \u00c9toile \u00e0 Nation via Trocad\u00e9ro, Montparnasse-Bienven\u00fce et Bercy. <\/p>\n<\/li>\n<li>\n<p>La<strong> ligne 9<\/strong> fonctionne de Pont de S\u00e8vres \u00e0 Mairie de Montreuil, avec des arr\u00eats majeurs comme Trocad\u00e9ro, Havre-Caumartin et Strasbourg Saint-Denis. <\/p>\n<\/li>\n<li>\n<p>La <strong>ligne 14<\/strong> assure une large desserte, de Saint-Denis Pleyel \u00e0 Thiais-Orly, via Saint-Lazare, Ch\u00e2telet, Gare de Lyon et Biblioth\u00e8que Fran\u00e7ois Mitterrand. <\/p>\n<\/li>\n<\/ul>\n<p> <img decoding=\"async\" alt=\"\" class=\"img-align-center\" data-zoomable=\"\" height=\"1139\" loading=\"lazy\" src=\"https:\/\/mesinfos.fr\/content\/articles\/827\/A236827\/plan-des-lignes-et-stations-de-metro-et-rer-ouvertes-la-nuit-du-nouvel-an-2026.JPG\" width=\"1348\"\/> \u00a9 IDFM &#8211; Plan des lignes et stations de m\u00e9tro et RER ouvertes la nuit du Nouvel An <\/p>\n<p>\u00a0 <\/p>\n<p> RER et trains mobilis\u00e9s toute la nuit du 31 decembre <\/p>\n<p>Pour permettre les retours en <strong>grande couronne<\/strong>, les <a href=\"https:\/\/mesinfos.fr\/75000-paris\/rer-a-la-gare-nation-s-offre-un-vaste-lifting-apres-une-fermeture-a-l-ete-2026-236045.html\" rel=\"noopener\" target=\"_blank\">RER<\/a> et trains circulent toute la nuit sur de nombreuses lignes. Les<strong> RER C<\/strong>, D et E sont en service, avec certaines limitations de parcours, tandis que les <strong>RER A<\/strong> et B fonctionnent dans les deux sens et desservent toutes les gares. <\/p>\n<p>Les lignes de<strong> trains H<\/strong>, J, L, N, P et R sont \u00e9galement mobilis\u00e9es. Sur l<strong>e tramway T4<\/strong>, toutes les stations de l\u2019axe Bondy\u2013Aulnay-sous-Bois sont desservies. <\/p>\n<p>Les<strong> lignes de bus de nuit <\/strong>circulent selon une offre \u00e9quivalente \u00e0 celle d\u2019une nuit de week-end classique, en compl\u00e9ment des r\u00e9seaux ferr\u00e9s. <\/p>\n<p><strong>\u00cele-de-France Mobilit\u00e9s<\/strong> invite les usagers \u00e0 anticiper leurs d\u00e9placements et \u00e0 consulter l\u2019application officielle afin de planifier leurs trajets durant la nuit du r\u00e9veillon.<\/p>\n<p> <img decoding=\"async\" alt=\"\" class=\"img-align-center\" data-zoomable=\"\" height=\"1139\" loading=\"lazy\" src=\"https:\/\/mesinfos.fr\/content\/articles\/827\/A236827\/plan-des-lignes-et-stations-de-metro-et-rer-ouvertes-la-nuit-du-nouvel-an-2026.JPG\" width=\"1348\"\/> \u00a9 IDFM\u00a0&#8211; Plan des lignes ouvertes la nuit du Nouvel An 2026 et des fr\u00e9quences de desserte <\/p>\n<p>\u00a0<\/p>\n","protected":false},"excerpt":{"rendered":"\u00a9 Shutterstock &#8211; Comme chaque ann\u00e9e, \u00cele-de-France Mobilit\u00e9s met en place des transports gratuits et ouverts toute la&hellip;\n","protected":false},"author":2,"featured_media":631409,"comment_status":"","ping_status":"","sticky":false,"template":"","format":"standard","meta":{"footnotes":""},"categories":[1592],"tags":[1111,11,1777,674,1011,27,662,7690,12,39117,74020,626,25,800,2216],"class_list":{"0":"post-631408","1":"post","2":"type-post","3":"status-publish","4":"format-standard","5":"has-post-thumbnail","7":"category-ile-de-france","8":"tag-actu","9":"tag-actualites","10":"tag-eu","11":"tag-europe","12":"tag-fr","13":"tag-france","14":"tag-ile-de-france","15":"tag-mobilitu00e9","16":"tag-news","17":"tag-nouvel-an","18":"tag-nouvel-an-2026","19":"tag-paris","20":"tag-republique-francaise","21":"tag-transports","22":"tag-transports-en-commun"},"share_on_mastodon":{"url":"https:\/\/pubeurope.com\/@fr\/115812536598816988","error":""},"_links":{"self":[{"href":"https:\/\/www.europesays.com\/fr\/wp-json\/wp\/v2\/posts\/631408","targetHints":{"allow":["GET"]}}],"collection":[{"href":"https:\/\/www.europesays.com\/fr\/wp-json\/wp\/v2\/posts"}],"about":[{"href":"https:\/\/www.europesays.com\/fr\/wp-json\/wp\/v2\/types\/post"}],"author":[{"embeddable":true,"href":"https:\/\/www.europesays.com\/fr\/wp-json\/wp\/v2\/users\/2"}],"replies":[{"embeddable":true,"href":"https:\/\/www.europesays.com\/fr\/wp-json\/wp\/v2\/comments?post=631408"}],"version-history":[{"count":0,"href":"https:\/\/www.europesays.com\/fr\/wp-json\/wp\/v2\/posts\/631408\/revisions"}],"wp:featuredmedia":[{"embeddable":true,"href":"https:\/\/www.europesays.com\/fr\/wp-json\/wp\/v2\/media\/631409"}],"wp:attachment":[{"href":"https:\/\/www.europesays.com\/fr\/wp-json\/wp\/v2\/media?parent=631408"}],"wp:term":[{"taxonomy":"category","embeddable":true,"href":"https:\/\/www.europesays.com\/fr\/wp-json\/wp\/v2\/categories?post=631408"},{"taxonomy":"post_tag","embeddable":true,"href":"https:\/\/www.europesays.com\/fr\/wp-json\/wp\/v2\/tags?post=631408"}],"curies":[{"name":"wp","href":"https:\/\/api.w.org\/{rel}","templated":true}]}}