{"id":631416,"date":"2025-12-31T05:33:31","date_gmt":"2025-12-31T05:33:31","guid":{"rendered":"https:\/\/www.europesays.com\/fr\/631416\/"},"modified":"2025-12-31T05:33:31","modified_gmt":"2025-12-31T05:33:31","slug":"un-joueur-du-paris-fc-incertain-pour-le-match-contre-le-psg","status":"publish","type":"post","link":"https:\/\/www.europesays.com\/fr\/631416\/","title":{"rendered":"Un joueur du Paris FC incertain pour le match contre le PSG"},"content":{"rendered":"<p><img width=\"700\" height=\"350\" src=\"https:\/\/www.europesays.com\/fr\/wp-content\/uploads\/2025\/12\/PSG-PFC.png\" class=\"attachment-jannah-image-post size-jannah-image-post wp-post-image\" alt=\"PSG PFC\" is_main_img=\"1\" decoding=\"async\" fetchpriority=\"high\"  \/><\/p>\n<p>Le PSG va affronter le Paris FC \u00e0 deux reprises en une<br \/>\nsemaine. Pierre Lees-Melou, milieu du PFC, pourrait manquer le<br \/>\npremier affrontement le 4 janvier en Ligue 1.\u00a0<\/p>\n<p>Le <strong>PSG<\/strong> va retrouver les terrains dimanche soir<br \/>\n(20h45, Ligue 1 +) avec la r\u00e9ception \u2013 au <strong>Parc des<br \/>\nPrinces<\/strong> \u2013 du <strong>Paris FC<\/strong> pour le compte de<br \/>\nla dix-septi\u00e8me journ\u00e9e de <strong>Ligue 1<\/strong>. Les deux<br \/>\n\u00e9quipes parisiennes se retrouveront huit jours plus tard en<br \/>\nseizi\u00e8mes de finale de <strong><a href=\"https:\/\/canal-supporters.com\/le-psg-affrontera-le-paris-fc-en-seiziemes-de-finale-de-la-coupe-de-france\/\" title=\"\" target=\"_blank\" rel=\"noopener\">Coupe de France<\/a><\/strong>. Lors de la premi\u00e8re<br \/>\nrencontre entre les deux \u00e9quipes, le <strong>Paris FC<\/strong><br \/>\npourrait devoir faire sans l\u2019un de ses cadres.<\/p>\n<p>A lire aussi : <a href=\"https:\/\/canal-supporters.com\/cdf-pourquoi-le-derby-psg-paris-fc-en-16e-se-jouera-t-il-un-lundi\/\" title=\"\" target=\"_blank\" rel=\"noopener\">CdF : Pourquoi le derby PSG \u2013 Paris FC en 16e se<br \/>\njouera-t-il un lundi ?<\/a><\/p>\n<p><a href=\"https:\/\/x.com\/CanalSupporters\" target=\"_blank\" rel=\"noopener\" title=\"\">canalsupporters.com<\/a><\/p>\n<p>De nombreux<br \/>\njoueurs du Paris FC \u00e0 la CAN<\/p>\n<p>Absent depuis fin novembre, <strong>Pierre Lees-Melou<\/strong>,<br \/>\nqui avait pris un coup contre <strong>Auxerre<\/strong> (1-1) sur la<br \/>\nplaque pos\u00e9e apr\u00e8s son op\u00e9ration au p\u00e9ron\u00e9, une blessure contract\u00e9e<br \/>\navec <strong>Brest<\/strong>, a repris l\u2019entra\u00eenement, indique<br \/>\n<a href=\"https:\/\/www.leparisien.fr\/sports\/football\/paris-fc\/paris-fc-pierre-lees-melou-incertain-pour-le-derby-contre-le-psg-30-12-2025-LK5KDZVKT5GTFGTCI4ZEH6TXS4.php\" target=\"_blank\" rel=\"noopener\" title=\"\">Le Parisien<\/a>. Mais<br \/>\nil reste incertain pour le derby parisien contre le<br \/>\n<strong>PSG<\/strong>, assure le quotidien francilien. Le<br \/>\n<strong>PFC<\/strong> devrait aussi faire sans <strong>Ilan Kebbal,<br \/>\nSamir Chergui, Moses Simon, Jean-Philippe Krasso<\/strong> et<br \/>\n<strong>Hamari Traor\u00e9<\/strong>, qui participent \u00e0 la<br \/>\n<strong><a href=\"https:\/\/canal-supporters.com\/la-joie-dachraf-hakimi-apres-son-retour-sur-les-terrains\/\" title=\"\" target=\"_blank\" rel=\"noopener\">CAN<\/a><\/strong> ainsi que <strong>Sofiane<br \/>\nAlakouch<\/strong> et <strong>Pierre-Yves Hamel<\/strong>,<br \/>\nbless\u00e9s.<\/p><\/p>\n","protected":false},"excerpt":{"rendered":"Le PSG va affronter le Paris FC \u00e0 deux reprises en une semaine. Pierre Lees-Melou, milieu du PFC,&hellip;\n","protected":false},"author":2,"featured_media":631417,"comment_status":"","ping_status":"","sticky":false,"template":"","format":"standard","meta":{"footnotes":""},"categories":[1888],"tags":[74021,74022,74023,11,81,787,74024,74025,74026,1777,674,1011,27,74027,66,1611,12,626,91,92,74028,93,74029,74030,74031,25],"class_list":{"0":"post-631416","1":"post","2":"type-post","3":"status-publish","4":"format-standard","5":"has-post-thumbnail","7":"category-paris","8":"tag-17e-journee","9":"tag-17e-journee-de-ligue-1","10":"tag-17e-journee-ligue-1","11":"tag-actualites","12":"tag-canal-supporters","13":"tag-cs","14":"tag-dix-septieme-journee","15":"tag-dix-septieme-journee-de-ligue-1","16":"tag-dix-septieme-journee-ligue-1","17":"tag-eu","18":"tag-europe","19":"tag-fr","20":"tag-france","21":"tag-lees-melou","22":"tag-ligue-1","23":"tag-ligue-1-macdonalds","24":"tag-news","25":"tag-paris","26":"tag-paris-saint-germain","27":"tag-paris-sg","28":"tag-pierre-lees-melou","29":"tag-psg","30":"tag-psg-paris-fc","31":"tag-psg-pfc","32":"tag-psgpfc","33":"tag-republique-francaise"},"share_on_mastodon":{"url":"https:\/\/pubeurope.com\/@fr\/115812553001411164","error":""},"_links":{"self":[{"href":"https:\/\/www.europesays.com\/fr\/wp-json\/wp\/v2\/posts\/631416","targetHints":{"allow":["GET"]}}],"collection":[{"href":"https:\/\/www.europesays.com\/fr\/wp-json\/wp\/v2\/posts"}],"about":[{"href":"https:\/\/www.europesays.com\/fr\/wp-json\/wp\/v2\/types\/post"}],"author":[{"embeddable":true,"href":"https:\/\/www.europesays.com\/fr\/wp-json\/wp\/v2\/users\/2"}],"replies":[{"embeddable":true,"href":"https:\/\/www.europesays.com\/fr\/wp-json\/wp\/v2\/comments?post=631416"}],"version-history":[{"count":0,"href":"https:\/\/www.europesays.com\/fr\/wp-json\/wp\/v2\/posts\/631416\/revisions"}],"wp:featuredmedia":[{"embeddable":true,"href":"https:\/\/www.europesays.com\/fr\/wp-json\/wp\/v2\/media\/631417"}],"wp:attachment":[{"href":"https:\/\/www.europesays.com\/fr\/wp-json\/wp\/v2\/media?parent=631416"}],"wp:term":[{"taxonomy":"category","embeddable":true,"href":"https:\/\/www.europesays.com\/fr\/wp-json\/wp\/v2\/categories?post=631416"},{"taxonomy":"post_tag","embeddable":true,"href":"https:\/\/www.europesays.com\/fr\/wp-json\/wp\/v2\/tags?post=631416"}],"curies":[{"name":"wp","href":"https:\/\/api.w.org\/{rel}","templated":true}]}}