{"id":631418,"date":"2025-12-31T05:34:16","date_gmt":"2025-12-31T05:34:16","guid":{"rendered":"https:\/\/www.europesays.com\/fr\/631418\/"},"modified":"2025-12-31T05:34:16","modified_gmt":"2025-12-31T05:34:16","slug":"la-coree-du-nord-la-guerre-en-ukraine-et-le-theatre-indo-pacifique","status":"publish","type":"post","link":"https:\/\/www.europesays.com\/fr\/631418\/","title":{"rendered":"La Cor\u00e9e du Nord, la guerre en Ukraine et le\u00a0th\u00e9\u00e2tre indo-pacifique"},"content":{"rendered":"<p><a target=\"_blank\" href=\"https:\/\/theconversation.com\/profiles\/marianne-peron-doise-217799\" rel=\"noopener\">Marianne P\u00e9ron-Doise<\/a>, <a target=\"_blank\" href=\"https:\/\/theconversation.com\/institutions\/sciences-po-2196\" rel=\"noopener\">Sciences Po <\/a><\/p>\n<p>En octobre 2024, la <a target=\"_blank\" href=\"https:\/\/www.lemonde.fr\/international\/article\/2025\/04\/29\/guerre-en-ukraine-l-aveu-calcule-du-deploiement-de-soldats-nord-coreen-aux-cotes-des-russes_6601623_3210.html\" rel=\"noopener\">r\u00e9v\u00e9lation de la pr\u00e9sence de militaires nord-cor\u00e9ens sur le front russo-ukrainien<\/a> et de leur engagement aux c\u00f4t\u00e9s des forces russes dans la guerre de haute intensit\u00e9 d\u00e9clench\u00e9e par Vladimir Poutine a suscit\u00e9 choc et malaise. Dans les mois suivants, les services de renseignement de S\u00e9oul et de Kiev ont \u00e9voqu\u00e9 le <a target=\"_blank\" href=\"https:\/\/fr.euronews.com\/my-europe\/2025\/02\/27\/la-coree-du-nord-envoie-des-troupes-supplementaires-pour-combattre-en-ukraine\" rel=\"noopener\">d\u00e9ploiement de jusqu\u2019\u00e0 12\u00a0000 soldats nord-cor\u00e9ens<\/a> dans la r\u00e9gion russe de Koursk, o\u00f9 avait alors lieu une incursion ukrainienne.<\/p>\n<p>Cet envoi de troupes combattantes a r\u00e9v\u00e9l\u00e9 l\u2019ampleur de la coop\u00e9ration militaire russo-nord-cor\u00e9enne et la proximit\u00e9 existant entre les deux r\u00e9gimes depuis la <a target=\"_blank\" href=\"https:\/\/legrandcontinent.eu\/fr\/2024\/06\/20\/poutine-a-pyongyang-simulacres-de-lautre-monde-x\/\" rel=\"noopener\">visite de Vladimir Poutine en Cor\u00e9e du Nord en juin 2024<\/a>. Il \u00e9tait d\u00e9j\u00e0 \u00e9tabli que Pyongyang livrait des armes et des munitions \u00e0 Moscou, mais le flou persistait sur le <a target=\"_blank\" href=\"https:\/\/www.chathamhouse.org\/2024\/06\/kim-putin-strategic-partnership-leaves-us-and-allies-multi-pronged-problem\" rel=\"noopener\">contenu de leur partenariat strat\u00e9gique<\/a> et de leur engagement de d\u00e9fense mutuel.<\/p>\n<p>L\u2019analyse la plus courante \u00e9tait qu\u2019en \u00e9change de ses livraisons d\u2019armements, Kim Jong\u2011un escomptait des transferts de technologies et d\u2019expertise pour ses programmes d\u2019armes. Ceci sans n\u00e9gliger une indispensable assistance \u00e9conomique et un approvisionnement dans les domaines de l\u2019\u00e9nergie et des denr\u00e9es alimentaires. On sait d\u00e9sormais que ce \u00ab\u00a0deal\u00a0\u00bb inclut \u00e9galement l\u2019envoi de militaires nord-cor\u00e9ens sur le th\u00e9\u00e2tre ukrainien. <a target=\"_blank\" href=\"https:\/\/www.38north.org\/2025\/02\/north-koreas-military-intervention-in-kursk-a-high-casualty-learning-curve\/\" rel=\"noopener\">Un millier d\u2019entre eux auraient \u00e9t\u00e9 tu\u00e9s<\/a> et 3\u00a0000 s\u00e9rieusement bless\u00e9s durant les trois premiers mois de leur d\u00e9ploiement. Ces chiffres \u00e9lev\u00e9s s\u2019expliqueraient par leur manque de familiarit\u00e9 avec le combat actif mais aussi par leur exposition en premi\u00e8re ligne par le commandement russe<\/p>\n<p><a target=\"_blank\" href=\"https:\/\/www.nknews.org\/2025\/09\/north-korean-military-engineers-already-deployed-to-kursk-governor-confirms\/\" rel=\"noopener\">Cinq\u00a0mille\u00a0sp\u00e9cialistes du g\u00e9nie et mille\u00a0d\u00e9mineurs nord-cor\u00e9ens<\/a> auraient \u00e9galement rejoint la r\u00e9gion de Koursk \u00e0 partir de septembre 2025. Parall\u00e8lement, le <a target=\"_blank\" href=\"https:\/\/koreajoongangdaily.joins.com\/news\/2025-08-13\/national\/northKorea\/18-hours-of-work-2-days-off-a-year-Norths-laborers-in-Russia-exposed-to-slavelike-conditions\/2374883\" rel=\"noopener\">nombre d\u2019ouvriers nord-cor\u00e9ens envoy\u00e9s sur les chantiers de construction russes augmente<\/a>, r\u00e9v\u00e9lant un peu plus combien les renforts humains que Pyongyang envoie sans s\u2019inqui\u00e9ter de leur emploi s\u2019av\u00e8rent profond\u00e9ment n\u00e9cessaires pour une Russie qui \u00e9puise sa population.<\/p>\n<p>Le retour de Kim Jong\u2011un au premier plan<\/p>\n<p>On peut estimer qu\u2019un contingent de 12\u00a0000 soldats et officiers constitue une quantit\u00e9 d\u00e9risoire pour un pays comme la Cor\u00e9e du Nord, qui dispose de plus d\u2019un million d\u2019hommes sous les drapeaux. Cette implication n\u2019a pas chang\u00e9 le cours de la guerre russo-ukrainienne. Mais elle n\u2019a pas non plus incit\u00e9 les \u00c9tats europ\u00e9ens \u00e0 s\u2019engager davantage militairement, par crainte de provoquer une escalade russe. L\u2019ann\u00e9e 2025 les aura vu tergiverser alors que les \u00c9tats-Unis entamaient un d\u00e9sengagement strat\u00e9gique assum\u00e9, confortant indirectement la posture russe.<\/p>\n<p>C\u2019est en Asie, \u00e0 S\u00e9oul comme \u00e0 Tokyo, que cette pr\u00e9sence militaire nord-cor\u00e9enne sur le th\u00e9\u00e2tre europ\u00e9en a suscit\u00e9 le plus d\u2019inqui\u00e9tudes et a \u00e9t\u00e9 per\u00e7ue comme une <a target=\"_blank\" href=\"https:\/\/www.courrierinternational.com\/article\/geopolitique-soldats-nord-coreens-en-russie-une-grande-inquietude-gagne-le-japon_223836\" rel=\"noopener\">menace directe et s\u00e9rieuse<\/a>. On peut y voir le r\u00e9sultat du <a target=\"_blank\" href=\"https:\/\/theconversation.com\/fact-check-us-donald-trump-a-t-il-apaise-les-tensions-avec-la-coree-du-nord-152499\" rel=\"noopener\">fiasco diplomatique de l\u2019administration Trump sur le dossier nord-cor\u00e9en<\/a>, amplifi\u00e9 par l\u2019arriv\u00e9e en 2022 de l\u2019ultra-conservateur <a target=\"_blank\" href=\"https:\/\/www.lemonde.fr\/international\/article\/2022\/03\/09\/coree-du-sud-le-conservateur-yoon-seok-yuol-elu-president_6116839_3210.html\" rel=\"noopener\">Yoon Suk-yeol<\/a> \u00e0 la t\u00eate de la Cor\u00e9e du Sud. Celui-ci, \u00e0 peine nomm\u00e9, avait adopt\u00e9 une ligne particuli\u00e8rement offensive face \u00e0 Pyongyang, n\u2019h\u00e9sitant pas \u00e0 \u00e9voquer l\u2019\u00e9ventualit\u00e9 que son pays se dote de <a target=\"_blank\" href=\"https:\/\/www.frstrategie.org\/programmes\/programme-coree-sur-securite-diplomatie\/vers-une-arme-nucleaire-sud-coreenne-considerations-politiques-strategiques-2025\" rel=\"noopener\">capacit\u00e9s nucl\u00e9aires<\/a>.<\/p>\n<p>Ces derni\u00e8res ann\u00e9es, humili\u00e9 par l\u2019absence de r\u00e9sultats apr\u00e8s ses deux rencontres au sommet avec Donald Trump en <a target=\"_blank\" href=\"https:\/\/www.lemonde.fr\/international\/live\/2018\/06\/12\/donald-trump-kim-jong-un-suivez-en-direct-leur-rencontre-historique-a-singapour_5313212_3210.html\" rel=\"noopener\">2018<\/a> et en <a target=\"_blank\" href=\"https:\/\/www.lemonde.fr\/international\/article\/2019\/06\/30\/kim-jong-un-accepte-de-rencontrer-donald-trump-sur-la-zone-demilitarisee_5483348_3210.html\" rel=\"noopener\">2019<\/a>, alors qu\u2019il esp\u00e9rait une lev\u00e9e partielle des sanctions, le dictateur nord-cor\u00e9en Kim Jong\u2011un n\u2019a eu de cesse de reprendre une strat\u00e9gie de provocation, notamment vis-\u00e0-vis de la Cor\u00e9e du Sud, bouc \u00e9missaire tout d\u00e9sign\u00e9 de sa perte de face.<\/p>\n<p>L\u2019\u00e9pisode de Covid et la <a target=\"_blank\" href=\"https:\/\/www.lemonde.fr\/international\/article\/2024\/03\/11\/en-coree-du-nord-les-mesures-anti-Covid-ont-affame-la-population-estime-human-rights-watch-dans-un-rapport_6221393_3210.html\" rel=\"noopener\">fermeture totale du r\u00e9gime de 2020 \u00e0 2021<\/a> n\u2019auront fait qu\u2019accentuer ce retour de balancier vers une diplomatie extr\u00eame dont la <a target=\"_blank\" href=\"https:\/\/www.la-croix.com\/Monde\/Coree-Nord-multiplication-tirs-missiles-fait-monter-tension-peninsule-2022-09-30-1201235625\" rel=\"noopener\">multiplication des tirs de missiles balistiques tout au long de 2022<\/a> aura \u00e9t\u00e9 une manifestation spectaculaire.<\/p>\n<p>Le rapprochement avec la Russie, autre \u00ab\u00a0paria\u00a0\u00bb, lui aussi sous embargo et en qu\u00eate de munitions, aura permis \u00e0 Kim Jong\u2011un de raffermir sa stature d\u2019homme d\u2019\u00c9tat et de se poser en alli\u00e9 indispensable de Moscou.<\/p>\n<p>La cha\u00eene de causalit\u00e9s politico-diplomatiques qui aura conduit \u00e0 cette situation, \u00e0 bien des \u00e9gards impensable, ne fait qu\u2019arrimer davantage la s\u00e9curit\u00e9 de l\u2019Europe \u00e0 celle de l\u2019Indo-Pacifique. Une \u00e9quation qui n\u2019a pas \u00e9t\u00e9 clairement analys\u00e9e par l\u2019Union europ\u00e9enne et beaucoup de ses \u00c9tats membres, en d\u00e9pit des ambitions dans le domaine de la s\u00e9curit\u00e9 et de la d\u00e9fense affich\u00e9es dans les nombreuses strat\u00e9gies indo-pacifiques publi\u00e9es \u00e0 Bruxelles ces derni\u00e8res ann\u00e9es (dont celle de la <a target=\"_blank\" href=\"https:\/\/www.diplomatie.gouv.fr\/fr\/dossiers-pays\/strategies-regionales\/indopacifique\/l-espace-indopacifique-une-priorite-pour-la-france\/\" rel=\"noopener\">France<\/a>, de <a target=\"_blank\" href=\"https:\/\/data.consilium.europa.eu\/doc\/document\/ST-11930-2021-INIT\/fr\/pdf\" rel=\"noopener\">l\u2019UE<\/a>, de <a target=\"_blank\" href=\"https:\/\/www.swp-berlin.org\/publikation\/germanys-value-based-partnerships-in-the-indo-pacific\" rel=\"noopener\">l\u2019Allemagne<\/a> et des <a target=\"_blank\" href=\"https:\/\/www.clingendael.org\/publication\/netherlands-and-eu-turn-indo-pacific\" rel=\"noopener\">Pays-Bas<\/a>).<\/p>\n<p>L\u2019\u00e9trange configuration d\u2019une \u00ab\u00a0guerre de Cor\u00e9e\u00a0\u00bb revisit\u00e9e<\/p>\n<p>L\u2019environnement diplomatico-militaire de ce <a target=\"_blank\" href=\"https:\/\/shs.cairn.info\/revue-politique-etrangere-2022-3-page-11\" rel=\"noopener\">rapprochement russo-nord-cor\u00e9en n\u2019est pas sans rappeler la guerre de Cor\u00e9e<\/a> dans laquelle l\u2019alliance entre Kim Il-sung (le grand-p\u00e8re de l\u2019actuel dirigeant nord-cor\u00e9en) et Joseph Staline a jou\u00e9 un r\u00f4le majeur.<\/p>\n<p>Conflit embl\u00e9matique de la guerre froide, la guerre de Cor\u00e9e a p\u00e9rennis\u00e9 la partition de la p\u00e9ninsule en deux r\u00e9gimes distincts, fortement oppos\u00e9s, tout en redistribuant les \u00e9quilibres strat\u00e9giques r\u00e9gionaux. Les \u00c9tats-Unis se retrouvaient durablement ancr\u00e9s en Asie de l\u2019Est et leurs deux principaux alli\u00e9s, le Japon et la Cor\u00e9e du Sud, constituaient un front mobile autour d\u2019un bloc communiste form\u00e9 par la Cor\u00e9e du Nord, l\u2019Union sovi\u00e9tique et la Chine mao\u00efste. La diff\u00e9rence majeure r\u00e9side dans le fait que pour Washington, \u00e0 l\u2019\u00e9poque, l\u2019Asie constituait un th\u00e9\u00e2tre secondaire par rapport \u00e0 la primaut\u00e9 strat\u00e9gique du \u00ab\u00a0monde occidental\u00a0\u00bb.<\/p>\n<p>Ce n\u2019est plus le cas aujourd\u2019hui\u00a0; les administrations am\u00e9ricaines successives n\u2019ont de cesse de r\u00e9affirmer <a target=\"_blank\" href=\"https:\/\/shs.cairn.info\/magazine-questions-internationales-2024-2-page-86\" rel=\"noopener\">l\u2019identit\u00e9 pacifique des \u00c9tats-Unis et l\u2019importance d\u00e9cisive des enjeux indo-pacifiques<\/a>. Mais si l\u2019administration Trump\u00a02, focalis\u00e9e sur la Chine \u2013 rival syst\u00e9mique \u2013 monnaye d\u00e9sormais son assistance \u00e0 ses alli\u00e9s europ\u00e9ens, le <a target=\"_blank\" href=\"https:\/\/fr.euronews.com\/business\/2025\/11\/18\/comment-le-japon-mobilise-lexpertise-mondiale-pour-deminer-lukraine\" rel=\"noopener\">Japon<\/a> et la <a target=\"_blank\" href=\"https:\/\/www.nknews.org\/2025\/04\/seoul-pledges-100m-to-ukraine-cites-north-korea-russia-ties-as-regional-threat\/\" rel=\"noopener\">Cor\u00e9e du Sud<\/a> se montrent particuli\u00e8rement proactifs dans leur soutien multidimensionnel \u00e0 l\u2019Ukraine.<\/p>\n<p>La question se pose en Cor\u00e9e du Sud de savoir si le voisin du Nord m\u00e8ne en Russie une guerre par procuration et <a target=\"_blank\" href=\"https:\/\/thediplomat.com\/2025\/08\/the-russia-ukraine-war-has-made-north-korea-more-dangerous\/\" rel=\"noopener\">comment y r\u00e9pondre<\/a>. En se servant de l\u2019Ukraine pour se rapprocher de la Russie, Pyongyang op\u00e9rationnalise ses moyens conventionnels, peu rod\u00e9s au combat r\u00e9el, en envoyant ses troupes s\u2019aguerrir sur le front russe. Conjuguant \u00e0 terme capacit\u00e9s nucl\u00e9aires, balistiques et conventionnelles, le r\u00e9gime des Kim gagne en cr\u00e9dibilit\u00e9 face \u00e0 l\u2019alliance Washington-S\u00e9oul-Tokyo. Il d\u00e9montre ainsi qu\u2019il n\u2019est plus dans une logique de survie mais d\u2019affirmation de puissance aux c\u00f4t\u00e9s de ses pairs.<\/p>\n<p>Vers un axe Moscou-P\u00e9kin-Pyongyang durable\u00a0?<\/p>\n<p>Jusqu\u2019o\u00f9 cette entente militaire entre la Russie et Pyongyang peut-elle aller\u00a0? Et <a target=\"_blank\" href=\"https:\/\/www.frstrategie.org\/programmes\/programme-coree-sur-securite-diplomatie\/chine-coree-nord-quelles-evolutions-dans-relation-depuis-debut-guerre-ukraine-2025\" rel=\"noopener\">quel r\u00f4le la Chine<\/a> entend-elle y jouer\u00a0?<\/p>\n<p>Durant des ann\u00e9es, P\u00e9kin a fait ce qu\u2019il fallait en termes d\u2019assistance humanitaire et \u00e9conomique pour \u00e9viter que le r\u00e9gime nord-cor\u00e9en ne s\u2019effondre et que les \u00c9tats-Unis n\u2019en profitent pour orchestrer avec la Cor\u00e9e du Sud une \u00ab\u00a0r\u00e9unification\u00a0\u00bb en leur faveur. D\u00e9sormais, la Chine doit jouer le m\u00eame r\u00f4le vis-\u00e0-vis de la Russie et \u00e9viter que celle-ci ne s\u2019\u00e9puise dans sa guerre d\u2019agression. Le soutien nord-cor\u00e9en est donc bienvenu, dans la mesure o\u00f9 P\u00e9kin ne peut trop ouvertement aider Moscou. En revanche, la Chine s\u2019irrite de ne pas \u00eatre en position dominante au c\u0153ur de cette nouvelle construction triangulaire.<\/p>\n<p>Il n\u2019en reste pas moins que la r\u00e9alit\u00e9 de cette forte conjonction d\u2019int\u00e9r\u00eats entre la Chine, la Russie et la Cor\u00e9e du Nord \u2013 illustr\u00e9e notamment par la <a target=\"_blank\" href=\"https:\/\/www.lemonde.fr\/international\/article\/2025\/09\/03\/xi-jinping-vladimir-poutine-et-kim-jong-un-reunis-a-pekin-pour-une-parade-militaire-et-diplomatique_6638505_3210.html\" rel=\"noopener\">premi\u00e8re rencontre simultan\u00e9e entre leurs leaders<\/a>, le 3\u00a0septembre dernier \u00e0 P\u00e9kin, \u00e0 l\u2019occasion d\u2019un d\u00e9fil\u00e9 comm\u00e9morant le 80e\u00a0anniversaire de la fin de la Seconde Guerre mondiale \u2013 renvoie \u00e0 une coalition d\u2019opportunit\u00e9 particuli\u00e8rement dangereuse pour la s\u00e9curit\u00e9 europ\u00e9enne. Ce que ni Bruxelles, ni Washington n\u2019ont su, ou voulu prendre en compte pour le second, pour qui <a target=\"_blank\" href=\"https:\/\/fr.euronews.com\/2025\/07\/15\/accord-etats-unis-otan-pour-la-livraison-darmes-a-lukraine-que-recevra-kyiv\" rel=\"noopener\">l\u2019aide militaire \u00e0 Kiev s\u2019est mu\u00e9e en opportunit\u00e9 commerciale<\/a>.<\/p>\n<p>Plus fondamentalement, le rapprochement entre la Chine, la Russie et la Cor\u00e9e du Nord (auquel les cercles strat\u00e9gistes am\u00e9ricains rajoutent l\u2019Iran sous l\u2019acronyme <a target=\"_blank\" href=\"https:\/\/www.csis.org\/special-initiatives\/CRINK-Axis\" rel=\"noopener\">CRINK, China, Russia, Iran, North Korea<\/a>) tend \u00e0 constituer un front anti-occidental face \u00e0 un ensemble euro-atlantique fragment\u00e9. Il affirme d\u2019ailleurs un certain niveau de coh\u00e9rence alors que les \u00c9tats-Unis n\u2019entendent plus assumer leur r\u00f4le de leader traditionnel du lib\u00e9ralisme international. Aux c\u00f4t\u00e9s de la Chine et de la Russie, la Cor\u00e9e du Nord contribue ainsi au narratif d\u2019un Sud prenant sa revanche contre un Nord donneur de le\u00e7ons et pratiquant les doubles standards quant au respect du droit international.<\/p>\n<p>S\u00e9curit\u00e9 asiatique versus s\u00e9curit\u00e9 euroatlantique<\/p>\n<p>Le ph\u00e9nom\u00e8ne le plus marquant r\u00e9sultant de la constitution de l\u2019axe Russie-Cor\u00e9e du Nord-Chine est la porosit\u00e9 entre les th\u00e9\u00e2tres asiatique et europ\u00e9en, les pays d\u2019Asie s\u2019impliquant d\u00e9sormais davantage dans les questions de s\u00e9curit\u00e9 europ\u00e9enne.<\/p>\n<p>L\u2019int\u00e9r\u00eat grandissant de <a target=\"_blank\" href=\"https:\/\/www.swp-berlin.org\/publikation\/south-koreas-ever-closer-relations-with-nato\" rel=\"noopener\">S\u00e9oul<\/a> et de <a target=\"_blank\" href=\"https:\/\/www.atlanticcouncil.org\/blogs\/new-atlanticist\/why-has-japan-deployed-fighter-jets-to-nato-bases-in-the-us-canada-and-europe\/\" rel=\"noopener\">Tokyo<\/a> envers l\u2019Organisation du trait\u00e9 de l\u2019Atlantique Nord (Otan) et leur souci d\u2019accro\u00eetre la coop\u00e9ration avec l\u2019Alliance en \u00e9largissant les interactions conjointes \u00e0 travers le <a target=\"_blank\" href=\"https:\/\/www.nato.int\/fr\/what-we-do\/partnerships-and-cooperation\/relations-with-partners-in-the-indo-pacific-region\" rel=\"noopener\">m\u00e9canisme de Dialogue Otan-pays partenaires de l\u2019Indo-Pacifique<\/a> (Australie, Cor\u00e9e du Sud-Japon-Nouvelle-Z\u00e9lande) en t\u00e9moigne.<\/p>\n<p>L\u2019ancien pr\u00e9sident Yoon (il a \u00e9t\u00e9 <a target=\"_blank\" href=\"https:\/\/www.lemonde.fr\/international\/article\/2025\/04\/04\/en-coree-du-sud-la-cour-constitutionnelle-valide-la-destitution-du-president-yoon-suk-yeol_6590589_3210.html\" rel=\"noopener\">destitu\u00e9 en avril 2025<\/a>) a manifest\u00e9 son soutien \u00e0 l\u2019Ukraine d\u00e8s 2022 par une aide humanitaire et \u00e9conomique massive, y compris en livrant des \u00e9quipements militaires non l\u00e9taux de protection.<\/p>\n<p>La Cor\u00e9e du Sud, qui est un acteur industriel tr\u00e8s actif en mati\u00e8re d\u2019exportation d\u2019armements, a diversifi\u00e9 son aide militaire en livrant des \u00e9quipements lourds (munitions, chars, lance-roquettes multiples) \u00e0 plusieurs pays europ\u00e9ens \u2013 Norv\u00e8ge, Finlande, Estonie et principalement la Pologne, comme elle fid\u00e8le alli\u00e9 des \u00c9tats-Unis au sein de l\u2019Otan. La coop\u00e9ration industrielle en mati\u00e8re d\u2019armement entre S\u00e9oul et Varsovie devrait par ailleurs <a target=\"_blank\" href=\"https:\/\/www.irsem.fr\/storage\/file_manager_files\/2025\/03\/nr-irsem-140-paik.pdf\" rel=\"noopener\">se poursuivre<\/a>, permettant \u00e0 la Cor\u00e9e du Sud de participer durablement \u00e0 la s\u00e9curit\u00e9 de l\u2019Europe et, plus largement, \u00e0 celle de l\u2019Otan.<\/p>\n<p>Prendre en compte la nouvelle r\u00e9alit\u00e9<\/p>\n<p>Le Japon et la Cor\u00e9e du Sud peuvent-ils s\u2019impliquer davantage dans la guerre russo-ukrainienne et contribuer \u00e0 une sortie de crise qui d\u00e9boucherait sur des n\u00e9gociations \u00e9quilibr\u00e9es\u00a0? Il est de plus en plus difficile de nier l\u2019impact de la guerre en Ukraine sur les \u00e9quilibres strat\u00e9giques en train de se red\u00e9ployer en Asie et de maintenir des partenaires comme la Cor\u00e9e du Sud et le Japon en marge de l\u2019Otan, ce qui revient \u00e0 ne pas prendre en compte leurs capacit\u00e9s \u00e0 renforcer les efforts europ\u00e9ens en faveur de la r\u00e9sistance ukrainienne.<\/p>\n<p>Nier la r\u00e9alit\u00e9 d\u2019un front commun regroupant Russie, Cor\u00e9e du Nord et Chine serait une erreur d\u2019appr\u00e9ciation strat\u00e9gique qui peut se retourner contre la s\u00e9curit\u00e9 europ\u00e9enne alors que le discours chinois sur la gouvernance mondiale s\u2019impose de plus en plus au sein du \u00ab\u00a0Sud Global\u00a0\u00bb.<img loading=\"lazy\" decoding=\"async\" style=\"border: none !important; box-shadow: none !important; margin: 0 !important; max-height: 1px !important; max-width: 1px !important; min-height: 1px !important; min-width: 1px !important; opacity: 0 !important; outline: none !important; padding: 0 !important;\" src=\"data:image\/svg+xml,%3Csvg%20xmlns=\" http:=\"\" alt=\"The Conversation\" width=\"1\" height=\"1\" data-lazy-src=\"https:\/\/www.europesays.com\/fr\/wp-content\/uploads\/2025\/12\/1767159256_4_count.gif\"\/><\/p>\n<p><a target=\"_blank\" href=\"https:\/\/theconversation.com\/profiles\/marianne-peron-doise-217799\" rel=\"noopener\">Marianne P\u00e9ron-Doise<\/a>, Chercheur Indo-Pacifique et S\u00e9curit\u00e9 maritime Internationale, charg\u00e9 de cours S\u00e9curit\u00e9 maritime, <a target=\"_blank\" href=\"https:\/\/theconversation.com\/institutions\/sciences-po-2196\" rel=\"noopener\">Sciences Po <\/a><\/p>\n<p>Cet article est republi\u00e9 \u00e0 partir de <a target=\"_blank\" href=\"https:\/\/theconversation.com\" rel=\"noopener\">The Conversation<\/a> sous licence Creative Commons. Lire l\u2019<a target=\"_blank\" href=\"https:\/\/theconversation.com\/la-coree-du-nord-la-guerre-en-ukraine-et-le-theatre-indo-pacifique-269955\" rel=\"noopener\">article original<\/a>.<\/p>\n","protected":false},"excerpt":{"rendered":"Marianne P\u00e9ron-Doise, Sciences Po En octobre 2024, la r\u00e9v\u00e9lation de la pr\u00e9sence de militaires nord-cor\u00e9ens sur le front&hellip;\n","protected":false},"author":2,"featured_media":631419,"comment_status":"","ping_status":"","sticky":false,"template":"","format":"standard","meta":{"footnotes":""},"categories":[1591],"tags":[11,13987,1887,12,1885,1886,132],"class_list":{"0":"post-631418","1":"post","2":"type-post","3":"status-publish","4":"format-standard","5":"has-post-thumbnail","7":"category-russie","8":"tag-actualites","9":"tag-coree-du-nord","10":"tag-federation-de-russie","11":"tag-news","12":"tag-russia","13":"tag-russian-federation","14":"tag-russie"},"share_on_mastodon":{"url":"https:\/\/pubeurope.com\/@fr\/115812555974134826","error":""},"_links":{"self":[{"href":"https:\/\/www.europesays.com\/fr\/wp-json\/wp\/v2\/posts\/631418","targetHints":{"allow":["GET"]}}],"collection":[{"href":"https:\/\/www.europesays.com\/fr\/wp-json\/wp\/v2\/posts"}],"about":[{"href":"https:\/\/www.europesays.com\/fr\/wp-json\/wp\/v2\/types\/post"}],"author":[{"embeddable":true,"href":"https:\/\/www.europesays.com\/fr\/wp-json\/wp\/v2\/users\/2"}],"replies":[{"embeddable":true,"href":"https:\/\/www.europesays.com\/fr\/wp-json\/wp\/v2\/comments?post=631418"}],"version-history":[{"count":0,"href":"https:\/\/www.europesays.com\/fr\/wp-json\/wp\/v2\/posts\/631418\/revisions"}],"wp:featuredmedia":[{"embeddable":true,"href":"https:\/\/www.europesays.com\/fr\/wp-json\/wp\/v2\/media\/631419"}],"wp:attachment":[{"href":"https:\/\/www.europesays.com\/fr\/wp-json\/wp\/v2\/media?parent=631418"}],"wp:term":[{"taxonomy":"category","embeddable":true,"href":"https:\/\/www.europesays.com\/fr\/wp-json\/wp\/v2\/categories?post=631418"},{"taxonomy":"post_tag","embeddable":true,"href":"https:\/\/www.europesays.com\/fr\/wp-json\/wp\/v2\/tags?post=631418"}],"curies":[{"name":"wp","href":"https:\/\/api.w.org\/{rel}","templated":true}]}}