{"id":631435,"date":"2025-12-31T05:43:11","date_gmt":"2025-12-31T05:43:11","guid":{"rendered":"https:\/\/www.europesays.com\/fr\/631435\/"},"modified":"2025-12-31T05:43:11","modified_gmt":"2025-12-31T05:43:11","slug":"un-titre-de-champion-de-france-pour-marciano-capocchiani","status":"publish","type":"post","link":"https:\/\/www.europesays.com\/fr\/631435\/","title":{"rendered":"Un titre de champion de France pour Marciano Capocchiani"},"content":{"rendered":"<p>Toujours plus haut pour Marciano Capocchiani. Apr\u00e8s un titre de vice-champion de France de trampoline obtenu l\u2019ann\u00e9e derni\u00e8re, le jeune Poulxois de 11 ans vient de d\u00e9crocher un titre de champion de France par \u00e9quipes en National 2 \u00e0 Arques dans le Pas-de-Calais.<\/p>\n<p>Plus jeune comp\u00e9titeur au milieu des trois adultes de son groupe, il a tenu son rang pour permettre \u00e0 son club, Kelo Trampo, de s\u2019imposer. Une performance quand on sait que le petit trampoliniste s\u2019entra\u00eene \u00e0 Saint-Laurent-du-Var depuis que son ancien club n\u00eemois des Allobroges n\u2019a pas plus d\u2019entra\u00eeneur dans sa discipline. Ce r\u00e9sultat au plus haut niveau national est de bon augure alors que la saison en individuel va bient\u00f4t commencer.<\/p>\n<p>\u00c0 noter que sa grande s\u0153ur, M\u00e9lina, vient quant \u00e0 elle de se qualifier pour les championnats de France de gymnastique rythmique en terminant 3e du concours r\u00e9gional de Montauban.<\/p>\n<p>Correspondant Midi Libre : 06 72 96 11 52<\/p>\n","protected":false},"excerpt":{"rendered":"Toujours plus haut pour Marciano Capocchiani. Apr\u00e8s un titre de vice-champion de France de trampoline obtenu l\u2019ann\u00e9e derni\u00e8re,&hellip;\n","protected":false},"author":2,"featured_media":631436,"comment_status":"","ping_status":"","sticky":false,"template":"","format":"standard","meta":{"footnotes":""},"categories":[4],"tags":[11,1011,27,2679,15465,12,74032,25,517],"class_list":{"0":"post-631435","1":"post","2":"type-post","3":"status-publish","4":"format-standard","5":"has-post-thumbnail","7":"category-france","8":"tag-actualites","9":"tag-fr","10":"tag-france","11":"tag-gard","12":"tag-gymnastique","13":"tag-news","14":"tag-poulx","15":"tag-republique-francaise","16":"tag-sport"},"share_on_mastodon":{"url":"https:\/\/pubeurope.com\/@fr\/115812591368620817","error":""},"_links":{"self":[{"href":"https:\/\/www.europesays.com\/fr\/wp-json\/wp\/v2\/posts\/631435","targetHints":{"allow":["GET"]}}],"collection":[{"href":"https:\/\/www.europesays.com\/fr\/wp-json\/wp\/v2\/posts"}],"about":[{"href":"https:\/\/www.europesays.com\/fr\/wp-json\/wp\/v2\/types\/post"}],"author":[{"embeddable":true,"href":"https:\/\/www.europesays.com\/fr\/wp-json\/wp\/v2\/users\/2"}],"replies":[{"embeddable":true,"href":"https:\/\/www.europesays.com\/fr\/wp-json\/wp\/v2\/comments?post=631435"}],"version-history":[{"count":0,"href":"https:\/\/www.europesays.com\/fr\/wp-json\/wp\/v2\/posts\/631435\/revisions"}],"wp:featuredmedia":[{"embeddable":true,"href":"https:\/\/www.europesays.com\/fr\/wp-json\/wp\/v2\/media\/631436"}],"wp:attachment":[{"href":"https:\/\/www.europesays.com\/fr\/wp-json\/wp\/v2\/media?parent=631435"}],"wp:term":[{"taxonomy":"category","embeddable":true,"href":"https:\/\/www.europesays.com\/fr\/wp-json\/wp\/v2\/categories?post=631435"},{"taxonomy":"post_tag","embeddable":true,"href":"https:\/\/www.europesays.com\/fr\/wp-json\/wp\/v2\/tags?post=631435"}],"curies":[{"name":"wp","href":"https:\/\/api.w.org\/{rel}","templated":true}]}}