{"id":631440,"date":"2025-12-31T05:51:11","date_gmt":"2025-12-31T05:51:11","guid":{"rendered":"https:\/\/www.europesays.com\/fr\/631440\/"},"modified":"2025-12-31T05:51:11","modified_gmt":"2025-12-31T05:51:11","slug":"evenepoel-tourne-definitivement-la-page-soudal-quick-step","status":"publish","type":"post","link":"https:\/\/www.europesays.com\/fr\/631440\/","title":{"rendered":"Evenepoel tourne d\u00e9finitivement la page Soudal-Quick-Step"},"content":{"rendered":"<p><strong>Dans un message publi\u00e9 sur X,<br \/>\nRemco Evenepoel a salu\u00e9 Soudal-Quick-Step, sa future ancienne<br \/>\n\u00e9quipe. En 2026, le Belge portera les couleurs de RedBull<br \/>\nBora-Hansgrohe.<\/strong><\/p>\n<p>Dans un peu plus d\u2019un jour, Remco Evenepoel ne sera plus un<br \/>\nmembre du \u00ab Wolfpack \u00bb, le c\u00e9l\u00e8bre surnom des coureurs de l\u2019\u00e9quipe<br \/>\nSoudal \u2013 Quick-Step. Le 5 ao\u00fbt dernier, le Belge s\u2019est<br \/>\nofficiellement engag\u00e9 en faveur de RedBull Bora-Hansgrohe, une<br \/>\nformation aux ambitions tr\u00e8s \u00e9lev\u00e9es, 5\u00e8me du classement UCI cette<br \/>\nsaison et un budget estim\u00e9 aux alentours des 50 millions d\u2019euros.<br \/>\nC\u2019est donc une toute nouvelle trajectoire qu\u2019emprunte le champion<br \/>\nolympique sur route et du contre-la-montre en titre.<\/p>\n<p>Deux ans apr\u00e8s son arriv\u00e9e au sein de l\u2019\u00e9quipe anciennement<br \/>\nmanag\u00e9e par Patrick Lef\u00e9v\u00e8re, Remco Evenepoel avait indiqu\u00e9 en<br \/>\n2021, au moment de sa prolongation pour cinq ans : \u00ab Un vrai<br \/>\nloup ne quitte jamais la meute \u00bb. Ce n\u2019est donc plus tout \u00e0<br \/>\nfait vrai. N\u00e9anmoins, le Belge de 25 ans a tenu \u00e0 adresser un<br \/>\nmessage \u00e0 sa future ex-formation. \u00ab Quel voyage\u2026 D\u2019un gar\u00e7on<br \/>\nqui r\u00eavait \u00e0 un homme qui poursuit ses r\u00eaves. Les mots me manquent<br \/>\npour d\u00e9crire ces sept derni\u00e8res saisons. Les victoires, les revers,<br \/>\nles le\u00e7ons apprises, le soutien de tous\u2026 Je leur serai<br \/>\n\u00e9ternellement reconnaissant. Je suis reconnaissant envers mes<br \/>\nco\u00e9quipiers devenus des amis, envers tous ceux qui ont cru en moi,<br \/>\nenvers tous ceux qui ont fait de cette aventure un moment<br \/>\ninoubliable. Merci. \u00bb<\/p>\n<p>Un palmar\u00e8s bien garni<\/p>\n<p>Apr\u00e8s donc sept ans de bons et loyaux services, Remco Evenepoel<br \/>\nquitte le giron belge pour la formation allemande. Et avec quelques<br \/>\nbouquets en poche. Double vainqueur de Li\u00e8ge-Bastogne-Li\u00e8ge (2022,<br \/>\n2023), le coureur \u00e9quip\u00e9 par Specialized a aussi gagn\u00e9 \u00e0 trois<br \/>\nreprises la Classique San Sebastian (2019, 2022, 2023) comme le<br \/>\nTour de l\u2019Algarve (2020, 2022, 2024), la Vuelta (2022), le Tour de<br \/>\nPologne (2020), l\u2019UAE Tour (2023), et aussi deux \u00e9tapes au Tour de<br \/>\nFrance (2024, 2025) m\u00eame s\u2019il reste sur un abandon en 2025.<\/p>\n","protected":false},"excerpt":{"rendered":"Dans un message publi\u00e9 sur X, Remco Evenepoel a salu\u00e9 Soudal-Quick-Step, sa future ancienne \u00e9quipe. En 2026, le&hellip;\n","protected":false},"author":2,"featured_media":631441,"comment_status":"","ping_status":"","sticky":false,"template":"","format":"standard","meta":{"footnotes":""},"categories":[1411],"tags":[1154,207,1011,27,57681,60],"class_list":{"0":"post-631440","1":"post","2":"type-post","3":"status-publish","4":"format-standard","5":"has-post-thumbnail","7":"category-cyclisme","8":"tag-cycling","9":"tag-cyclisme","10":"tag-fr","11":"tag-france","12":"tag-sport365-fr","13":"tag-sports"},"share_on_mastodon":{"url":"https:\/\/pubeurope.com\/@fr\/115812623006845821","error":""},"_links":{"self":[{"href":"https:\/\/www.europesays.com\/fr\/wp-json\/wp\/v2\/posts\/631440","targetHints":{"allow":["GET"]}}],"collection":[{"href":"https:\/\/www.europesays.com\/fr\/wp-json\/wp\/v2\/posts"}],"about":[{"href":"https:\/\/www.europesays.com\/fr\/wp-json\/wp\/v2\/types\/post"}],"author":[{"embeddable":true,"href":"https:\/\/www.europesays.com\/fr\/wp-json\/wp\/v2\/users\/2"}],"replies":[{"embeddable":true,"href":"https:\/\/www.europesays.com\/fr\/wp-json\/wp\/v2\/comments?post=631440"}],"version-history":[{"count":0,"href":"https:\/\/www.europesays.com\/fr\/wp-json\/wp\/v2\/posts\/631440\/revisions"}],"wp:featuredmedia":[{"embeddable":true,"href":"https:\/\/www.europesays.com\/fr\/wp-json\/wp\/v2\/media\/631441"}],"wp:attachment":[{"href":"https:\/\/www.europesays.com\/fr\/wp-json\/wp\/v2\/media?parent=631440"}],"wp:term":[{"taxonomy":"category","embeddable":true,"href":"https:\/\/www.europesays.com\/fr\/wp-json\/wp\/v2\/categories?post=631440"},{"taxonomy":"post_tag","embeddable":true,"href":"https:\/\/www.europesays.com\/fr\/wp-json\/wp\/v2\/tags?post=631440"}],"curies":[{"name":"wp","href":"https:\/\/api.w.org\/{rel}","templated":true}]}}