{"id":631446,"date":"2025-12-31T05:54:16","date_gmt":"2025-12-31T05:54:16","guid":{"rendered":"https:\/\/www.europesays.com\/fr\/631446\/"},"modified":"2025-12-31T05:54:16","modified_gmt":"2025-12-31T05:54:16","slug":"il-sculpte-des-oeuvres-dart-en-bois-a-la-tronconneuse","status":"publish","type":"post","link":"https:\/\/www.europesays.com\/fr\/631446\/","title":{"rendered":"Il sculpte des oeuvres d\u2019art en bois\u2026 \u00e0 la tron\u00e7onneuse !"},"content":{"rendered":"<p>Quand David Rodot allume sa tron\u00e7onneuse, ce n\u2019est pas pour faire un massacre. Depuis bient\u00f4t 15 ans, l\u2019artisan jurassien \u00e0 la renomm\u00e9e locale \u2013 et m\u00eame nationale \u2013 transforme de coriaces troncs d\u2019arbres en de v\u00e9ritables oeuvres d\u2019art : lynx, crocodiles, chamois, gros nounours, personnages de s\u00e9rie\u2026 et m\u00eame la statue de la Libert\u00e9, in wood please ! Rien \u00e0 redire : le r\u00e9sultat est tout simplement sciant.<\/p>\n","protected":false},"excerpt":{"rendered":"Quand David Rodot allume sa tron\u00e7onneuse, ce n\u2019est pas pour faire un massacre. Depuis bient\u00f4t 15 ans, l\u2019artisan&hellip;\n","protected":false},"author":2,"featured_media":631447,"comment_status":"","ping_status":"","sticky":false,"template":"","format":"standard","meta":{"footnotes":""},"categories":[1358],"tags":[1348,1384,1385,1386,58,59,1011,27],"class_list":{"0":"post-631446","1":"post","2":"type-post","3":"status-publish","4":"format-standard","5":"has-post-thumbnail","7":"category-arts-et-design","8":"tag-arts","9":"tag-arts-and-design","10":"tag-arts-et-design","11":"tag-design","12":"tag-divertissement","13":"tag-entertainment","14":"tag-fr","15":"tag-france"},"share_on_mastodon":{"url":"https:\/\/pubeurope.com\/@fr\/115812634645398711","error":""},"_links":{"self":[{"href":"https:\/\/www.europesays.com\/fr\/wp-json\/wp\/v2\/posts\/631446","targetHints":{"allow":["GET"]}}],"collection":[{"href":"https:\/\/www.europesays.com\/fr\/wp-json\/wp\/v2\/posts"}],"about":[{"href":"https:\/\/www.europesays.com\/fr\/wp-json\/wp\/v2\/types\/post"}],"author":[{"embeddable":true,"href":"https:\/\/www.europesays.com\/fr\/wp-json\/wp\/v2\/users\/2"}],"replies":[{"embeddable":true,"href":"https:\/\/www.europesays.com\/fr\/wp-json\/wp\/v2\/comments?post=631446"}],"version-history":[{"count":0,"href":"https:\/\/www.europesays.com\/fr\/wp-json\/wp\/v2\/posts\/631446\/revisions"}],"wp:featuredmedia":[{"embeddable":true,"href":"https:\/\/www.europesays.com\/fr\/wp-json\/wp\/v2\/media\/631447"}],"wp:attachment":[{"href":"https:\/\/www.europesays.com\/fr\/wp-json\/wp\/v2\/media?parent=631446"}],"wp:term":[{"taxonomy":"category","embeddable":true,"href":"https:\/\/www.europesays.com\/fr\/wp-json\/wp\/v2\/categories?post=631446"},{"taxonomy":"post_tag","embeddable":true,"href":"https:\/\/www.europesays.com\/fr\/wp-json\/wp\/v2\/tags?post=631446"}],"curies":[{"name":"wp","href":"https:\/\/api.w.org\/{rel}","templated":true}]}}